{"id":16247,"date":"2024-01-25T11:42:14","date_gmt":"2024-01-25T14:42:14","guid":{"rendered":"https:\/\/novasdodia.com.br\/index.php\/2024\/01\/25\/no-radar-dos-brasileiros-bonito-e-o-8o-destino-mais-desejado-do-pais-prefeitura-municipal-de-bonito\/"},"modified":"2024-01-25T11:42:14","modified_gmt":"2024-01-25T14:42:14","slug":"no-radar-dos-brasileiros-bonito-e-o-8o-destino-mais-desejado-do-pais-prefeitura-municipal-de-bonito","status":"publish","type":"post","link":"https:\/\/novasdodia.com.br\/index.php\/2024\/01\/25\/no-radar-dos-brasileiros-bonito-e-o-8o-destino-mais-desejado-do-pais-prefeitura-municipal-de-bonito\/","title":{"rendered":"No radar dos brasileiros, Bonito \u00e9 o 8\u00ba destino mais desejado do pa\u00eds &#8211; Prefeitura Municipal de Bonito"},"content":{"rendered":"<p><\/p>\n<div>\n<div class=\"td-post-featured-image\">\n<figure><figcaption class=\"wp-caption-text\">Est\u00e2ncia Mimosa &#8211; Foto: Fernando Peres<\/figcaption><\/figure>\n<\/div>\n<p>O Minist\u00e9rio do Turismo divulgou nesta semana, pesquisa realizada pelo Instituto de Pesquisa de Rela\u00e7\u00f5es Internacionais (IPRI) sobre o cen\u00e1rio do turismo brasileiro, apontando o perfil dos turistas, quais suas prefer\u00eancias na hora de escolher uma viagem, se v\u00e3o de carro ou transporte compartilhado, quantos pretendem gastar e quantos dias ficar, bem como os destinos mais conhecidos e os mais desejados, nos quais Bonito (MS) foi destaque nas duas categorias.<\/p>\n<p>Segundo a pesquisa, Bonito \u00e9 o 11\u00ba destino mais conhecido pelos brasileiros e o 8\u00ba mais desejado. As informa\u00e7\u00f5es v\u00e3o de encontro com os relat\u00f3rios apresentados Observat\u00f3rio do Turismo e Eventos de Bonito (OTEB), coordenado pelo Bonito Convention e Visitors Bureau, nos quais Bonito vem batendo recordes de visita\u00e7\u00f5es desde 2021. S\u00f3 no ano passado, por exemplo, a cidade recebeu 313.316 turistas, contabilizando 909.605 visita\u00e7\u00f5es aos atrativos.<\/p>\n<figure class=\"wp-block-gallery has-nested-images columns-default is-cropped wp-block-gallery-1 is-layout-flex wp-block-gallery-is-layout-flex\">\n<figure class=\"wp-block-image size-large\"><\/figure>\n<figure class=\"wp-block-image size-large\"><\/figure>\n<\/figure>\n<p>Para a secret\u00e1ria de Turismo, Ind\u00fastria e Com\u00e9rcio de Bonito, Juliane Salvadori, esse reconhecimento do munic\u00edpio no cen\u00e1rio nacional \u00e9 resultado de um trabalho intenso de divulga\u00e7\u00e3o e promo\u00e7\u00e3o do destino. \u201cSeja no nossos canais digitais, como participando de eventos nacionais e internacionais, em parceria com a Embratur e com o Governo de Mato Grosso do Sul, por meio da Funda\u00e7\u00e3o de Turismo de MS e tamb\u00e9m participando de projetos a n\u00edvel nacional relacionados ao turismo, assim como o projeto de neutraliza\u00e7\u00e3o do carbono, que n\u00f3s estamos desenvolvendo desde 2021\u201d.<\/p>\n<p>A pesquisa apontou que 69% dos brasileiros viajam ao menos uma vez por ano e essa viagem, em 70% das vezes, acontece em fam\u00edlia. Carros pr\u00f3prios e \u00f4nibus s\u00e3o os meios de transporte mais utilizados pelos brasileiros, enquanto o avi\u00e3o \u00e9 citado como meio frequente para 23% das pessoas, somente. Os n\u00fameros tamb\u00e9m s\u00e3o similares no cen\u00e1rio municipal, uma vez que o Aeroporto Regional de Bonito recebeu 60.220 em 2023, o que corresponde a pouco menos de 20% do total de visitantes do ano no munic\u00edpio.<\/p>\n<p>O IPRI realizou 2.029 entrevistas domiciliares com cidad\u00e3os com idade a partir de 16 anos, nas 27 Unidades da Federa\u00e7\u00e3o (UFs). A margem de erro no total da amostra \u00e9 de 2 pp, com intervalo de confian\u00e7a de 95%. A amostra \u00e9 controlada a partir de quotas de: (a) sexo, (b) idade, (c) regi\u00e3o, (d) escolaridade e (e) renda. As entrevistas foram realizadas entre 07 e 11 de dezembro de 2023.<\/p>\n<p>Confira a pesquisa completa:<\/p>\n<\/p><\/div>\n","protected":false},"excerpt":{"rendered":"<p>Est\u00e2ncia Mimosa &#8211; Foto: Fernando Peres O Minist\u00e9rio do Turismo divulgou nesta semana, pesquisa realizada pelo Instituto de Pesquisa de Rela\u00e7\u00f5es Internacionais (IPRI) sobre o cen\u00e1rio do turismo brasileiro, apontando o perfil dos turistas, quais suas prefer\u00eancias na hora de escolher uma viagem, se v\u00e3o de carro ou transporte compartilhado, quantos pretendem gastar e quantos [&hellip;]<\/p>\n","protected":false},"author":1,"featured_media":0,"comment_status":"open","ping_status":"open","sticky":false,"template":"","format":"standard","meta":{"footnotes":""},"categories":[],"tags":[],"class_list":["post-16247","post","type-post","status-publish","format-standard","hentry"],"amp_enabled":true,"_links":{"self":[{"href":"https:\/\/novasdodia.com.br\/index.php\/wp-json\/wp\/v2\/posts\/16247","targetHints":{"allow":["GET"]}}],"collection":[{"href":"https:\/\/novasdodia.com.br\/index.php\/wp-json\/wp\/v2\/posts"}],"about":[{"href":"https:\/\/novasdodia.com.br\/index.php\/wp-json\/wp\/v2\/types\/post"}],"author":[{"embeddable":true,"href":"https:\/\/novasdodia.com.br\/index.php\/wp-json\/wp\/v2\/users\/1"}],"replies":[{"embeddable":true,"href":"https:\/\/novasdodia.com.br\/index.php\/wp-json\/wp\/v2\/comments?post=16247"}],"version-history":[{"count":0,"href":"https:\/\/novasdodia.com.br\/index.php\/wp-json\/wp\/v2\/posts\/16247\/revisions"}],"wp:attachment":[{"href":"https:\/\/novasdodia.com.br\/index.php\/wp-json\/wp\/v2\/media?parent=16247"}],"wp:term":[{"taxonomy":"category","embeddable":true,"href":"https:\/\/novasdodia.com.br\/index.php\/wp-json\/wp\/v2\/categories?post=16247"},{"taxonomy":"post_tag","embeddable":true,"href":"https:\/\/novasdodia.com.br\/index.php\/wp-json\/wp\/v2\/tags?post=16247"}],"curies":[{"name":"wp","href":"https:\/\/api.w.org\/{rel}","templated":true}]}}