{"id":16636,"date":"2024-01-31T08:35:10","date_gmt":"2024-01-31T11:35:10","guid":{"rendered":"https:\/\/novasdodia.com.br\/index.php\/2024\/01\/31\/programa-party-comeca-com-curso-para-estudantes-de-medicina\/"},"modified":"2024-01-31T08:35:10","modified_gmt":"2024-01-31T11:35:10","slug":"programa-party-comeca-com-curso-para-estudantes-de-medicina","status":"publish","type":"post","link":"https:\/\/novasdodia.com.br\/index.php\/2024\/01\/31\/programa-party-comeca-com-curso-para-estudantes-de-medicina\/","title":{"rendered":"Programa Party come\u00e7a com curso para estudantes de medicina"},"content":{"rendered":"<p><\/p>\n<div>\n<p><b>Sheila Faria<\/b><br \/>&#13;<br \/>\n&#13;<br \/>\n                <span style=\"font-weight: bold;\">Secretaria de Sa\u00fade<\/span><\/p>\n<p><span style=\"font-weight: 400;\">Calouros da Faculdade de Ci\u00eancias M\u00e9dicas Humanitas, de S\u00e3o Jos\u00e9 dos Campos, participaram na segunda-feira (29) da primeira edi\u00e7\u00e3o de 2024 do programa Party, de preven\u00e7\u00e3o de traumas relacionados ao uso de \u00e1lcool e dire\u00e7\u00e3o por jovens.<\/span><\/p>\n<p><span style=\"font-weight: 400;\">O evento foi realizado no anfiteatro do Hospital Municipal para cerca de 70 estudantes de medicina, com palestras de profissionais que fazem parte do programa, exibi\u00e7\u00e3o de v\u00eddeos e depoimentos.<\/span><\/p>\n<p><span style=\"font-weight: 400;\">O Party \u00e9 uma iniciativa conjunta do Hospital Municipal, Centro de Reabilita\u00e7\u00e3o Lucy Montoro, Prefeitura, Samu, Corpo do Bombeiros e Pol\u00edcia Rodovi\u00e1ria Federal.<\/span><\/p>\n<p><span style=\"font-weight: 400;\">O objetivo \u00e9 alertar os jovens sobre os riscos de morte e sequelas graves em consequ\u00eancia de acidentes de tr\u00e2nsito envolvendo o consumo de \u00e1lcool ou desrespeito \u00e0s leis de tr\u00e2nsito.<\/span><\/p>\n<p><span class=\"intertitulo\">Impacto<\/span><\/p>\n<p><span style=\"font-weight: 400;\">Os depoimentos de William Silvestre e Michael Jesus dos Santos encerraram o evento. William ficou parapl\u00e9gico e Michael teve metade da perna amputada em consequ\u00eancia de um acidente. Nenhum dos dois havia consumido \u00e1lcool, mas no caso de William o outro motorista estava sob efeito de bebida.<\/span><\/p>\n<p><span style=\"font-weight: 400;\">As declara\u00e7\u00f5es foram impactantes, mostrando como a vida deles e das respectivas fam\u00edlias mudou em um segundo. \u201cTivemos que aceitar a nova realidade e nos adaptarmos para seguir nossa rotina\u201d, disse William.<\/span><\/p>\n<p><span class=\"intertitulo\">Reflex\u00e3o<\/span><\/p>\n<p><span style=\"font-weight: 400;\">\u201cFoi importante participar, foi uma oportunidade necess\u00e1ria para podermos pensar sobre esse tema\u201d, disse Victor Magalh\u00e3es, do Rio de Janeiro. Para Gabriel Borssato, de Varginha, a conscientiza\u00e7\u00e3o \u00e9 muito importante. \u201cMuitas pessoas usam celular enquanto dirigem ou consomem \u00e1lcool.\u201d<\/span><\/p>\n<p><span style=\"font-weight: 400;\">O professor Luiz Antonio Vane, diretor geral da faculdade, disse que faz quest\u00e3o de trazer os calouros, no primeiro dia de aula, para participar do Party.<\/span><\/p>\n<p><span style=\"font-weight: 400;\">\u201c\u00c9 um programa maravilhoso, que come\u00e7ou no Canad\u00e1, hoje est\u00e1 em v\u00e1rios pa\u00edses e desperta o jovem para uma realidade que pode come\u00e7ar com um simples deslize, como beber ou usar o celular enquanto dirige, e que pode tirar a pessoa da vida\u201d, afirmou Vane. \u201cNo Party, esse alerta \u00e9 feito por uma equipe multidisciplinar capacitada.\u201d<\/span><\/p>\n<p><span class=\"intertitulo\">Balan\u00e7o<\/span><\/p>\n<p><span style=\"font-weight: 400;\">Do total de pacientes atendidos por traumas pelo Centro de Reabilita\u00e7\u00e3o Lucy Montoro em 2023, cerca de 50% tinham menos de 30 anos. Na maioria s\u00e3o jovens que sofrem acidentes de tr\u00e2nsito.<\/span><\/p>\n<p><span style=\"font-weight: 400;\">Mantido pela Prefeitura e gerenciado pela SPDM (Associa\u00e7\u00e3o Paulista para o Desenvolvimento da Medicina), o Hospital Municipal tamb\u00e9m gerencia o Centro de Reabilita\u00e7\u00e3o Lucy Montoro, do Governo do Estado.<\/span><\/p>\n<p>&#13;<br \/>\n                        <strong>MAIS NOT\u00cdCIAS<\/strong><br \/>&#13;<br \/>\n                        Secretaria de Sa\u00fade&#13;\n                    <\/p>\n<\/p><\/div>\n","protected":false},"excerpt":{"rendered":"<p>Sheila Faria&#13; &#13; Secretaria de Sa\u00fade Calouros da Faculdade de Ci\u00eancias M\u00e9dicas Humanitas, de S\u00e3o Jos\u00e9 dos Campos, participaram na segunda-feira (29) da primeira edi\u00e7\u00e3o de 2024 do programa Party, de preven\u00e7\u00e3o de traumas relacionados ao uso de \u00e1lcool e dire\u00e7\u00e3o por jovens. O evento foi realizado no anfiteatro do Hospital Municipal para cerca de [&hellip;]<\/p>\n","protected":false},"author":1,"featured_media":0,"comment_status":"open","ping_status":"open","sticky":false,"template":"","format":"standard","meta":{"footnotes":""},"categories":[1],"tags":[],"class_list":["post-16636","post","type-post","status-publish","format-standard","hentry","category-noticias"],"amp_enabled":true,"_links":{"self":[{"href":"https:\/\/novasdodia.com.br\/index.php\/wp-json\/wp\/v2\/posts\/16636","targetHints":{"allow":["GET"]}}],"collection":[{"href":"https:\/\/novasdodia.com.br\/index.php\/wp-json\/wp\/v2\/posts"}],"about":[{"href":"https:\/\/novasdodia.com.br\/index.php\/wp-json\/wp\/v2\/types\/post"}],"author":[{"embeddable":true,"href":"https:\/\/novasdodia.com.br\/index.php\/wp-json\/wp\/v2\/users\/1"}],"replies":[{"embeddable":true,"href":"https:\/\/novasdodia.com.br\/index.php\/wp-json\/wp\/v2\/comments?post=16636"}],"version-history":[{"count":0,"href":"https:\/\/novasdodia.com.br\/index.php\/wp-json\/wp\/v2\/posts\/16636\/revisions"}],"wp:attachment":[{"href":"https:\/\/novasdodia.com.br\/index.php\/wp-json\/wp\/v2\/media?parent=16636"}],"wp:term":[{"taxonomy":"category","embeddable":true,"href":"https:\/\/novasdodia.com.br\/index.php\/wp-json\/wp\/v2\/categories?post=16636"},{"taxonomy":"post_tag","embeddable":true,"href":"https:\/\/novasdodia.com.br\/index.php\/wp-json\/wp\/v2\/tags?post=16636"}],"curies":[{"name":"wp","href":"https:\/\/api.w.org\/{rel}","templated":true}]}}