{"id":16646,"date":"2024-01-31T11:59:09","date_gmt":"2024-01-31T14:59:09","guid":{"rendered":"https:\/\/novasdodia.com.br\/index.php\/2024\/01\/31\/sem-deixar-ninguem-para-tras-ministra-e-governo-de-ms-tem-encontro-com-mulheres-da-agricultura-familiar\/"},"modified":"2024-01-31T11:59:09","modified_gmt":"2024-01-31T14:59:09","slug":"sem-deixar-ninguem-para-tras-ministra-e-governo-de-ms-tem-encontro-com-mulheres-da-agricultura-familiar","status":"publish","type":"post","link":"https:\/\/novasdodia.com.br\/index.php\/2024\/01\/31\/sem-deixar-ninguem-para-tras-ministra-e-governo-de-ms-tem-encontro-com-mulheres-da-agricultura-familiar\/","title":{"rendered":"Sem deixar ningu\u00e9m para tr\u00e1s, ministra e Governo de MS t\u00eam encontro com mulheres da agricultura familiar"},"content":{"rendered":"<p><\/p>\n<div>\n<p><span style=\"font-weight: 400;\">Apesar da composi\u00e7\u00e3o da mesa de autoridades do audit\u00f3rio do Bioparque Pantanal, o palco foi delas. Na tarde de segunda-feira (29), as mulheres da agricultura familiar, quilombolas e ind\u00edgenas foram as protagonistas que, com o microfone em m\u00e3os, relataram as dificuldades, anseios e demandas sentidas por quem vive no campo, nos quilombos ou em aldeias ind\u00edgenas e tamb\u00e9m em contexto urbano.<\/span><\/p>\n<p><span style=\"font-weight: 400;\">A escuta foi feita pela ministra das Mulheres, Cida Gon\u00e7alves, a superintendente estadual do Minist\u00e9rio do Desenvolvimento Agr\u00e1rio e Agricultura Familiar, Marina Nunes Viana, a secret\u00e1ria de Estado da Cidadania, Viviane Luiza, subsecret\u00e1ria de Pol\u00edticas P\u00fablicas para Mulheres, Manuela Nicodemos, e demais parlamentares da bancada federal e estadual de MS.<\/span><\/p>\n<p><span style=\"font-weight: 400;\">O Encontro das Mulheres da Agricultura Familiar deu voz a representantes de movimentos que debateram sobre viol\u00eancia de g\u00eanero, documenta\u00e7\u00e3o e direitos \u00e0 cidadania dos povos origin\u00e1rios e das comunidades tradicionais.\u00a0<\/span><\/p>\n<div id=\"gallery-1\" class=\"gallery galleryid-463870 gallery-columns-1 gallery-size-large\">\n<figure class=\"gallery-item\">\n<div class=\"gallery-icon landscape\"><\/div><figcaption class=\"wp-caption-text gallery-caption\" id=\"gallery-1-463874\">\n\t\t\t\tCom a pequena Alice nos bra\u00e7os, Jana\u00edna quer saber das pol\u00edticas p\u00fablicas para as mulheres do campo<br \/>\n\t\t\t\t<\/figcaption><\/figure>\n<\/p><\/div>\n<p><span style=\"font-weight: 400;\">Representando a Liga Camponesas e Urbanas do Brasil, Jana\u00edna dos Santos Silva foi \u00e0 frente com a filha beb\u00ea nos bra\u00e7os. Acostumada a trabalhar com a pequena Alice, de 7 meses, no colo, a m\u00e3e perguntou o que est\u00e1 sendo planejado para as trabalhadoras do campo.<\/span><\/p>\n<p><span style=\"font-weight: 400;\">\u201cQuais as pol\u00edticas p\u00fablicas que o Governo Federal vai aplicar em prol da comunidade rural? Sabemos que existe a Lei Maria da Penha, que existem as leis trabalhistas, s\u00f3 que n\u00f3s tamb\u00e9m sabemos que a cultura no campo \u00e9 totalmente diferente. A gente quer saber quais pol\u00edticas ser\u00e3o implementadas de imediato, m\u00e9dio e longo prazo\u201d, questionou.<\/span><\/p>\n<p><span style=\"font-weight: 400;\">Vice-presidente da comunidade quilombola Tia Eva, Graziele Ferreira trouxe demandas territoriais e de assist\u00eancia. \u201cEstamos lutando h\u00e1 muitos anos por titula\u00e7\u00f5es, um posto de sa\u00fade, territ\u00f3rios para as crian\u00e7as brincarem, uma sala de atendimento \u00e0s mulheres, realiza\u00e7\u00e3o de encontros quilombolas e curso de forma\u00e7\u00e3o para os jovens\u201d, pontuou.\u00a0<\/span><\/p>\n<p><span style=\"font-weight: 400;\">Representando as mulheres ind\u00edgenas, Lilian Terena falou pelo n\u00facleo de articula\u00e7\u00e3o do contexto urbano, ao lado de duas cacicas mulheres. Entre as reivindica\u00e7\u00f5es, Lilian trouxe a pauta do atendimento \u00e0s mulheres ind\u00edgenas v\u00edtimas da viol\u00eancia de g\u00eanero.<\/span><\/p>\n<div id=\"gallery-2\" class=\"gallery galleryid-463870 gallery-columns-1 gallery-size-large\">\n<figure class=\"gallery-item\">\n<div class=\"gallery-icon landscape\"><\/div><figcaption class=\"wp-caption-text gallery-caption\" id=\"gallery-2-463873\">\n\t\t\t\tAo lado de cacicas, Lilian Terena pediu qualifica\u00e7\u00e3o \u00e0s mulheres ind\u00edgenas e olhar especial para atendimento delas na Casa da Mulher Brasileira<br \/>\n\t\t\t\t<\/figcaption><\/figure>\n<\/p><\/div>\n<p><span style=\"font-weight: 400;\">\u201cQuem est\u00e1 sofrendo s\u00e3o as mulheres ind\u00edgenas, as crian\u00e7as, filhas, netas. Gostaria de solicitar, por favor, que a Casa da Mulher Brasileira em Campo Grande tenha um grupo de mulheres ind\u00edgenas. Estou apelando para que tenha mais qualifica\u00e7\u00e3o e treinamento para que mulheres ind\u00edgenas ocupem seus espa\u00e7os. A viol\u00eancia contra a mulher e a crian\u00e7a ind\u00edgena \u00e9 uma realidade em qualquer lugar\u201d, enfatizou.<\/span><\/p>\n<p><span style=\"font-weight: 400;\">Para a superintendente do Minist\u00e9rio do Desenvolvimento Agr\u00e1rio e Agricultura Familiar, Marina Nunes Viana, o encontro proporcionou a escuta das mulheres em seus anseios vivenciados em acampamentos e assentamentos de todo o Estado.<\/span><\/p>\n<p><span style=\"font-weight: 400;\">\u201cHoje a gente tem uma diversidade de companheiras de luta da classe trabalhadora. Onde tem uma mulher, sempre v\u00e3o ter outras juntas, e assim segue. Este momento \u00e9 de grande import\u00e2ncia onde justamente com a Secretaria da Cidadania, vamos escut\u00e1-las\u201d, ressaltou Marina.<\/span><\/p>\n<p><span style=\"font-weight: 400;\">Da pasta da Cidadania do Estado, a subsecret\u00e1ria de Pol\u00edticas P\u00fablicas para a Promo\u00e7\u00e3o da Igualdade Racial, V\u00e2nia L\u00facia Duarte, engrandeceu este momento de fala. \u201cPoucas vezes as mulheres quilombolas t\u00eam essa oportunidade, e elas tamb\u00e9m s\u00e3o lideran\u00e7as, t\u00eam um protagonismo dentro das comunidades, s\u00e3o a for\u00e7a dos quilombos, e hoje elas trouxeram as suas pautas sobre territ\u00f3rio, educa\u00e7\u00e3o, sa\u00fade, moradia e a garantia de um futuro dentro dos territ\u00f3rios quilombolas\u201d, afirmou V\u00e2nia.<\/span><\/p>\n<p><span style=\"font-weight: 400;\">Rec\u00e9m-empossada na subsecretaria de Pol\u00edticas P\u00fablicas para Mulheres, Manuela Nicodemos chamou a aten\u00e7\u00e3o para a necessidade de discutir as pol\u00edticas p\u00fablicas para a diversidade de mulheres que comp\u00f5em Mato Grosso do Sul.<\/span><\/p>\n<p><span style=\"font-weight: 400;\">\u201cA viol\u00eancia contra a mulher \u00e9 muito mais perversa para as popula\u00e7\u00f5es tradicionais, por conta do n\u00e3o acesso \u00e0s pol\u00edticas p\u00fablicas e a dificuldade de acessar as pol\u00edticas p\u00fablicas, justamente por serem popula\u00e7\u00f5es mais afastadas do centro urbano, al\u00e9m de uma dimens\u00e3o de comportamentos, rela\u00e7\u00f5es de g\u00eanero, rela\u00e7\u00f5es sociais, rela\u00e7\u00f5es de poder. Ent\u00e3o, \u00e9 fundamental que as pol\u00edticas sejam pensadas para atender, de fato, \u00e0s especificidades desses grupos de trabalhadoras rurais, comunidades quilombolas, mulheres ind\u00edgenas, mulheres ribeirinhas\u201d, sustentou Manuela.<\/span><\/p>\n<p><span style=\"font-weight: 400;\">Ministra das Mulheres, Cida Gon\u00e7alves pontuou ser uma prioridade do Governo Federal a escuta de todas as mulheres. \u201cMeu papel hoje aqui \u00e9 sentar e anotar o que voc\u00eas falaram. Estamos ouvindo as mulheres onde elas estiverem, para saber quais s\u00e3o as principais demandas e quest\u00f5es para que n\u00f3s possamos, juntas, transformar pol\u00edticas p\u00fablicas\u201d.<\/span><\/p>\n<p><span style=\"font-weight: 400;\">A ministra ainda afirmou que o Governo Federal segue na articula\u00e7\u00e3o do PPA e or\u00e7amento para os pr\u00f3ximos anos, e que o encontro \u00e9 parte do in\u00edcio das discuss\u00f5es da confer\u00eancia nacional de pol\u00edticas para mulheres que acontecer\u00e1 em 2025.<\/span><\/p>\n<div id=\"gallery-3\" class=\"gallery galleryid-463870 gallery-columns-1 gallery-size-large\">\n<figure class=\"gallery-item\">\n<div class=\"gallery-icon landscape\"><\/div><figcaption class=\"wp-caption-text gallery-caption\" id=\"gallery-3-463872\">\n\t\t\t\tCom a presen\u00e7a da ministra das Mulheres, Cida Gon\u00e7alves, demandas e especificidades foram ouvidas durante encontro com agricultoras<br \/>\n\t\t\t\t<\/figcaption><\/figure>\n<\/p><\/div>\n<p><em>Paula Maciulevicius, Comunica\u00e7\u00e3o Governo de MS<\/em><br \/><em>Fotos: Bruno Rezende<\/em><\/p>\n<\/div>\n","protected":false},"excerpt":{"rendered":"<p>Apesar da composi\u00e7\u00e3o da mesa de autoridades do audit\u00f3rio do Bioparque Pantanal, o palco foi delas. Na tarde de segunda-feira (29), as mulheres da agricultura familiar, quilombolas e ind\u00edgenas foram as protagonistas que, com o microfone em m\u00e3os, relataram as dificuldades, anseios e demandas sentidas por quem vive no campo, nos quilombos ou em aldeias [&hellip;]<\/p>\n","protected":false},"author":1,"featured_media":0,"comment_status":"open","ping_status":"open","sticky":false,"template":"","format":"standard","meta":{"footnotes":""},"categories":[],"tags":[],"class_list":["post-16646","post","type-post","status-publish","format-standard","hentry"],"amp_enabled":true,"_links":{"self":[{"href":"https:\/\/novasdodia.com.br\/index.php\/wp-json\/wp\/v2\/posts\/16646","targetHints":{"allow":["GET"]}}],"collection":[{"href":"https:\/\/novasdodia.com.br\/index.php\/wp-json\/wp\/v2\/posts"}],"about":[{"href":"https:\/\/novasdodia.com.br\/index.php\/wp-json\/wp\/v2\/types\/post"}],"author":[{"embeddable":true,"href":"https:\/\/novasdodia.com.br\/index.php\/wp-json\/wp\/v2\/users\/1"}],"replies":[{"embeddable":true,"href":"https:\/\/novasdodia.com.br\/index.php\/wp-json\/wp\/v2\/comments?post=16646"}],"version-history":[{"count":0,"href":"https:\/\/novasdodia.com.br\/index.php\/wp-json\/wp\/v2\/posts\/16646\/revisions"}],"wp:attachment":[{"href":"https:\/\/novasdodia.com.br\/index.php\/wp-json\/wp\/v2\/media?parent=16646"}],"wp:term":[{"taxonomy":"category","embeddable":true,"href":"https:\/\/novasdodia.com.br\/index.php\/wp-json\/wp\/v2\/categories?post=16646"},{"taxonomy":"post_tag","embeddable":true,"href":"https:\/\/novasdodia.com.br\/index.php\/wp-json\/wp\/v2\/tags?post=16646"}],"curies":[{"name":"wp","href":"https:\/\/api.w.org\/{rel}","templated":true}]}}