{"id":16718,"date":"2024-02-01T11:10:56","date_gmt":"2024-02-01T14:10:56","guid":{"rendered":"https:\/\/novasdodia.com.br\/index.php\/2024\/02\/01\/prefeitura-de-sorocaba-da-inicio-a-revitalizacao-da-praca-da-bandeira-noticias\/"},"modified":"2024-02-01T11:10:56","modified_gmt":"2024-02-01T14:10:56","slug":"prefeitura-de-sorocaba-da-inicio-a-revitalizacao-da-praca-da-bandeira-noticias","status":"publish","type":"post","link":"https:\/\/novasdodia.com.br\/index.php\/2024\/02\/01\/prefeitura-de-sorocaba-da-inicio-a-revitalizacao-da-praca-da-bandeira-noticias\/","title":{"rendered":"Prefeitura de Sorocaba d\u00e1 in\u00edcio \u00e0 revitaliza\u00e7\u00e3o da Pra\u00e7a da Bandeira \u2013 Noticias"},"content":{"rendered":"<p><\/p>\n<div data-id=\"3f21654\" data-element_type=\"widget\" data-widget_type=\"theme-post-content.default\">\n<div class=\"elementor-widget-container\">\n<p><em>Fotos: Michelle Alves\/Secom<\/em><\/p>\n<p><strong>Por: Mariana Campos<\/strong><\/p>\n<p>A Prefeitura de Sorocaba deu in\u00edcio, na manh\u00e3 desta quarta-feira (31), \u00e0 revitaliza\u00e7\u00e3o da Pra\u00e7a da Bandeira, localizada na Avenida Dr. Afonso Vergueiro, no Centro da cidade, como parte das a\u00e7\u00f5es do Programa \u201cSorocaba Linda de Verdade\u201d. O local, que j\u00e1 recebeu ilumina\u00e7\u00e3o com tecnologia em LED no fim do ano de 2023, agora ter\u00e1 novo cal\u00e7amento e paisagismo.<\/p>\n<p>As melhorias t\u00eam como objetivo proporcionar mais oportunidades de conv\u00edvio em uma \u00e1rea harmoniosa, atrativa e segura, promovendo qualidade de vida aos mun\u00edcipes.<\/p>\n<p>As obras est\u00e3o a cargo da MGT Bolina, por meio de doa\u00e7\u00e3o, com prazo de execu\u00e7\u00e3o de at\u00e9 90 dias. A empresa \u00e9 respons\u00e1vel pela revitaliza\u00e7\u00e3o de 855 metros quadrados de cal\u00e7ada. J\u00e1 o paisagismo, em uma \u00e1rea de 1.100 metros quadrados, ser\u00e1 executado pela pr\u00f3pria Secretaria de Servi\u00e7os P\u00fablicos e Obras (Serpo), que implantar\u00e1 um jardim com gramado e plantas arbustivas.<\/p>\n<p>Uma equipe da Prefeitura de Sorocaba acompanhou o in\u00edcio das obras no local. \u201cO nosso objetivo \u00e9 tornar esse espa\u00e7o mais acolhedor aos mun\u00edcipes que trafegam por essa regi\u00e3o, que poder\u00e3o usufruir de um local agrad\u00e1vel para o conv\u00edvio com a fam\u00edlia e os amigos, no Centro de Sorocaba\u201d, destacou o prefeito Rodrigo Manga.<\/p>\n<p>Al\u00e9m do chefe do Executivo sorocabano, estiveram presentes os secret\u00e1rios Darwin de Almeida Rosa (Servi\u00e7os P\u00fablicos e Obras), Carlos Eduardo Paschoini (Mobilidade) e Jo\u00e3o Alberto Corr\u00eaa Maia (Gabinete Central), al\u00e9m do ouvidor-geral do Munic\u00edpio, Evandro Bueno, e o diretor da MGT Bolina, Marcel Bolina.<\/p>\n<p>\u00a0<\/p>\n<\/p><\/div>\n<\/p><\/div>\n","protected":false},"excerpt":{"rendered":"<p>Fotos: Michelle Alves\/Secom Por: Mariana Campos A Prefeitura de Sorocaba deu in\u00edcio, na manh\u00e3 desta quarta-feira (31), \u00e0 revitaliza\u00e7\u00e3o da Pra\u00e7a da Bandeira, localizada na Avenida Dr. Afonso Vergueiro, no Centro da cidade, como parte das a\u00e7\u00f5es do Programa \u201cSorocaba Linda de Verdade\u201d. O local, que j\u00e1 recebeu ilumina\u00e7\u00e3o com tecnologia em LED no fim [&hellip;]<\/p>\n","protected":false},"author":1,"featured_media":0,"comment_status":"open","ping_status":"open","sticky":false,"template":"","format":"standard","meta":{"footnotes":""},"categories":[1],"tags":[],"class_list":["post-16718","post","type-post","status-publish","format-standard","hentry","category-noticias"],"amp_enabled":true,"_links":{"self":[{"href":"https:\/\/novasdodia.com.br\/index.php\/wp-json\/wp\/v2\/posts\/16718","targetHints":{"allow":["GET"]}}],"collection":[{"href":"https:\/\/novasdodia.com.br\/index.php\/wp-json\/wp\/v2\/posts"}],"about":[{"href":"https:\/\/novasdodia.com.br\/index.php\/wp-json\/wp\/v2\/types\/post"}],"author":[{"embeddable":true,"href":"https:\/\/novasdodia.com.br\/index.php\/wp-json\/wp\/v2\/users\/1"}],"replies":[{"embeddable":true,"href":"https:\/\/novasdodia.com.br\/index.php\/wp-json\/wp\/v2\/comments?post=16718"}],"version-history":[{"count":0,"href":"https:\/\/novasdodia.com.br\/index.php\/wp-json\/wp\/v2\/posts\/16718\/revisions"}],"wp:attachment":[{"href":"https:\/\/novasdodia.com.br\/index.php\/wp-json\/wp\/v2\/media?parent=16718"}],"wp:term":[{"taxonomy":"category","embeddable":true,"href":"https:\/\/novasdodia.com.br\/index.php\/wp-json\/wp\/v2\/categories?post=16718"},{"taxonomy":"post_tag","embeddable":true,"href":"https:\/\/novasdodia.com.br\/index.php\/wp-json\/wp\/v2\/tags?post=16718"}],"curies":[{"name":"wp","href":"https:\/\/api.w.org\/{rel}","templated":true}]}}