{"id":16833,"date":"2024-02-02T22:16:03","date_gmt":"2024-02-03T01:16:03","guid":{"rendered":"https:\/\/novasdodia.com.br\/index.php\/2024\/02\/02\/dialogo-com-investidores-estrangeiros-e-essencial-para-atracao-de-capital-diz-tarcisio\/"},"modified":"2024-02-02T22:16:03","modified_gmt":"2024-02-03T01:16:03","slug":"dialogo-com-investidores-estrangeiros-e-essencial-para-atracao-de-capital-diz-tarcisio","status":"publish","type":"post","link":"https:\/\/novasdodia.com.br\/index.php\/2024\/02\/02\/dialogo-com-investidores-estrangeiros-e-essencial-para-atracao-de-capital-diz-tarcisio\/","title":{"rendered":"Di\u00e1logo com investidores estrangeiros \u00e9 essencial para atra\u00e7\u00e3o de capital, diz Tarc\u00edsio"},"content":{"rendered":"<p><img decoding=\"async\" src=\"https:\/\/www.saopaulo.sp.gov.br\/wp-content\/uploads\/2023\/09\/53222572836_31a8c7db2f_k.jpg\" \/><\/p>\n<div id=\"\">&#13;<\/p>\n<figure id=\"attachment_5759042\" style=\"width: 100%;max-width: 772px\" class=\"wp-caption alignnone\"><figcaption class=\"wp-caption-text\">Tarc\u00edsio de Freitas e governadores discutem integra\u00e7\u00e3o de dados de intelig\u00eancia para combater o crime organizado e opera\u00e7\u00f5es conjuntas<\/figcaption><\/figure>\n<p>\u00c0s v\u00e9speras da primeira miss\u00e3o internacional do Governo de S\u00e3o Paulo em 2024, Tarc\u00edsio de Freitas destacou a import\u00e2ncia do di\u00e1logo com grupos estrangeiros em busca de parcerias para projetos estruturantes para o desenvolvimento paulista. Na pr\u00f3xima segunda-feira (5), o governador inicia uma s\u00e9rie de encontros com empres\u00e1rios e executivos na Espanha, It\u00e1lia e Fran\u00e7a.<\/p>\n<p>\u201cNosso governo tem canais de di\u00e1logo n\u00e3o s\u00f3 no Brasil, mas em todo o mundo. A credibilidade de S\u00e3o Paulo tem reconhecimento global. O setor p\u00fablico pode e deve dar passos conjuntos com o capital privado nacional e internacional, principalmente para tirar do papel os grandes projetos que v\u00e3o mudar a realidade da popula\u00e7\u00e3o com mais desenvolvimento, mais dignidade e mais empregos\u201d, disse Tarc\u00edsio.<\/p>\n<p>O roadshow do Governo de S\u00e3o Paulo come\u00e7a pela capital espanhola na segunda. \u00c0s 10h (hor\u00e1rio local), autoridades estaduais se re\u00fanem com executivos do grupo Acciona, parceiro do Estado na constru\u00e7\u00e3o da Linha 6-Laranja de metr\u00f4. \u00c0s 12h30, Tarc\u00edsio se re\u00fane com representantes do grupo Santander e, \u00e0s 15h, o \u00faltimo compromisso em Madri ser\u00e1 com a empresa global Sacyr, que investe em concess\u00f5es, infraestrutura e saneamento.<\/p>\n<p>Na ter\u00e7a (6), o grupo paulista estar\u00e1 em Mil\u00e3o, principal centro financeiro e comercial da It\u00e1lia. O primeiro compromisso do dia ser\u00e1 \u00e0s 10h, em encontro com executivos do grupo Gavio, controlador da holding ASTM e maior operador de concess\u00f5es de rodovias no mundo. \u00c0s 15h, a agenda final na cidade italiana ser\u00e1 com diretores da Ghella, especializada em infraestrutura e escava\u00e7\u00f5es.<\/p>\n<p>A partir de quarta (7), a comitiva estadual vai participar de rodadas de neg\u00f3cios em Paris. O primeiro compromisso ser\u00e1 \u00e0s 10h30, em agenda com diretores da Keolis, multinacional francesa de mobilidade e transportes. \u00c0s 14h30, haver\u00e1 encontros com empres\u00e1rios e investidores de grupos alem\u00e3es e, \u00e0s 16h30, a agenda do dia se encerra com representantes da Tec Tunnel, l\u00edder mundial em engenharia e design de t\u00faneis.<\/p>\n<p>Na quinta (8), \u00e0s 12h30, Tarc\u00edsio se re\u00fane com executivos do BNP Paribas. \u00c0s 14h30, as reuni\u00f5es ser\u00e3o com l\u00edderes do grupo franc\u00eas Vinci, l\u00edder global em concess\u00f5es de rodovias e aeroportos, energia e constru\u00e7\u00e3o. No \u00faltimo compromisso do dia, \u00e0s 16h30, o governo paulista se encontra com diretores da Alstom, uma das l\u00edderes mundiais do setor de transportes ferrovi\u00e1rios.<\/p>\n<p>A miss\u00e3o internacional do Governo de S\u00e3o Paulo termina na sexta (9), com duas reuni\u00f5es finais na capital da Fran\u00e7a. \u00c0s 10h30, Tarc\u00edsio participa de encontro com investidores do Stoa, fundo franc\u00eas que investe em projetos de infraestrutura e energia de grande escala. \u00c0s 14h30, o \u00faltimo compromisso na Europa ser\u00e1 com executivos da Transdev, multinacional francesa que opera no setor de transporte p\u00fablico.<\/p>\n<p><strong>Metas para 2024<\/strong><\/p>\n<p>O Governo do Estado tem prevista a realiza\u00e7\u00e3o de 13 leil\u00f5es ao longo de 2024. Entre eles, est\u00e3o o Trem Intercidades Eixo Norte, que vai ligar a cidade de S\u00e3o Paulo a Campinas, j\u00e1 no dia 29 de fevereiro, e concess\u00f5es e parcerias de infraestrutura rodovi\u00e1ria e ferrovi\u00e1ria, al\u00e9m das desestatiza\u00e7\u00f5es da Sabesp e da Empresa Metropolitana de \u00c1guas e Energia (Emae).<\/p>\n<p>A carteira de projetos de concess\u00f5es, desestatiza\u00e7\u00f5es e parcerias da gest\u00e3o estadual \u00e9 administrada pela Secretaria de Parcerias em Investimento, criada na atual gest\u00e3o para dar prioridade \u00e0 atra\u00e7\u00e3o de investimentos privados e respons\u00e1vel pelo Programa de Parcerias de Investimentos do Estado de S\u00e3o Paulo (PPI-SP). J\u00e1 foram qualificados 20 projetos, estimados em mais de R$ 220 bilh\u00f5es.<\/p>\n<p><strong>Agenda da miss\u00e3o SP Europa<\/strong><\/p>\n<p>Segunda (5), em Madri \u2013 Hor\u00e1rio local<br \/>10h \u2013 reuni\u00e3o com diretores do grupo Acciona<br \/>12h \u2013 almo\u00e7o com executivos do grupo do Santander<br \/>15h \u2013 encontro com executivos da Sacyr<\/p>\n<p>Ter\u00e7a (6), em Mil\u00e3o \u2013 Hor\u00e1rio local<br \/>10h \u2013 rodada com l\u00edderes do grupo Gavio \/ ASTM<br \/>15h \u2013 reuni\u00e3o com empres\u00e1rios da Ghella<\/p>\n<p>Quarta (7), em Paris \u2013 Hor\u00e1rio local<br \/>10h30 \u2013 reuni\u00e3o com diretores da Keolis<br \/>14h30 \u2013 encontros com empreendedores de grupos alem\u00e3es<br \/>16h30 \u2013 rodada com l\u00edderes da Tec Tunnel<\/p>\n<p>Quinta (8), em Paris \u2013 Hor\u00e1rio local<br \/>12h30 \u2013 almo\u00e7o com executivos do BNP Paribas<br \/>14h30 \u2013 encontro com executivos do Vinci<br \/>16h30 \u2013 reuni\u00e3o com diretores da Alstom<\/p>\n<p>Sexta (9), em Paris \u2013 Hor\u00e1rio local<br \/>10h30 \u2013 encontro com investidores do fundo Stoa<br \/>14h30 \u2013 reuni\u00e3o com executivos da Transdev<\/p>\n<\/p><\/div>\n","protected":false},"excerpt":{"rendered":"<p>&#13; Tarc\u00edsio de Freitas e governadores discutem integra\u00e7\u00e3o de dados de intelig\u00eancia para combater o crime organizado e opera\u00e7\u00f5es conjuntas \u00c0s v\u00e9speras da primeira miss\u00e3o internacional do Governo de S\u00e3o Paulo em 2024, Tarc\u00edsio de Freitas destacou a import\u00e2ncia do di\u00e1logo com grupos estrangeiros em busca de parcerias para projetos estruturantes para o desenvolvimento paulista. [&hellip;]<\/p>\n","protected":false},"author":1,"featured_media":0,"comment_status":"open","ping_status":"open","sticky":false,"template":"","format":"standard","meta":{"footnotes":""},"categories":[1],"tags":[],"class_list":["post-16833","post","type-post","status-publish","format-standard","hentry","category-noticias"],"amp_enabled":true,"_links":{"self":[{"href":"https:\/\/novasdodia.com.br\/index.php\/wp-json\/wp\/v2\/posts\/16833","targetHints":{"allow":["GET"]}}],"collection":[{"href":"https:\/\/novasdodia.com.br\/index.php\/wp-json\/wp\/v2\/posts"}],"about":[{"href":"https:\/\/novasdodia.com.br\/index.php\/wp-json\/wp\/v2\/types\/post"}],"author":[{"embeddable":true,"href":"https:\/\/novasdodia.com.br\/index.php\/wp-json\/wp\/v2\/users\/1"}],"replies":[{"embeddable":true,"href":"https:\/\/novasdodia.com.br\/index.php\/wp-json\/wp\/v2\/comments?post=16833"}],"version-history":[{"count":0,"href":"https:\/\/novasdodia.com.br\/index.php\/wp-json\/wp\/v2\/posts\/16833\/revisions"}],"wp:attachment":[{"href":"https:\/\/novasdodia.com.br\/index.php\/wp-json\/wp\/v2\/media?parent=16833"}],"wp:term":[{"taxonomy":"category","embeddable":true,"href":"https:\/\/novasdodia.com.br\/index.php\/wp-json\/wp\/v2\/categories?post=16833"},{"taxonomy":"post_tag","embeddable":true,"href":"https:\/\/novasdodia.com.br\/index.php\/wp-json\/wp\/v2\/tags?post=16833"}],"curies":[{"name":"wp","href":"https:\/\/api.w.org\/{rel}","templated":true}]}}