{"id":17216,"date":"2024-02-08T10:08:54","date_gmt":"2024-02-08T13:08:54","guid":{"rendered":"https:\/\/novasdodia.com.br\/index.php\/2024\/02\/08\/prefeitura-troca-madeira-nos-decks-da-orla-do-banhado\/"},"modified":"2024-02-08T10:08:54","modified_gmt":"2024-02-08T13:08:54","slug":"prefeitura-troca-madeira-nos-decks-da-orla-do-banhado","status":"publish","type":"post","link":"https:\/\/novasdodia.com.br\/index.php\/2024\/02\/08\/prefeitura-troca-madeira-nos-decks-da-orla-do-banhado\/","title":{"rendered":"Prefeitura troca madeira nos decks da orla do Banhado"},"content":{"rendered":"<p><\/p>\n<div>\n<p><b>Rosi Masiero<\/b><br \/>&#13;<br \/>\n&#13;<br \/>\n                <span style=\"font-weight: bold;\">Secretaria de Manuten\u00e7\u00e3o da Cidade<\/span><\/p>\n<p align=\"left\">A Prefeitura de S\u00e3o Jos\u00e9 dos Campos iniciou, neste m\u00eas, a reforma dos quatros decks de madeira da orla do Banhado, na regi\u00e3o central da cidade.<\/p>\n<p align=\"left\">O servi\u00e7o inclui a troca do assoalho de madeira por piso de madeira pl\u00e1stica. S\u00e3o cerca de 200 metros quadrados que est\u00e3o passando por melhorias. A conclus\u00e3o do trabalho deve acontecer no fim do m\u00eas.<\/p>\n<p align=\"left\">A Prefeitura tem recuperado os equipamentos urbanos em v\u00e1rios locais da cidade, caso dos decks, que t\u00eam recebido aten\u00e7\u00e3o especial.<\/p>\n<p align=\"left\">\n<p align=\"left\"><span>A Prefeitura vem trocando os assoalhos de madeiras que est\u00e3o comprometidos pelo uso e pelo tempo. O material \u00e9 obtido pelo processamento de fibras naturais e res\u00edduos pl\u00e1sticos reciclados. <\/span><\/p>\n<p align=\"left\"><span>A madeira pl\u00e1stica \u00e9 muito resistente e tem uma deteriora\u00e7\u00e3o bem mais lenta e com pouca necessidade de manuten\u00e7\u00e3o, al\u00e9m de ser um produto sustent\u00e1vel e bonito.<\/span><\/p>\n<p align=\"left\"><span><\/span><\/p>\n<p>&#13;<br \/>\n                        <strong>MAIS NOT\u00cdCIAS<\/strong><br \/>&#13;<br \/>\n                        Secretaria de Manuten\u00e7\u00e3o da Cidade&#13;\n                    <\/p>\n<\/p><\/div>\n","protected":false},"excerpt":{"rendered":"<p>Rosi Masiero&#13; &#13; Secretaria de Manuten\u00e7\u00e3o da Cidade A Prefeitura de S\u00e3o Jos\u00e9 dos Campos iniciou, neste m\u00eas, a reforma dos quatros decks de madeira da orla do Banhado, na regi\u00e3o central da cidade. O servi\u00e7o inclui a troca do assoalho de madeira por piso de madeira pl\u00e1stica. S\u00e3o cerca de 200 metros quadrados que [&hellip;]<\/p>\n","protected":false},"author":1,"featured_media":0,"comment_status":"open","ping_status":"open","sticky":false,"template":"","format":"standard","meta":{"footnotes":""},"categories":[1],"tags":[],"class_list":["post-17216","post","type-post","status-publish","format-standard","hentry","category-noticias"],"amp_enabled":true,"_links":{"self":[{"href":"https:\/\/novasdodia.com.br\/index.php\/wp-json\/wp\/v2\/posts\/17216","targetHints":{"allow":["GET"]}}],"collection":[{"href":"https:\/\/novasdodia.com.br\/index.php\/wp-json\/wp\/v2\/posts"}],"about":[{"href":"https:\/\/novasdodia.com.br\/index.php\/wp-json\/wp\/v2\/types\/post"}],"author":[{"embeddable":true,"href":"https:\/\/novasdodia.com.br\/index.php\/wp-json\/wp\/v2\/users\/1"}],"replies":[{"embeddable":true,"href":"https:\/\/novasdodia.com.br\/index.php\/wp-json\/wp\/v2\/comments?post=17216"}],"version-history":[{"count":0,"href":"https:\/\/novasdodia.com.br\/index.php\/wp-json\/wp\/v2\/posts\/17216\/revisions"}],"wp:attachment":[{"href":"https:\/\/novasdodia.com.br\/index.php\/wp-json\/wp\/v2\/media?parent=17216"}],"wp:term":[{"taxonomy":"category","embeddable":true,"href":"https:\/\/novasdodia.com.br\/index.php\/wp-json\/wp\/v2\/categories?post=17216"},{"taxonomy":"post_tag","embeddable":true,"href":"https:\/\/novasdodia.com.br\/index.php\/wp-json\/wp\/v2\/tags?post=17216"}],"curies":[{"name":"wp","href":"https:\/\/api.w.org\/{rel}","templated":true}]}}