{"id":17286,"date":"2024-02-09T09:48:58","date_gmt":"2024-02-09T12:48:58","guid":{"rendered":"https:\/\/novasdodia.com.br\/index.php\/2024\/02\/09\/aviso-concorrencia-publica-no-04-2023-agendamento-da-sessao-de-abertura-da-proposta-de-precos-prefeitura-municipal-de-bonito\/"},"modified":"2024-02-09T09:48:58","modified_gmt":"2024-02-09T12:48:58","slug":"aviso-concorrencia-publica-no-04-2023-agendamento-da-sessao-de-abertura-da-proposta-de-precos-prefeitura-municipal-de-bonito","status":"publish","type":"post","link":"https:\/\/novasdodia.com.br\/index.php\/2024\/02\/09\/aviso-concorrencia-publica-no-04-2023-agendamento-da-sessao-de-abertura-da-proposta-de-precos-prefeitura-municipal-de-bonito\/","title":{"rendered":"AVISO CONCORR\u00caNCIA P\u00daBLICA N\u00ba. 04\/2023- AGENDAMENTO DA SESS\u00c3O DE ABERTURA DA PROPOSTA DE PRE\u00c7OS &#8211; Prefeitura Municipal de Bonito"},"content":{"rendered":"<p><\/p>\n<div data-td-block-uid=\"tdi_64\">\n<div class=\"tdb-block-inner td-fix-index\">\n<p><strong>A COMISS\u00c3O PERMANENTE DE LICITA\u00c7\u00c3O, <\/strong>neste ato representada pela Sra. Presidente informa aos interessados que a sess\u00e3o de abertura da proposta de pre\u00e7os referente ao processo em ep\u00edgrafe destinado a <strong>c<\/strong><strong>ontrata\u00e7\u00e3o de empresa de constru\u00e7\u00e3o civil, mediante processo licitat\u00f3rio, visando Reforma do Gin\u00e1sio Municipal de Esportes Juscelino Kubtschek no munic\u00edpio de Bonito\/MS, conforme plano de trabalho, projetos e <\/strong><strong>planilha or\u00e7ament\u00e1ria aprovada constante do processo, conv\u00eanio n\u00ba. 33.663\/2023 Processo n\u00ba. 85\/009.479\/2021 e termo de refer\u00eancia, <\/strong>ocorrer\u00e1 no dia <strong>16<\/strong><strong>\/<\/strong><strong>02<\/strong><strong>\/20<\/strong><strong>24<\/strong><strong>, as <\/strong><strong>08<\/strong><strong>h00min <\/strong>no Setor de Licita\u00e7\u00e3o, localizado na sede da Prefeitura Municipal de Bonito\/MS, na Rua Coronel Pilad Rebua 1780, Centro.<\/p>\n<p>Bonito\/MS, 08 de fevereiro de 2024.<\/p>\n<p><strong>Bruna de Souza Ximenes,<\/strong><\/p>\n<p><em>Presidente da CPL.<\/em><\/p>\n<\/div>\n<\/div>\n","protected":false},"excerpt":{"rendered":"<p>A COMISS\u00c3O PERMANENTE DE LICITA\u00c7\u00c3O, neste ato representada pela Sra. Presidente informa aos interessados que a sess\u00e3o de abertura da proposta de pre\u00e7os referente ao processo em ep\u00edgrafe destinado a contrata\u00e7\u00e3o de empresa de constru\u00e7\u00e3o civil, mediante processo licitat\u00f3rio, visando Reforma do Gin\u00e1sio Municipal de Esportes Juscelino Kubtschek no munic\u00edpio de Bonito\/MS, conforme plano de [&hellip;]<\/p>\n","protected":false},"author":1,"featured_media":0,"comment_status":"open","ping_status":"open","sticky":false,"template":"","format":"standard","meta":{"footnotes":""},"categories":[],"tags":[],"class_list":["post-17286","post","type-post","status-publish","format-standard","hentry"],"amp_enabled":true,"_links":{"self":[{"href":"https:\/\/novasdodia.com.br\/index.php\/wp-json\/wp\/v2\/posts\/17286","targetHints":{"allow":["GET"]}}],"collection":[{"href":"https:\/\/novasdodia.com.br\/index.php\/wp-json\/wp\/v2\/posts"}],"about":[{"href":"https:\/\/novasdodia.com.br\/index.php\/wp-json\/wp\/v2\/types\/post"}],"author":[{"embeddable":true,"href":"https:\/\/novasdodia.com.br\/index.php\/wp-json\/wp\/v2\/users\/1"}],"replies":[{"embeddable":true,"href":"https:\/\/novasdodia.com.br\/index.php\/wp-json\/wp\/v2\/comments?post=17286"}],"version-history":[{"count":0,"href":"https:\/\/novasdodia.com.br\/index.php\/wp-json\/wp\/v2\/posts\/17286\/revisions"}],"wp:attachment":[{"href":"https:\/\/novasdodia.com.br\/index.php\/wp-json\/wp\/v2\/media?parent=17286"}],"wp:term":[{"taxonomy":"category","embeddable":true,"href":"https:\/\/novasdodia.com.br\/index.php\/wp-json\/wp\/v2\/categories?post=17286"},{"taxonomy":"post_tag","embeddable":true,"href":"https:\/\/novasdodia.com.br\/index.php\/wp-json\/wp\/v2\/tags?post=17286"}],"curies":[{"name":"wp","href":"https:\/\/api.w.org\/{rel}","templated":true}]}}