{"id":17426,"date":"2024-02-11T12:23:56","date_gmt":"2024-02-11T15:23:56","guid":{"rendered":"https:\/\/novasdodia.com.br\/index.php\/2024\/02\/11\/programacao-do-carnaval-2024-segue-com-desfiles-das-escolas-do-grupo-especial-e-de-blocos-na-cidade-prefeitura-da-cidade-do-rio-de-janeiro\/"},"modified":"2024-02-11T12:23:56","modified_gmt":"2024-02-11T15:23:56","slug":"programacao-do-carnaval-2024-segue-com-desfiles-das-escolas-do-grupo-especial-e-de-blocos-na-cidade-prefeitura-da-cidade-do-rio-de-janeiro","status":"publish","type":"post","link":"https:\/\/novasdodia.com.br\/index.php\/2024\/02\/11\/programacao-do-carnaval-2024-segue-com-desfiles-das-escolas-do-grupo-especial-e-de-blocos-na-cidade-prefeitura-da-cidade-do-rio-de-janeiro\/","title":{"rendered":"Programa\u00e7\u00e3o do Carnaval 2024 segue com desfiles das escolas do Grupo Especial e de blocos na cidade &#8211; Prefeitura da Cidade do Rio de Janeiro"},"content":{"rendered":"<p><\/p>\n<div wp_automatic_readability=\"124.47475872309\">\n<div class=\"image-post\" wp_automatic_readability=\"32\">\n                     O desfile da Uni\u00e3o da Ilha do Governador &#8211; Aline Fonseca \/ Riotur                  <\/div>\n<p>O segundo e \u00faltimo dia de desfiles da S\u00e9rie Ouro agitou a Marqu\u00eas de Sapuca\u00ed neste s\u00e1bado (10\/02). Ap\u00f3s Em Cima da Hora, Arranco, Uni\u00e3o da Ilha, Unidos de Padre Miguel, S\u00e3o Clemente, Unidos de Bangu e Imp\u00e9rio Serrano cruzarem avenida, a pergunta agora \u00e9: quem ganhar\u00e1 a vaga no Grupo Especial em 2025?<\/p>\n<p>Por volta das 21h, a Sereno de Campo Grande\u00a0 abriu a s\u00e9rie de desfiles. A tradicional Imp\u00e9rio Serrano encerrou a apresenta\u00e7\u00e3o no in\u00edcio da manh\u00e3 de domingo (11\/02).<\/p>\n<p>\u00a0<\/p>\n<p><strong>SAIBA MAIS<\/strong><\/p>\n<p>Veja fotos do segundo dia de desfiles da S\u00e9rie Ouro<\/p>\n<p>Veja fotos do primeiro dia de desfiles da S\u00e9rie Ouro<\/p>\n<p>\u00a0<\/p>\n<p>O s\u00e1bado no Terreir\u00e3o do Samba foi de casa cheia, com uma programa\u00e7\u00e3o que come\u00e7ou com DJ FM o Dia, RDX, Arlindinho, Pique Novo e Suel, seguindo at\u00e9 o amanhecer, apresentando o melhor do samba e do pagode. Neste domingo, sobem ao palco Jo\u00e3o da Baiana o Grupo Exist\u00eancia, Yan, Roda de Samba, Gustavo Lins e Rio Samba Show.<\/p>\n<p>A Folia na Intendente Magalh\u00e3es come\u00e7ou neste s\u00e1bado com os blocos de enredo e s\u00f3 termina no s\u00e1bado seguinte (17\/02), com as escolas de samba.<\/p>\n<p>Neste domingo, as escolas do Grupo Especial assumem a Passarela do Samba para o in\u00edcio da temporada de desfiles que vai eleger a campe\u00e3 da elite do carnaval.<\/p>\n<p>No Centro, o tradicional baile da Cinel\u00e2ndia come\u00e7a ao meio-dia, com o concurso do foli\u00e3o original, nas categorias infantil e adulto. J\u00e1 os blocos de embalo, na Avenida Chile, come\u00e7am \u00e0s 15h com os blocos de enredo do Grupo II.<\/p>\n<p>Al\u00e9m dos palcos oficiais da folia, o Carnaval de Rua do Rio continua alegrando a cidade e atraindo milhares de foli\u00f5es. At\u00e9 a Quarta-feira de Cinzas, 165 blocos desfilar\u00e3o por toda a cidade. Neste domingo ser\u00e3o 62; na segunda, 41; na ter\u00e7a, 55 e na quarta, 7, comprovando a voca\u00e7\u00e3o do Rio para a folia.<\/p>\n<p>O clima de carnaval est\u00e1 no ar, \u00e9 hora de se revestir de alegria e aproveitar a folia carioca!<\/p>\n<p><strong>Aplicativo para conferir a agenda de blocos<\/strong><\/p>\n<p>Para ver a programa\u00e7\u00e3o completa dos blocos, com data, hor\u00e1rio e percurso, basta baixar o app Blocos Rio 2024, dispon\u00edvel em todas as plataformas digitais. A ferramenta \u00e9 gratuita e funciona por geolocaliza\u00e7\u00e3o. Ou acesse: carnavalderua.rio<\/p>\n<p>Em www.carnaval.rio, voc\u00ea encontra uma galeria de fotos das apresenta\u00e7\u00f5es, al\u00e9m de not\u00edcias de tudo que envolve o mundo do Carnaval e do samba.<\/p>\n<p>\u00a0<\/p>\n<p><strong>Blocos embalam milhares de foli\u00f5es no s\u00e1bado de Carnaval no Rio<\/strong><\/p>\n<p>Os blocos de rua fizeram mais uma vez a alegria de cariocas e turistas. Neste s\u00e1bado, 27 cortejos animaram os foli\u00f5es. O Cord\u00e3o da Bola Preta animou o Centro, e o Amigos da On\u00e7a encantou o p\u00fablico com irrever\u00eancia e fantasias criativas na Praia do Flamengo. Na Quinta da Boa Vista, ritmistas e foli\u00f5es em pernas de pau deram o tom da festa no Bloco da Terreirada.<\/p>\n<p>Neste domingo, a celebra\u00e7\u00e3o continua por diversos bairros da cidade, agradando todos os gostos.<br \/>Como destaques, o Bloco Areia, o Charanga Talism\u00e3, Laranjada Samba Clube, Bangalafumenga,<br \/>Cord\u00e3o do Boitat\u00e1, Que merda \u00e9 essa? e Marcha Nerd.<\/p>\n<p>\u00a0<\/p>\n<p><strong>INTENDENTE MAGALH\u00c3ES\u00a0<\/strong><br \/>Ordem dos desfiles por grupo\/dia (todos os dias, a partir de 20h)<\/p>\n<p><strong>GRUPO DE AVALIA\u00c7\u00c3O<\/strong><br \/><strong>Domingo, 11\/02<\/strong><\/p>\n<p>Imp\u00e9rio do Vale<br \/>Unidos do Cabral<br \/>Unidos da Vila Kennedy<br \/>Am\u00e9rica Samba e Paix\u00e3o<br \/>Del\u00edrio da Zona Oeste<br \/>Imp\u00e9rio da Resist\u00eancia<br \/>Coroado de Jacarepagu\u00e1<br \/>Uni\u00e3o do Vilar Carioca<br \/>Acad\u00eamicos do Recreio<br \/>Renascer de Nova Igua\u00e7u<br \/>Acad\u00eamicos do Anil<br \/>Garras do Tigre<br \/>Unidos de Manguinhos<br \/>Acad\u00eamicos da Pedra Branca<br \/>Novo Imp\u00e9rio<br \/>Acad\u00eamicos do Realengo<\/p>\n<p><strong>S\u00c9RIE BRONZE<\/strong><br \/><strong>Segunda-feira, 12\/02<\/strong><\/p>\n<p>Ra\u00e7a Rubro-Negra<br \/>Uni\u00e3o de Villa Rica<br \/>Imp. de Br\u00e1s de Pina<br \/>Bangay<br \/>Imp. Ricardense<br \/>Imp. Nova Igua\u00e7u<br \/>Dif\u00edcil \u00e9 o nome<br \/>Alegria do Vilar<br \/>Rosa de Ouro<br \/>Unidos Cosmos<br \/>Cidade de Deus<br \/>Gato de Bonsucesso<\/p>\n<p><strong>S\u00c9RIE PRATA<\/strong><br \/><strong>Ter\u00e7a-feira, 13\/02<\/strong><\/p>\n<p>Feiti\u00e7o Carioca<br \/>Pra\u00e7a da Bandeira<br \/>Santa Marta<br \/>Botafogo Samba C<br \/>Santa Cruz<br \/>Unidos de Lucas<br \/>Arrast\u00e3o de Cascadura<br \/>Vizinha Da Madeira<br \/>Imp\u00e9rio da Uva<br \/>Barra da Tijuca<br \/>Uni\u00e3o de JPA<br \/>Acad\u00eamicos de JPA<br \/>Caprichosos<br \/>Fla Mangua\u00e7a<br \/>Acad\u00eamicos da Rocinha<br \/>Arame de Ricardo<\/p>\n<p><strong>Sexta-feira, 16\/02<\/strong><\/p>\n<p>Tubar\u00e3o de Mesquita<br \/>Ind. de Olaria<br \/>Acad\u00eamicos da Aboli\u00e7\u00e3o<br \/>Vila Santa Tereza<br \/>Renascer de JPA<br \/>For\u00e7a Jovem<br \/>Tradi\u00e7\u00e3o<br \/>Lins Imperial<br \/>Engenho da Rainha<br \/>Acad\u00eamicos do Cubango<br \/>Alegria da Zona Sul<br \/>Flor da Mina<br \/>Le\u00e3o de Nova Igua\u00e7u<br \/>Concentra Imperial<br \/>Jacarezinho<br \/>Acad\u00eamicos do Dend\u00ea<\/p>\n<p><strong>S\u00c9RIE BRONZE <\/strong><br \/><strong>S\u00e1bado, 17\/02<\/strong><\/p>\n<p>Curicica<br \/>Acad\u00eamicos Jardim Bangu<br \/>Siri de Ramos<br \/>Imp. Rubro Negros<br \/>Chatuba de Mesquita<br \/>Unidos S\u00e3o Crist\u00f3v\u00e3o<br \/>TPM<br \/>Vicente de Carvalho<br \/>Acad\u00eamicos do Peixe<br \/>Boi da Ilha<br \/>Guerreiros Tricolores<br \/>Unidos Cabu\u00e7u<\/p>\n<p>             <!-- Compartilhe ---><\/p>\n<p>\t\t\t <!-- TAGS --><\/p>\n<section class=\"category-tags\">\n<div class=\"marcacao-category\">\n<article class=\"category-post\">\n<p>Categoria: <\/p>\n<\/article>\n<li>11 de fevereiro de 2024<\/li><\/div>\n<article class=\"tags\">\n\t\t\t\t\tMarca\u00e7\u00f5es: bloco de rua Carnaval desfile das escolas de samba Prefeitura do Rio prefeitura do Rio de janeiro Riotur Samb\u00f3dromo Terreir\u00e3o do Samba<br \/><\/article>\n<\/section>\n<p>            <!-- Mais Not&iacute;cias --><\/p>\n<p>\t\t<!-- Conte&uacute;do SIDEBAR --><\/p><\/div>\n","protected":false},"excerpt":{"rendered":"<p>O desfile da Uni\u00e3o da Ilha do Governador &#8211; Aline Fonseca \/ Riotur O segundo e \u00faltimo dia de desfiles da S\u00e9rie Ouro agitou a Marqu\u00eas de Sapuca\u00ed neste s\u00e1bado (10\/02). Ap\u00f3s Em Cima da Hora, Arranco, Uni\u00e3o da Ilha, Unidos de Padre Miguel, S\u00e3o Clemente, Unidos de Bangu e Imp\u00e9rio Serrano cruzarem avenida, a [&hellip;]<\/p>\n","protected":false},"author":1,"featured_media":0,"comment_status":"open","ping_status":"open","sticky":false,"template":"","format":"standard","meta":{"footnotes":""},"categories":[1],"tags":[],"class_list":["post-17426","post","type-post","status-publish","format-standard","hentry","category-noticias"],"amp_enabled":true,"_links":{"self":[{"href":"https:\/\/novasdodia.com.br\/index.php\/wp-json\/wp\/v2\/posts\/17426","targetHints":{"allow":["GET"]}}],"collection":[{"href":"https:\/\/novasdodia.com.br\/index.php\/wp-json\/wp\/v2\/posts"}],"about":[{"href":"https:\/\/novasdodia.com.br\/index.php\/wp-json\/wp\/v2\/types\/post"}],"author":[{"embeddable":true,"href":"https:\/\/novasdodia.com.br\/index.php\/wp-json\/wp\/v2\/users\/1"}],"replies":[{"embeddable":true,"href":"https:\/\/novasdodia.com.br\/index.php\/wp-json\/wp\/v2\/comments?post=17426"}],"version-history":[{"count":0,"href":"https:\/\/novasdodia.com.br\/index.php\/wp-json\/wp\/v2\/posts\/17426\/revisions"}],"wp:attachment":[{"href":"https:\/\/novasdodia.com.br\/index.php\/wp-json\/wp\/v2\/media?parent=17426"}],"wp:term":[{"taxonomy":"category","embeddable":true,"href":"https:\/\/novasdodia.com.br\/index.php\/wp-json\/wp\/v2\/categories?post=17426"},{"taxonomy":"post_tag","embeddable":true,"href":"https:\/\/novasdodia.com.br\/index.php\/wp-json\/wp\/v2\/tags?post=17426"}],"curies":[{"name":"wp","href":"https:\/\/api.w.org\/{rel}","templated":true}]}}