{"id":17674,"date":"2024-02-15T22:12:00","date_gmt":"2024-02-16T01:12:00","guid":{"rendered":"https:\/\/novasdodia.com.br\/index.php\/2024\/02\/15\/secretarias-municipais-se-reunem-para-alinhamento-de-acoes-de-mobilidade-em-joao-pessoa\/"},"modified":"2024-02-15T22:12:00","modified_gmt":"2024-02-16T01:12:00","slug":"secretarias-municipais-se-reunem-para-alinhamento-de-acoes-de-mobilidade-em-joao-pessoa","status":"publish","type":"post","link":"https:\/\/novasdodia.com.br\/index.php\/2024\/02\/15\/secretarias-municipais-se-reunem-para-alinhamento-de-acoes-de-mobilidade-em-joao-pessoa\/","title":{"rendered":"Secretarias municipais se re\u00fanem para alinhamento de a\u00e7\u00f5es de mobilidade em Jo\u00e3o Pessoa"},"content":{"rendered":"<p><\/p>\n<div>\n<p>Diversas secretarias da Prefeitura de Jo\u00e3o Pessoa se reuniram, na tarde desta quinta-feira (15), para alinhar a\u00e7\u00f5es a serem apresentadas \u00e0 comitiva da Ag\u00eancia Francesa de Desenvolvimento (AFD), que visita a Capital paraibana na pr\u00f3xima semana. O encontro ocorreu na Secretaria de Desenvolvimento Social (Sedes), no Centro Administrativo Municipal (CAM), em \u00c1gua Fria. \u00a0 <\/p>\n<figure class=\"wp-block-image size-large\"><\/figure>\n<p>\u201cEssa reuni\u00e3o de hoje acontece a pedido do prefeito C\u00edcero Lucena, com o princ\u00edpio de alinharmos nosso trabalho e podermos entregar \u00e0 comitiva que visitar\u00e1 Jo\u00e3o Pessoa o que estamos fazendo e queremos fazer para melhorar a mobilidade e qualidade de vida das pessoas. A cidade est\u00e1 crescendo e precisamos n\u00e3o apenas pensar, mas fazer obras que ajudem no futuro dos pessoenses\u201d, destacou Ant\u00f4nio Eliseu, coordenador geral do projeto na Prefeitura de Jo\u00e3o Pessoa. \u00a0 <\/p>\n<p>O objetivo dessa visita \u00e9, a partir da aprova\u00e7\u00e3o da Ag\u00eancia, sejam constru\u00eddos dois terminais de passageiros em corredores importantes da cidade \u2013 um no bairro do Cristo e outro no trecho Bessa\/Epit\u00e1cio, com o uso de \u00f4nibus articulados e corredores de velocidade pr\u00f3prios. \u00a0 <\/p>\n<p>Nestes terminais, a popula\u00e7\u00e3o ter\u00e1 estrutura de com\u00e9rcio, biciclet\u00e1rio, banheiros, estacionamento e servi\u00e7os da administra\u00e7\u00e3o p\u00fablica. Tamb\u00e9m ser\u00e3o realizadas a\u00e7\u00f5es de regulariza\u00e7\u00e3o, despolui\u00e7\u00e3o e recupera\u00e7\u00e3o dos rios Jaguaribe e Timb\u00f3 para melhorar a qualidade das \u00e1guas, com recursos na ordem de R$57 milh\u00f5es. \u00a0 <\/p>\n<p><strong>Representantes <\/strong>\u2013 Estiveram presentes na reuni\u00e3o representantes das secretarias de Desenvolvimento Social (Sedes), Desenvolvimento Urbano (Sedurb), Ci\u00eancia e Tecnologia (Secitec), Participa\u00e7\u00e3o Popular (SEPP), Finan\u00e7as (Sefin), Receita (Serem), Planejamento (Seplan), Meio Ambiente (Semam), Desenvolvimento Econ\u00f4mico e do Trabalho (Sedest), Autarquia Especial Municipal de Limpeza Urbana (Emlur), Habita\u00e7\u00e3o (Semhab), Pol\u00edticas P\u00fablicas para Mulheres (SEPPM), Procuradoria Geral do Munic\u00edpio (Progem), Controladoria Geral do Munic\u00edpio (CGM), Coordenadoria de Promo\u00e7\u00e3o \u00e0 Cidadania LGBT+ e de Igualdade Racial, Coordenadoria Municipal de Prote\u00e7\u00e3o e Defesa Civil (Compdec-JP) e Superintend\u00eancia Executiva de Mobilidade Urbana (Semob).<\/p>\n<\/p><\/div>\n","protected":false},"excerpt":{"rendered":"<p>Diversas secretarias da Prefeitura de Jo\u00e3o Pessoa se reuniram, na tarde desta quinta-feira (15), para alinhar a\u00e7\u00f5es a serem apresentadas \u00e0 comitiva da Ag\u00eancia Francesa de Desenvolvimento (AFD), que visita a Capital paraibana na pr\u00f3xima semana. O encontro ocorreu na Secretaria de Desenvolvimento Social (Sedes), no Centro Administrativo Municipal (CAM), em \u00c1gua Fria. \u00a0 \u201cEssa [&hellip;]<\/p>\n","protected":false},"author":1,"featured_media":0,"comment_status":"open","ping_status":"open","sticky":false,"template":"","format":"standard","meta":{"footnotes":""},"categories":[1],"tags":[],"class_list":["post-17674","post","type-post","status-publish","format-standard","hentry","category-noticias"],"amp_enabled":true,"_links":{"self":[{"href":"https:\/\/novasdodia.com.br\/index.php\/wp-json\/wp\/v2\/posts\/17674","targetHints":{"allow":["GET"]}}],"collection":[{"href":"https:\/\/novasdodia.com.br\/index.php\/wp-json\/wp\/v2\/posts"}],"about":[{"href":"https:\/\/novasdodia.com.br\/index.php\/wp-json\/wp\/v2\/types\/post"}],"author":[{"embeddable":true,"href":"https:\/\/novasdodia.com.br\/index.php\/wp-json\/wp\/v2\/users\/1"}],"replies":[{"embeddable":true,"href":"https:\/\/novasdodia.com.br\/index.php\/wp-json\/wp\/v2\/comments?post=17674"}],"version-history":[{"count":0,"href":"https:\/\/novasdodia.com.br\/index.php\/wp-json\/wp\/v2\/posts\/17674\/revisions"}],"wp:attachment":[{"href":"https:\/\/novasdodia.com.br\/index.php\/wp-json\/wp\/v2\/media?parent=17674"}],"wp:term":[{"taxonomy":"category","embeddable":true,"href":"https:\/\/novasdodia.com.br\/index.php\/wp-json\/wp\/v2\/categories?post=17674"},{"taxonomy":"post_tag","embeddable":true,"href":"https:\/\/novasdodia.com.br\/index.php\/wp-json\/wp\/v2\/tags?post=17674"}],"curies":[{"name":"wp","href":"https:\/\/api.w.org\/{rel}","templated":true}]}}