{"id":17721,"date":"2024-02-16T12:54:58","date_gmt":"2024-02-16T15:54:58","guid":{"rendered":"https:\/\/novasdodia.com.br\/index.php\/2024\/02\/16\/confira-onde-o-procon-movel-de-sorocaba-estara-na-proxima-semana\/"},"modified":"2024-02-16T12:54:58","modified_gmt":"2024-02-16T15:54:58","slug":"confira-onde-o-procon-movel-de-sorocaba-estara-na-proxima-semana","status":"publish","type":"post","link":"https:\/\/novasdodia.com.br\/index.php\/2024\/02\/16\/confira-onde-o-procon-movel-de-sorocaba-estara-na-proxima-semana\/","title":{"rendered":"Confira onde o Procon M\u00f3vel de Sorocaba estar\u00e1 na pr\u00f3xima semana"},"content":{"rendered":"<p><\/p>\n<p>&nbsp;<\/p>\n<p><em>Foto: Eduardo Santinon<\/em><\/p>\n<p><strong>Por: Eduardo Santinon<\/strong><\/p>\n<p>&nbsp;<\/p>\n<p style=\"text-align: justify;text-indent: 35.4pt;background: white\"><span style=\"font-family: 'Arial','sans-serif';color: black\">A unidade do Procon M\u00f3vel de Sorocaba, na pr\u00f3xima semana, ter\u00e1 quatro dias de atendimento gratuito \u00e0 popula\u00e7\u00e3o. Na segunda-feira (19), os servi\u00e7os estar\u00e3o dispon\u00edveis no Terminal Vit\u00f3ria R\u00e9gia, sendo que, na quarta (21) e na sexta-feira (23), a unidade estar\u00e1 na Pra\u00e7a Coronel Fernando Prestes, no Centro, sempre das 9h \u00e0s 13h. Ao passo que, na quinta-feira (22), o ve\u00edculo permanecer\u00e1 no Centro de Refer\u00eancia em Assist\u00eancia Social (CRAS) Cajuru, das 9h \u00e0s 16h.<\/span><\/p>\n<p style=\"text-align: justify;text-indent: 35.4pt;background: white\"><span style=\"font-family: 'Arial','sans-serif';color: black\">O Procon Sorocaba est\u00e1 vinculado \u00e0 Secretaria de Governo (Segov), da Prefeitura de Sorocaba, e atua na prote\u00e7\u00e3o e na defesa dos direitos do consumidor, sendo importante ve\u00edculo de valoriza\u00e7\u00e3o e respeito \u00e0 cidadania. No Procon M\u00f3vel, s\u00e3o feitos registros de solicita\u00e7\u00f5es, abertura de reclama\u00e7\u00f5es referentes ao direito do consumidor, al\u00e9m de orienta\u00e7\u00f5es e encaminhamentos.<\/span><\/p>\n<p style=\"text-align: justify;text-indent: 35.4pt;background: white\"><span style=\"font-family: 'Arial','sans-serif';color: black\">O atendimento presencial tamb\u00e9m est\u00e1 dispon\u00edvel na sede do Procon Municipal, que fica na Avenida Ant\u00f4nio Carlos Comitre, altura do n\u00ba 331, das 9h \u00e0s 16h, de segunda a sexta-feira, assim como em todas as Casas do Cidad\u00e3o, das 8h \u00e0s 17h.<\/span><\/p>\n<p style=\"text-align: justify;text-indent: 35.4pt;background: white\"><span style=\"font-family: 'Arial','sans-serif';color: black\">O consumidor que tiver d\u00favidas, identificar ou suspeitar de irregularidades ainda pode acionar o Procon Sorocaba, por meio do WhatsApp: (15) 99198-2958 e do site: <\/span><b><span style=\"font-family: 'Arial','sans-serif'\">https:\/\/procon.sorocaba.sp.gov.br\/<\/span><\/b><b><span style=\"font-family: 'Arial','sans-serif';color: black\">. <\/span><\/b><\/p>\n","protected":false},"excerpt":{"rendered":"<p>&nbsp; Foto: Eduardo Santinon Por: Eduardo Santinon &nbsp; A unidade do Procon M\u00f3vel de Sorocaba, na pr\u00f3xima semana, ter\u00e1 quatro dias de atendimento gratuito \u00e0 popula\u00e7\u00e3o. Na segunda-feira (19), os servi\u00e7os estar\u00e3o dispon\u00edveis no Terminal Vit\u00f3ria R\u00e9gia, sendo que, na quarta (21) e na sexta-feira (23), a unidade estar\u00e1 na Pra\u00e7a Coronel Fernando Prestes, no [&hellip;]<\/p>\n","protected":false},"author":1,"featured_media":0,"comment_status":"open","ping_status":"open","sticky":false,"template":"","format":"standard","meta":{"footnotes":""},"categories":[1],"tags":[],"class_list":["post-17721","post","type-post","status-publish","format-standard","hentry","category-noticias"],"amp_enabled":true,"_links":{"self":[{"href":"https:\/\/novasdodia.com.br\/index.php\/wp-json\/wp\/v2\/posts\/17721","targetHints":{"allow":["GET"]}}],"collection":[{"href":"https:\/\/novasdodia.com.br\/index.php\/wp-json\/wp\/v2\/posts"}],"about":[{"href":"https:\/\/novasdodia.com.br\/index.php\/wp-json\/wp\/v2\/types\/post"}],"author":[{"embeddable":true,"href":"https:\/\/novasdodia.com.br\/index.php\/wp-json\/wp\/v2\/users\/1"}],"replies":[{"embeddable":true,"href":"https:\/\/novasdodia.com.br\/index.php\/wp-json\/wp\/v2\/comments?post=17721"}],"version-history":[{"count":0,"href":"https:\/\/novasdodia.com.br\/index.php\/wp-json\/wp\/v2\/posts\/17721\/revisions"}],"wp:attachment":[{"href":"https:\/\/novasdodia.com.br\/index.php\/wp-json\/wp\/v2\/media?parent=17721"}],"wp:term":[{"taxonomy":"category","embeddable":true,"href":"https:\/\/novasdodia.com.br\/index.php\/wp-json\/wp\/v2\/categories?post=17721"},{"taxonomy":"post_tag","embeddable":true,"href":"https:\/\/novasdodia.com.br\/index.php\/wp-json\/wp\/v2\/tags?post=17721"}],"curies":[{"name":"wp","href":"https:\/\/api.w.org\/{rel}","templated":true}]}}