{"id":18023,"date":"2024-02-21T04:42:02","date_gmt":"2024-02-21T07:42:02","guid":{"rendered":"https:\/\/novasdodia.com.br\/index.php\/2024\/02\/21\/comerciantes-sao-contemplados-com-linha-de-credito-em-evento-que-homenageou-destaques-do-empreendedorismo-em-joao-pessoa\/"},"modified":"2024-02-21T04:42:02","modified_gmt":"2024-02-21T07:42:02","slug":"comerciantes-sao-contemplados-com-linha-de-credito-em-evento-que-homenageou-destaques-do-empreendedorismo-em-joao-pessoa","status":"publish","type":"post","link":"https:\/\/novasdodia.com.br\/index.php\/2024\/02\/21\/comerciantes-sao-contemplados-com-linha-de-credito-em-evento-que-homenageou-destaques-do-empreendedorismo-em-joao-pessoa\/","title":{"rendered":"Comerciantes s\u00e3o contemplados com linha de cr\u00e9dito em evento que homenageou destaques do empreendedorismo em Jo\u00e3o Pessoa"},"content":{"rendered":"<p><\/p>\n<div>\n<p>Mais de 100 comerciantes que atuam nos shoppings populares e na Feira M\u00f3vel do Produtor foram homenageados, na tarde desta ter\u00e7a-feira (20), durante a 1\u00aa edi\u00e7\u00e3o do \u2018Empreendedor Popular\u2019. Idealizada pela Secretaria de Desenvolvimento Urbano de Jo\u00e3o Pessoa (Sedurb), a iniciativa reconheceu os destaques do empreendedorismo na Capital durante o ano de 2023. \u00a0 <\/p>\n<figure class=\"wp-block-gallery has-nested-images columns-default is-cropped wp-block-gallery-1 is-layout-flex wp-block-gallery-is-layout-flex\">\n<figure class=\"wp-block-image size-large\"><\/figure>\n<figure class=\"wp-block-image size-large\"><\/figure>\n<figure class=\"wp-block-image size-large\"><\/figure>\n<figure class=\"wp-block-image size-large\"><\/figure>\n<figure class=\"wp-block-image size-large\"><\/figure>\n<\/figure>\n<p>O vice-prefeito Leo Bezerra esteve presente no evento e destacou o trabalho da Sedurb para a gera\u00e7\u00e3o de emprego e renda em Jo\u00e3o pessoa, al\u00e9m da import\u00e2ncia das parcerias firmadas pela prefeitura visando \u00e0 expans\u00e3o dessa atividade. \u201cIniciativas como essa ajudam a mudar a vida das pessoas e, particularmente, estarei muito realizado se conseguirmos mudar, pelo menos, a vida de uma pessoa por dia\u201d, afirmou o gestor. \u00a0 <\/p>\n<p>O prefeito C\u00edcero Lucena enviou uma mensagem de parab\u00e9ns por meio de v\u00eddeo, que foi exibido no evento. Ele frisou o trabalho realizado pela equipe da Sedurb e disse que iniciativas como o incentivo ao empreendedorismo ajudam a mudar significativa a vida de muitas pessoas. \u00a0 <\/p>\n<figure class=\"wp-block-gallery has-nested-images columns-default is-cropped wp-block-gallery-2 is-layout-flex wp-block-gallery-is-layout-flex\">\n<figure class=\"wp-block-image size-large\"><\/figure>\n<figure class=\"wp-block-image size-large\"><\/figure>\n<figure class=\"wp-block-image size-large\"><\/figure>\n<figure class=\"wp-block-image size-large\"><\/figure>\n<figure class=\"wp-block-image size-large\"><\/figure>\n<\/figure>\n<p>F\u00e1bio Carneiro, secret\u00e1rio de Desenvolvimento Urbano, ressaltou o trabalho dos empreendedores \u00e0 frente dos seus respectivos neg\u00f3cios, com o objetivo de alcan\u00e7ar resultados significativos. \u201c\u00c9 muito f\u00e1cil ser filho de rico e empreender num grande com\u00e9rcio. Mas s\u00f3 sabe o qu\u00e3o \u00e9 desafiador empreender \u00e9 aquele pequeno comerciante, que depende do seu neg\u00f3cio para sobreviver\u201d, disse. \u00a0 <\/p>\n<p>O secret\u00e1rio tamb\u00e9m lembrou que ao longo dos \u00faltimos tr\u00eas anos de gest\u00e3o, muitos avan\u00e7os foram alcan\u00e7ados, sobretudo com iniciativas como a Feira M\u00f3vel do Produtor. \u00a0 <\/p>\n<p><strong>Eu Posso<\/strong> \u2013 Os mais de 100 comerciantes homenageados foram contemplados com a libera\u00e7\u00e3o de linha de cr\u00e9dito do programa \u2018Eu Posso\u2019, da Secretaria de Desenvolvimento Econ\u00f4mico e Trabalho (Sedest), como forma de alavancar ainda mais os neg\u00f3cios. Fruto de uma parceria com a iniciativa privada, os comerciantes tamb\u00e9m receberam o \u2018Cart\u00e3o de Todos\u2019, com acesso a servi\u00e7os de sa\u00fade com pre\u00e7os diferenciados. \u00a0 <\/p>\n<figure class=\"wp-block-gallery has-nested-images columns-default is-cropped wp-block-gallery-3 is-layout-flex wp-block-gallery-is-layout-flex\">\n<figure class=\"wp-block-image size-large\"><\/figure>\n<figure class=\"wp-block-image size-large\"><\/figure>\n<figure class=\"wp-block-image size-large\"><\/figure>\n<figure class=\"wp-block-image size-large\"><\/figure>\n<figure class=\"wp-block-image size-large\"><\/figure>\n<figure class=\"wp-block-image size-large\"><\/figure>\n<\/figure>\n<p><strong>Desfile <\/strong>\u2013 Durante o evento foi realizado um desfile com as pe\u00e7as produzidas pelas Sereias da Penha, grupo apoiado pela Sedurb e que tem sido destaque com o artesanato a partir de escamas de peixe e conchas. \u00a0 <\/p>\n<p>Como parte da programa\u00e7\u00e3o, o coach e empreendedor Yuri Marinho ministrou uma palestra com o tema \u2018Os segredos dos campe\u00f5es de vendas\u2019, enfatizando dicas e a experi\u00eancia de vida no mundo dos neg\u00f3cios. \u00a0 <\/p>\n<p>Al\u00e9m do secret\u00e1rio F\u00e1bio Carneiro, tamb\u00e9m participaram o secret\u00e1rio-executivo da Sedurb, Ubaldo Pequeno; a secret\u00e1ria de Pol\u00edticas P\u00fablicas para Mulheres (SEPPM), Nena Martins; o secret\u00e1rio-executivo de Desenvolvimento Econ\u00f4mico e Trabalho (Sedest), Jo\u00e3o Bosco; o secret\u00e1rio-executivo do Turismo (Setur), Luiz Gomes J\u00fanior; e a secret\u00e1ria-executiva de Desenvolvimento Social (Sedes), Lucinha Lima.<\/p>\n<figure class=\"wp-block-gallery has-nested-images columns-default is-cropped wp-block-gallery-4 is-layout-flex wp-block-gallery-is-layout-flex\">\n<figure class=\"wp-block-image size-large\"><\/figure>\n<figure class=\"wp-block-image size-large\"><\/figure>\n<figure class=\"wp-block-image size-large\"><\/figure>\n<\/figure><\/div>\n","protected":false},"excerpt":{"rendered":"<p>Mais de 100 comerciantes que atuam nos shoppings populares e na Feira M\u00f3vel do Produtor foram homenageados, na tarde desta ter\u00e7a-feira (20), durante a 1\u00aa edi\u00e7\u00e3o do \u2018Empreendedor Popular\u2019. Idealizada pela Secretaria de Desenvolvimento Urbano de Jo\u00e3o Pessoa (Sedurb), a iniciativa reconheceu os destaques do empreendedorismo na Capital durante o ano de 2023. \u00a0 O [&hellip;]<\/p>\n","protected":false},"author":1,"featured_media":0,"comment_status":"open","ping_status":"open","sticky":false,"template":"","format":"standard","meta":{"footnotes":""},"categories":[1],"tags":[],"class_list":["post-18023","post","type-post","status-publish","format-standard","hentry","category-noticias"],"amp_enabled":true,"_links":{"self":[{"href":"https:\/\/novasdodia.com.br\/index.php\/wp-json\/wp\/v2\/posts\/18023","targetHints":{"allow":["GET"]}}],"collection":[{"href":"https:\/\/novasdodia.com.br\/index.php\/wp-json\/wp\/v2\/posts"}],"about":[{"href":"https:\/\/novasdodia.com.br\/index.php\/wp-json\/wp\/v2\/types\/post"}],"author":[{"embeddable":true,"href":"https:\/\/novasdodia.com.br\/index.php\/wp-json\/wp\/v2\/users\/1"}],"replies":[{"embeddable":true,"href":"https:\/\/novasdodia.com.br\/index.php\/wp-json\/wp\/v2\/comments?post=18023"}],"version-history":[{"count":0,"href":"https:\/\/novasdodia.com.br\/index.php\/wp-json\/wp\/v2\/posts\/18023\/revisions"}],"wp:attachment":[{"href":"https:\/\/novasdodia.com.br\/index.php\/wp-json\/wp\/v2\/media?parent=18023"}],"wp:term":[{"taxonomy":"category","embeddable":true,"href":"https:\/\/novasdodia.com.br\/index.php\/wp-json\/wp\/v2\/categories?post=18023"},{"taxonomy":"post_tag","embeddable":true,"href":"https:\/\/novasdodia.com.br\/index.php\/wp-json\/wp\/v2\/tags?post=18023"}],"curies":[{"name":"wp","href":"https:\/\/api.w.org\/{rel}","templated":true}]}}