{"id":18033,"date":"2024-02-21T08:11:53","date_gmt":"2024-02-21T11:11:53","guid":{"rendered":"https:\/\/novasdodia.com.br\/index.php\/2024\/02\/21\/guaratingueta-recebe-premio-por-engajamento-em-educacao-inclusiva-prefeitura-estancia-turistica-guaratingueta\/"},"modified":"2024-02-21T08:11:53","modified_gmt":"2024-02-21T11:11:53","slug":"guaratingueta-recebe-premio-por-engajamento-em-educacao-inclusiva-prefeitura-estancia-turistica-guaratingueta","status":"publish","type":"post","link":"https:\/\/novasdodia.com.br\/index.php\/2024\/02\/21\/guaratingueta-recebe-premio-por-engajamento-em-educacao-inclusiva-prefeitura-estancia-turistica-guaratingueta\/","title":{"rendered":"Guaratinguet\u00e1 recebe pr\u00eamio por engajamento em educa\u00e7\u00e3o inclusiva \u2013 Prefeitura Est\u00e2ncia Tur\u00edstica Guaratinguet\u00e1"},"content":{"rendered":"<p><\/p>\n<div>\n<p>A Secretaria Municipal de Educa\u00e7\u00e3o de Guaratinguet\u00e1 se destacou nacionalmente mais uma vez!<\/p>\n<p>Durante o planejamento do ano letivo, o prefeito Marcus Soliva recebeu um pr\u00eamio da Faz Educa\u00e7\u00e3o\/Movimento Juntos pela Inclus\u00e3o, entregue por Tom Ferreira. O reconhecimento foi pelo engajamento excepcional dos educadores na forma\u00e7\u00e3o virtual sobre inclus\u00e3o realizada em 07\/12\/2023, com Guaratinguet\u00e1 sendo o 2\u00ba munic\u00edpio com maior participa\u00e7\u00e3o em todo o Brasil.<\/p>\n<p>Como pr\u00eamio, a cidade recebeu uma cadeira de rodas, um assistente virtual e uma forma\u00e7\u00e3o para profissionais da educa\u00e7\u00e3o.<\/p>\n<p>A Secretaria de Educa\u00e7\u00e3o parabeniza todos os profissionais dedicados que buscam conhecimento para oferecer uma educa\u00e7\u00e3o inclusiva de qualidade.<\/p>\n<figure class=\"is-layout-flex wp-block-gallery-1 wp-block-gallery has-nested-images columns-default is-cropped\">\n<figure class=\"wp-block-image size-large\"><noscript><\/noscript><\/figure>\n<figure class=\"wp-block-image size-large\"><noscript><\/noscript><\/figure>\n<figure class=\"wp-block-image size-large\"><noscript><\/noscript><\/figure>\n<figure class=\"wp-block-image size-large\"><noscript><\/noscript><\/figure>\n<\/figure><\/div>\n","protected":false},"excerpt":{"rendered":"<p>A Secretaria Municipal de Educa\u00e7\u00e3o de Guaratinguet\u00e1 se destacou nacionalmente mais uma vez! Durante o planejamento do ano letivo, o prefeito Marcus Soliva recebeu um pr\u00eamio da Faz Educa\u00e7\u00e3o\/Movimento Juntos pela Inclus\u00e3o, entregue por Tom Ferreira. O reconhecimento foi pelo engajamento excepcional dos educadores na forma\u00e7\u00e3o virtual sobre inclus\u00e3o realizada em 07\/12\/2023, com Guaratinguet\u00e1 sendo [&hellip;]<\/p>\n","protected":false},"author":1,"featured_media":0,"comment_status":"open","ping_status":"open","sticky":false,"template":"","format":"standard","meta":{"footnotes":""},"categories":[1],"tags":[],"class_list":["post-18033","post","type-post","status-publish","format-standard","hentry","category-noticias"],"amp_enabled":true,"_links":{"self":[{"href":"https:\/\/novasdodia.com.br\/index.php\/wp-json\/wp\/v2\/posts\/18033","targetHints":{"allow":["GET"]}}],"collection":[{"href":"https:\/\/novasdodia.com.br\/index.php\/wp-json\/wp\/v2\/posts"}],"about":[{"href":"https:\/\/novasdodia.com.br\/index.php\/wp-json\/wp\/v2\/types\/post"}],"author":[{"embeddable":true,"href":"https:\/\/novasdodia.com.br\/index.php\/wp-json\/wp\/v2\/users\/1"}],"replies":[{"embeddable":true,"href":"https:\/\/novasdodia.com.br\/index.php\/wp-json\/wp\/v2\/comments?post=18033"}],"version-history":[{"count":0,"href":"https:\/\/novasdodia.com.br\/index.php\/wp-json\/wp\/v2\/posts\/18033\/revisions"}],"wp:attachment":[{"href":"https:\/\/novasdodia.com.br\/index.php\/wp-json\/wp\/v2\/media?parent=18033"}],"wp:term":[{"taxonomy":"category","embeddable":true,"href":"https:\/\/novasdodia.com.br\/index.php\/wp-json\/wp\/v2\/categories?post=18033"},{"taxonomy":"post_tag","embeddable":true,"href":"https:\/\/novasdodia.com.br\/index.php\/wp-json\/wp\/v2\/tags?post=18033"}],"curies":[{"name":"wp","href":"https:\/\/api.w.org\/{rel}","templated":true}]}}