{"id":18051,"date":"2024-02-21T12:34:29","date_gmt":"2024-02-21T15:34:29","guid":{"rendered":"https:\/\/novasdodia.com.br\/?p=18051"},"modified":"2024-02-21T12:34:29","modified_gmt":"2024-02-21T15:34:29","slug":"contratacao-do-volante-chileno-galdames-pelo-vasco-teve-indicacao-da-777-e-aval-de-medel-netvasco-bola-rolando","status":"publish","type":"post","link":"https:\/\/novasdodia.com.br\/index.php\/2024\/02\/21\/contratacao-do-volante-chileno-galdames-pelo-vasco-teve-indicacao-da-777-e-aval-de-medel-netvasco-bola-rolando\/","title":{"rendered":"Contrata\u00e7\u00e3o do volante chileno Galdames pelo Vasco teve indica\u00e7\u00e3o da 777 e \u2018aval\u2019 de Medel | NETVASCO &#8211; BOLA ROLANDO"},"content":{"rendered":"\n<p>Contrata\u00e7\u00e3o do volante chileno Galdames pelo Vasco teve indica\u00e7\u00e3o da 777 e &#8216;aval&#8217; de Medel  \t\t\t\t\t\t                        Quarta-feira, 21\/02\/2024  &#8211; 10:39                              \t\t\t\t\tPablo Galdames ainda n\u00e3o completou um m\u00eas de Vasco, mas parece muito bem adaptado ao clube e ao Rio de Janeiro. Seis dias depois de desembarcar no Brasil, o volante estreou como titular e n\u00e3o saiu mais do time &#8211; marcou um gol e deu uma assist\u00eancia em tr\u00eas jogos.   Tudo relacionado ao Vasco tem acontecido muito r\u00e1pido para Galdames. Mas como o clube decidiu pela contrata\u00e7\u00e3o do meio-campista chileno?  Galdames pertencia a um clube da 777 Partners, dona da SAF do Vasco. Isso explica muita coisa, mas a negocia\u00e7\u00e3o teve dedo do atual departamento de futebol e de Gary Medel, companheiro de sele\u00e7\u00e3o chilena.  O nome do volante, que pouco jogou pelo Genoa nos tr\u00eas anos em que ficou na It\u00e1lia, foi indicado ao Vasco pelo scout da 777 no ano passado. O grupo esportivo acreditava que Galdames se encaixaria bem no clube carioca, mas naquele momento n\u00e3o houve interesse.  Em 2024, com as les\u00f5es de Paulinho e Jair, a 777 voltou a indicar Galdames para o Vasco. Alexandre Mattos buscou mais informa\u00e7\u00f5es sobre o volante e gostou do que viu. Coube ao diretor de futebol dar seguimento \u00e0 negocia\u00e7\u00e3o diretamente com o jogador, que tinha mais seis meses de contrato com o Genoa.  Sem se firmar na Europa, Galdames, de 27 anos, viu com bons olhos a transfer\u00eancia e est\u00e1 se dando bem. No primeiro momento, a torcida do Vasco at\u00e9 questionou a contrata\u00e7\u00e3o, mas j\u00e1 mudou de opini\u00e3o com as boas atua\u00e7\u00f5es do jogador.  A SAF v\u00ea a contrata\u00e7\u00e3o como um &#8220;case de sucesso&#8221; na integra\u00e7\u00e3o entre os clubes da empresa. Afinal, a vinda de Galdames s\u00f3 foi poss\u00edvel por causa dessa rela\u00e7\u00e3o dentro da 777.   <\/p>\n<table>\n<tr>\n<td><a>Galdames tem um gol e uma assist\u00eancia em tr\u00eas jogos pelo Vasco &mdash; Foto: Andr\u00e9 Dur\u00e3o \/ ge<\/a><\/td>\n<\/tr>\n<\/table>\n<p>  <b>Velho conhecido de Medel<\/b>  O processo tamb\u00e9m teve dedo de Gary Medel, capit\u00e3o do time de Ram\u00f3n D\u00edaz. Mattos conversou com o chileno, que encheu a bola do compatriota. O &#8220;aval&#8221; do zagueiro tranquilizou o Vasco. Ele conhece o volante h\u00e1 muitos anos.  &#8211; Pablito \u00e9 um jogador que conhe\u00e7o desde que ele tem 13 anos, porque ele jogava com meus irm\u00e3os mais novos. Era nosso &#8220;sparring&#8221; (jogador da base). Trabalhou conosco na sele\u00e7\u00e3o. Sei a pessoa que \u00e9, o jogador. Foi um prazer receb\u00ea-lo aqui no Vasco. \u00c9 um jogador muito inteligente, que sabe dos movimentos. Ele est\u00e1 demonstrando. Em tr\u00eas partidas que jogou, j\u00e1 mostrou isso &#8211; disse o capit\u00e3o da equipe, em entrevista exclusiva ao ge, que ser\u00e1 publicada ainda nesta quarta.  Fonte: ge<\/p>\n<p>Fonte: <a>www.netvasco.com.br\/n\/331102\/contratacao-do-volante-chileno-galdames-pelo-vasco-teve-indicacao-da-777-e-aval-de-medel<\/a><\/p>\n<p>   \t\t\t\t\t\t\t  \t\t\t\t\t\t \t\t\t\t\t\t\t\t\t\t\t\tCategoria<a>vasco<\/a>                        <\/p>\n<p>Fonte: <a href=\"\/\/bolarolando.com.br\/index.php\/2024\/02\/21\/contratacao-do-volante-chileno-galdames-pelo-vasco-teve-indicacao-da-777-e-aval-de-medel-netvasco\" title=\"bolarolando.com.br\/index.php\/2024\/02\/21\/contratacao-do-volante-chileno-galdames-pelo-vasco-teve-indicacao-da-777-e-aval-de-medel-netvasco\" target=\"_blank\" rel=\"bookmark noopener\"><cite>bolarolando.com.br\/index.php\/2024\/02\/21\/contratacao-do-volante-chileno-galdames-pelo-vasco-teve-indicacao-da-777-e-aval-de-medel-netvasco<\/cite><\/a><\/p>\n","protected":false},"excerpt":{"rendered":"<p>Contrata\u00e7\u00e3o do volante chileno Galdames pelo Vasco teve indica\u00e7\u00e3o da 777 e &#8216;aval&#8217; de Medel Quarta-feira, 21\/02\/2024 &#8211; 10:39 Pablo Galdames ainda n\u00e3o completou um m\u00eas de Vasco, mas parece muito bem adaptado ao clube e ao Rio de Janeiro. Seis dias depois de desembarcar no Brasil, o volante estreou como titular e n\u00e3o saiu [&hellip;]<\/p>\n","protected":false},"author":1,"featured_media":0,"comment_status":"closed","ping_status":"closed","sticky":false,"template":"","format":"standard","meta":{"footnotes":""},"categories":[3],"tags":[],"class_list":["post-18051","post","type-post","status-publish","format-standard","hentry","category-futebol-ao-vivo"],"amp_enabled":true,"_links":{"self":[{"href":"https:\/\/novasdodia.com.br\/index.php\/wp-json\/wp\/v2\/posts\/18051","targetHints":{"allow":["GET"]}}],"collection":[{"href":"https:\/\/novasdodia.com.br\/index.php\/wp-json\/wp\/v2\/posts"}],"about":[{"href":"https:\/\/novasdodia.com.br\/index.php\/wp-json\/wp\/v2\/types\/post"}],"author":[{"embeddable":true,"href":"https:\/\/novasdodia.com.br\/index.php\/wp-json\/wp\/v2\/users\/1"}],"replies":[{"embeddable":true,"href":"https:\/\/novasdodia.com.br\/index.php\/wp-json\/wp\/v2\/comments?post=18051"}],"version-history":[{"count":1,"href":"https:\/\/novasdodia.com.br\/index.php\/wp-json\/wp\/v2\/posts\/18051\/revisions"}],"predecessor-version":[{"id":18052,"href":"https:\/\/novasdodia.com.br\/index.php\/wp-json\/wp\/v2\/posts\/18051\/revisions\/18052"}],"wp:attachment":[{"href":"https:\/\/novasdodia.com.br\/index.php\/wp-json\/wp\/v2\/media?parent=18051"}],"wp:term":[{"taxonomy":"category","embeddable":true,"href":"https:\/\/novasdodia.com.br\/index.php\/wp-json\/wp\/v2\/categories?post=18051"},{"taxonomy":"post_tag","embeddable":true,"href":"https:\/\/novasdodia.com.br\/index.php\/wp-json\/wp\/v2\/tags?post=18051"}],"curies":[{"name":"wp","href":"https:\/\/api.w.org\/{rel}","templated":true}]}}