{"id":18766,"date":"2024-03-04T15:40:57","date_gmt":"2024-03-04T18:40:57","guid":{"rendered":"https:\/\/novasdodia.com.br\/index.php\/2024\/03\/04\/guardas-municipais-prendem-motorista-flagrado-dirigindo-com-placa-coberta-na-faixa-exclusiva-do-brt-na-avenida-brasil-prefeitura-da-cidade-do-rio-de-janeiro\/"},"modified":"2024-03-04T15:40:57","modified_gmt":"2024-03-04T18:40:57","slug":"guardas-municipais-prendem-motorista-flagrado-dirigindo-com-placa-coberta-na-faixa-exclusiva-do-brt-na-avenida-brasil-prefeitura-da-cidade-do-rio-de-janeiro","status":"publish","type":"post","link":"https:\/\/novasdodia.com.br\/index.php\/2024\/03\/04\/guardas-municipais-prendem-motorista-flagrado-dirigindo-com-placa-coberta-na-faixa-exclusiva-do-brt-na-avenida-brasil-prefeitura-da-cidade-do-rio-de-janeiro\/","title":{"rendered":"Guardas municipais prendem motorista flagrado dirigindo com placa coberta na faixa exclusiva do BRT na Avenida Brasil &#8211; Prefeitura da Cidade do Rio de Janeiro"},"content":{"rendered":"<p><\/p>\n<div id=\"main\">\n<div class=\"wrapper-breadcrumbs\" wp_automatic_readability=\"22.65170556553\">\n<div class=\"image-post\" wp_automatic_readability=\"32\">\n                     O veiculo estava circulando com a placa coberta na Avenida Brasil &#8211; Prefeitura do Rio                  <\/div>\n<p>Uma equipe do Grupamento de Guardas Motociclistas (GGM) da Guarda Municipal prendeu um motorista, de 38 anos, que estava circulando com as placas do ve\u00edculo cobertas com uma toalha na faixa exclusiva do BRT, na Avenida Brasil, altura do Caju. O flagrante aconteceu na manh\u00e3 desta segunda-feira (4\/3).<\/p>\n<p>O condutor tamb\u00e9m n\u00e3o possu\u00eda Carteira Nacional de Habilita\u00e7\u00e3o. Ele foi detido e levado para a 17\u00aa DP (S\u00e3o Crist\u00f3v\u00e3o), onde o caso foi registrado com base no Artigo 311 do C\u00f3digo Penal, que fixa a puni\u00e7\u00e3o de pris\u00e3o e multa para quem \u201cadulterar ou remarcar n\u00famero de chassi ou qualquer sinal identificador de ve\u00edculo automotor\u201d.\u00a0\u00a0A situa\u00e7\u00e3o gerou duas infra\u00e7\u00f5es para o motorista: uma no valor de R$ 293,47 por trafegar na faixa exclusiva do BRT, e a outra no mesmo valor por adultera\u00e7\u00e3o na placa do ve\u00edculo.<\/p>\n<p>A Guarda Municipal do Rio (GM-Rio) est\u00e1 refor\u00e7ando as a\u00e7\u00f5es de patrulhamento motorizado e a fiscaliza\u00e7\u00e3o nas passarelas da Avenida Brasil com agentes e tamb\u00e9m com drones para coibir o acesso indevido de ve\u00edculos na pista do BRT. Desde 2023, foram aplicadas\u00a0 mais de 970 multas por esta infra\u00e7\u00e3o, sendo 51 aplicadas com drone. A fiscaliza\u00e7\u00e3o da GM-Rio \u00e9 complementar \u00e0 fiscaliza\u00e7\u00e3o eletr\u00f4nica realizada pela CET-Rio. O objetivo \u00e9 promover a mobilidade urbana e priorizar a seguran\u00e7a vi\u00e1ria.<\/p>\n<p>\u00a0<\/p>\n<p>\u00a0<\/p>\n<p>\u00a0<\/p>\n<p>\u00a0<\/p>\n<p>             <!-- Compartilhe ---><\/p>\n<p>\t\t\t <!-- TAGS --><\/p>\n<section class=\"category-tags\">\n<article class=\"tags\">\n\t\t\t\t\tMarca\u00e7\u00f5es: Avenida Brasil BRT faixa exclusiva GM Guarda Municipal motorista placa tampada pris\u00e3o<br \/><\/article>\n<\/section>\n<p>            <!-- Mais Not&iacute;cias --><\/p>\n<p>\t\t<!-- Conte&uacute;do SIDEBAR --><\/p><\/div>\n<\/p><\/div>\n","protected":false},"excerpt":{"rendered":"<p>O veiculo estava circulando com a placa coberta na Avenida Brasil &#8211; Prefeitura do Rio Uma equipe do Grupamento de Guardas Motociclistas (GGM) da Guarda Municipal prendeu um motorista, de 38 anos, que estava circulando com as placas do ve\u00edculo cobertas com uma toalha na faixa exclusiva do BRT, na Avenida Brasil, altura do Caju. [&hellip;]<\/p>\n","protected":false},"author":1,"featured_media":0,"comment_status":"open","ping_status":"open","sticky":false,"template":"","format":"standard","meta":{"footnotes":""},"categories":[1],"tags":[],"class_list":["post-18766","post","type-post","status-publish","format-standard","hentry","category-noticias"],"amp_enabled":true,"_links":{"self":[{"href":"https:\/\/novasdodia.com.br\/index.php\/wp-json\/wp\/v2\/posts\/18766","targetHints":{"allow":["GET"]}}],"collection":[{"href":"https:\/\/novasdodia.com.br\/index.php\/wp-json\/wp\/v2\/posts"}],"about":[{"href":"https:\/\/novasdodia.com.br\/index.php\/wp-json\/wp\/v2\/types\/post"}],"author":[{"embeddable":true,"href":"https:\/\/novasdodia.com.br\/index.php\/wp-json\/wp\/v2\/users\/1"}],"replies":[{"embeddable":true,"href":"https:\/\/novasdodia.com.br\/index.php\/wp-json\/wp\/v2\/comments?post=18766"}],"version-history":[{"count":0,"href":"https:\/\/novasdodia.com.br\/index.php\/wp-json\/wp\/v2\/posts\/18766\/revisions"}],"wp:attachment":[{"href":"https:\/\/novasdodia.com.br\/index.php\/wp-json\/wp\/v2\/media?parent=18766"}],"wp:term":[{"taxonomy":"category","embeddable":true,"href":"https:\/\/novasdodia.com.br\/index.php\/wp-json\/wp\/v2\/categories?post=18766"},{"taxonomy":"post_tag","embeddable":true,"href":"https:\/\/novasdodia.com.br\/index.php\/wp-json\/wp\/v2\/tags?post=18766"}],"curies":[{"name":"wp","href":"https:\/\/api.w.org\/{rel}","templated":true}]}}