{"id":19006,"date":"2024-03-08T09:20:49","date_gmt":"2024-03-08T12:20:49","guid":{"rendered":"https:\/\/novasdodia.com.br\/index.php\/2024\/03\/08\/prefeitura-do-rio-homenageia-personalidades-femininas-no-premio-nise-da-silveira-2024-prefeitura-da-cidade-do-rio-de-janeiro\/"},"modified":"2024-03-08T09:20:49","modified_gmt":"2024-03-08T12:20:49","slug":"prefeitura-do-rio-homenageia-personalidades-femininas-no-premio-nise-da-silveira-2024-prefeitura-da-cidade-do-rio-de-janeiro","status":"publish","type":"post","link":"https:\/\/novasdodia.com.br\/index.php\/2024\/03\/08\/prefeitura-do-rio-homenageia-personalidades-femininas-no-premio-nise-da-silveira-2024-prefeitura-da-cidade-do-rio-de-janeiro\/","title":{"rendered":"Prefeitura do Rio homenageia personalidades femininas no Pr\u00eamio Nise da Silveira 2024 &#8211; Prefeitura da Cidade do Rio de Janeiro"},"content":{"rendered":"<p><\/p>\n<div wp_automatic_readability=\"71.712938958284\">\n<div class=\"image-post\" wp_automatic_readability=\"32\">\n                     As homenageadas no Pr\u00eamio Nise da Silveira 2024 &#8211; Ana Bia Novaes \/ Divulga\u00e7\u00e3o                  <\/div>\n<p>A Prefeitura do Rio, por meio da Secretaria de Pol\u00edticas e Promo\u00e7\u00e3o da Mulher, entregou nesta quinta-feira (07\/03) o Pr\u00eamio Nise da Silveira, uma homenagem a personalidades que t\u00eam hist\u00f3rias inspiradoras e fazem a diferen\u00e7a na cidade do Rio de Janeiro e em todo pa\u00eds.\u00a0 A 9\u00b0 edi\u00e7\u00e3o do evento, com o tema \u201cMulheres que inspiram\u201d, foi promovida na v\u00e9spera do Dia Internacional da Mulher, na Cidade das Artes Bibi Ferreira, na Barra da Tijuca.<\/p>\n<blockquote wp_automatic_readability=\"23\">\n<p>\u2013 Quando fazemos uma premia\u00e7\u00e3o como o Nise da Silveira, com a presen\u00e7a de mulheres que eu n\u00e3o imaginava que pudessem estar aqui, eu digo que bom que estamos reconhecendo que somos gente, cidad\u00e3s, belas, inteligentes, filhas, m\u00e3es, artista, cantora, chefe, atriz, servidora p\u00fablica, modelo. E que bom que podemos ser cada uma de n\u00f3s, vers\u00f5es completamente diferentes. Mulheres que levantam outras mulheres \u2013 afirmou a secret\u00e1ria de Pol\u00edticas e Promo\u00e7\u00e3o da Mulher, Joyce Trindade.<\/p>\n<\/blockquote>\n<p>No pr\u00eamio, dez mulheres foram homenageadas: a apresentadora Xuxa, a cantora Alcione, a apresentadora e jornalista F\u00e1tima Bernardes, a atriz Clara Moneke, as jornalistas Ana Paula Ara\u00fajo e Renata Silveira, a modelo Maju Ara\u00fajo, a empres\u00e1ria e apresentadora Andressa Cabral, a servidora p\u00fablica B\u00e1rbara Nascimento, al\u00e9m de Yngrid Silva, aluna da Casa da Mulher Carioca Dinah Coutinho, onde se formou em cursos na \u00e1rea de beleza, depois de ser atendida no N\u00facleo Especializado de Atendimento \u00e0 Mulher (Neam) por causa de viol\u00eancia dom\u00e9stica.<\/p>\n<blockquote wp_automatic_readability=\"15\">\n<p>\u2013 \u00c9 uma honra estar aqui hoje, estou muito agradecida. Sou mulher preta, da periferia, moradora de comunidade, m\u00e3e solteira e v\u00edtima de viol\u00eancia dom\u00e9stica durante 17 anos. E hoje estou aqui para contar que voc\u00ea pode se levantar. Sou como a f\u00eanix para estar aqui hoje, para falar que eu venci a tristeza, o cativeiro e a depress\u00e3o. Conheci a Casa da Mulher Carioca e fui muito abra\u00e7ada. O projeto do Neam \u00e9 maravilhoso. Fui acolhida e ganhei outros conhecimentos \u2013 disse Yngrid, de 32 anos.<\/p>\n<\/blockquote>\n<p>Ex-apresentadora do Jornal Nacional, da TV Globo, e com mais de 30 anos de carreira, F\u00e1tima Bernardes agradeceu o pr\u00eamio e destacou a hist\u00f3ria de vida da m\u00e9dica Nise da Silveira, que d\u00e1 nome \u00e0 premia\u00e7\u00e3o:<\/p>\n<blockquote wp_automatic_readability=\"13\">\n<p>\u2013 Queria agradecer pela iniciativa de cria\u00e7\u00e3o desse pr\u00eamio. \u00c9 uma noite muito feliz, estar aqui celebrando o trabalho e a vida. Esse pr\u00eamio tem muitas camadas. Primeiro, ele leva o nome da doutora Nise da Silveira, uma mulher inspiradora. Se ainda \u00e9 dif\u00edcil para tantas de n\u00f3s, imagina em 1905 quando ela nasceu. Ser uma m\u00e9dica naquela \u00e9poca, transformar o tratamento psiqui\u00e1trico e hoje ser reconhecida no mundo todo. E a outra camada \u00e9 me deparar com essas mulheres homenageadas. \u00c9 uma honra estar ao lado de voc\u00eas.<\/p>\n<\/blockquote>\n<p>O Pr\u00eamio Nise da Silveira \u00e9 uma iniciativa da Prefeitura do Rio e foi criado em 2013 pelo decreto n\u00b0 36.852 do prefeito Eduardo Paes, como um importante reconhecimento ao papel de destaque das mulheres na cidade do Rio de Janeiro. A a\u00e7\u00e3o tem como objetivo incentivar a promo\u00e7\u00e3o das mulheres no munic\u00edpio.<\/p>\n<p>Em 2023, a premia\u00e7\u00e3o homenageou empres\u00e1rias que transformaram o cen\u00e1rio econ\u00f4mico da cidade do Rio, como Luiza Helena Trajano, presidente do Conselho de Administra\u00e7\u00e3o do Magazine Luiza, e Carol Sampaio, empres\u00e1ria e s\u00f3cia do CS Eventos. Em 2022, a presidente de honra do Renascen\u00e7a Clube, Nanci Rosa, recebeu o pr\u00eamio especial.<\/p>\n<p>             <!-- Compartilhe ---><\/p>\n<p>\t\t\t <!-- TAGS --><\/p>\n<section class=\"category-tags\">\n<article class=\"tags\">\n\t\t\t\t\tMarca\u00e7\u00f5es: Dia Internacional da Mulher Prefeitura do Rio prefeitura do Rio de janeiro Pr\u00eamio Nise da Silveira<br \/><\/article>\n<\/section>\n<p>            <!-- Mais Not&iacute;cias --><\/p>\n<p>\t\t<!-- Conte&uacute;do SIDEBAR --><\/p><\/div>\n","protected":false},"excerpt":{"rendered":"<p>As homenageadas no Pr\u00eamio Nise da Silveira 2024 &#8211; Ana Bia Novaes \/ Divulga\u00e7\u00e3o A Prefeitura do Rio, por meio da Secretaria de Pol\u00edticas e Promo\u00e7\u00e3o da Mulher, entregou nesta quinta-feira (07\/03) o Pr\u00eamio Nise da Silveira, uma homenagem a personalidades que t\u00eam hist\u00f3rias inspiradoras e fazem a diferen\u00e7a na cidade do Rio de Janeiro [&hellip;]<\/p>\n","protected":false},"author":1,"featured_media":0,"comment_status":"open","ping_status":"open","sticky":false,"template":"","format":"standard","meta":{"footnotes":""},"categories":[1],"tags":[],"class_list":["post-19006","post","type-post","status-publish","format-standard","hentry","category-noticias"],"amp_enabled":true,"_links":{"self":[{"href":"https:\/\/novasdodia.com.br\/index.php\/wp-json\/wp\/v2\/posts\/19006","targetHints":{"allow":["GET"]}}],"collection":[{"href":"https:\/\/novasdodia.com.br\/index.php\/wp-json\/wp\/v2\/posts"}],"about":[{"href":"https:\/\/novasdodia.com.br\/index.php\/wp-json\/wp\/v2\/types\/post"}],"author":[{"embeddable":true,"href":"https:\/\/novasdodia.com.br\/index.php\/wp-json\/wp\/v2\/users\/1"}],"replies":[{"embeddable":true,"href":"https:\/\/novasdodia.com.br\/index.php\/wp-json\/wp\/v2\/comments?post=19006"}],"version-history":[{"count":0,"href":"https:\/\/novasdodia.com.br\/index.php\/wp-json\/wp\/v2\/posts\/19006\/revisions"}],"wp:attachment":[{"href":"https:\/\/novasdodia.com.br\/index.php\/wp-json\/wp\/v2\/media?parent=19006"}],"wp:term":[{"taxonomy":"category","embeddable":true,"href":"https:\/\/novasdodia.com.br\/index.php\/wp-json\/wp\/v2\/categories?post=19006"},{"taxonomy":"post_tag","embeddable":true,"href":"https:\/\/novasdodia.com.br\/index.php\/wp-json\/wp\/v2\/tags?post=19006"}],"curies":[{"name":"wp","href":"https:\/\/api.w.org\/{rel}","templated":true}]}}