{"id":19069,"date":"2024-03-09T08:24:01","date_gmt":"2024-03-09T11:24:01","guid":{"rendered":"https:\/\/novasdodia.com.br\/index.php\/2024\/03\/09\/avancos-da-ia-no-brasil-sao-debatidos-por-diretor-presidente-da-fundect-em-reuniao-de-conselho-nacional\/"},"modified":"2024-03-09T08:24:01","modified_gmt":"2024-03-09T11:24:01","slug":"avancos-da-ia-no-brasil-sao-debatidos-por-diretor-presidente-da-fundect-em-reuniao-de-conselho-nacional","status":"publish","type":"post","link":"https:\/\/novasdodia.com.br\/index.php\/2024\/03\/09\/avancos-da-ia-no-brasil-sao-debatidos-por-diretor-presidente-da-fundect-em-reuniao-de-conselho-nacional\/","title":{"rendered":"Avan\u00e7os da IA no Brasil s\u00e3o debatidos por diretor-presidente da Fundect em reuni\u00e3o de conselho nacional"},"content":{"rendered":"<p><\/p>\n<div>\n<p dir=\"ltr\">O diretor presidente da Fundect e vice-presidente do Conselho Nacional das Funda\u00e7\u00f5es Estaduais de Amparo \u00e0 Pesquisa, M\u00e1rcio de Ara\u00fajo Pereira, participou nesta quinta-feira, 7 de mar\u00e7o, da 2\u00aa Reuni\u00e3o Ordin\u00e1ria do Conselho Nacional de Ci\u00eancia e Tecnologia (CCT), no Pal\u00e1cio do Planalto, com o tema \u201cOs avan\u00e7os da Intelig\u00eancia Artificial (IA) no Brasil\u201d. Na ocasi\u00e3o, o presidente Luiz In\u00e1cio Lula da Silva, que preside o CCT, pediu para os conselheiros elaborarem uma proposta de pol\u00edtica de IA com o objetivo de tornar o Brasil competitivo na \u00e1rea a n\u00edvel mundial.\u00a0\u00a0<\/p>\n<p dir=\"ltr\">Lula antecipou que deseja apresentar ao mundo, durante seu discurso na abertura da 79\u00aa Sess\u00e3o da Assembleia Geral das Na\u00e7\u00f5es Unidas, em setembro, um projeto genuinamente brasileiro de IA. \u201cEnt\u00e3o, vamos colocar no papel o que voc\u00eas acham que pode ser feito. O que voc\u00eas acham que o Brasil tem que fazer para ser detentor e se apresentar ao mundo para que eu v\u00e1 dia 23 de setembro fazer meu discurso na ONU e apresentar nossa proposta de intelig\u00eancia artificial? Vamos aceitar esse desafio e vamos nos tornar grandes, orgulhosos\u201d.<\/p>\n<p dir=\"ltr\">\u201c\u00c9 uma honra muito grande integrar o Conselho, \u00f3rg\u00e3o consultivo de assessoramento superior do Presidente da Rep\u00fablica para a formula\u00e7\u00e3o da pol\u00edtica nacional de ci\u00eancia, tecnologia e inova\u00e7\u00e3o. Foi a primeira reuni\u00e3o ap\u00f3s seu reestabelecimento e j\u00e1 com uma grande miss\u00e3o, apresentar uma proposta de pol\u00edtica nacional para a intelig\u00eancia artificial no pa\u00eds. 0 assento \u00e9 do Confap e por meio dele levamos a voz das funda\u00e7\u00f5es de Amparo a pesquisa dos estados da federa\u00e7\u00e3o para as principais pol\u00edticas e programas nacionais\u201d, destacou M\u00e1rcio de Ara\u00fajo Pereira.<\/p>\n<p dir=\"ltr\">Durante a reuni\u00e3o desta quinta, especialistas abordaram quatro eixos tem\u00e1ticos vinculados \u00e0 IA: desafios para aumentar a capacidade digital e investimento em P&amp;D do pa\u00eds; oportunidades e riscos associados \u00e0s aplica\u00e7\u00f5es de IA; impactos e oportunidades da IA no mundo do trabalho; e Intelig\u00eancia Artificial e a integridade da informa\u00e7\u00e3o.<\/p>\n<div id=\"gallery-1\" class=\"gallery galleryid-468373 gallery-columns-1 gallery-size-large\">\n<figure class=\"gallery-item\">\n<div class=\"gallery-icon landscape\"><\/div>\n<\/figure><\/div>\n<p dir=\"ltr\">Para tratar desses assuntos, foram convidados os especialistas Virg\u00edlio Augusto Fernandes Almeida, membro da Academia Brasileira de Ci\u00eancias e da Academia Nacional de Engenharia, e professor titular do Departamento de Ci\u00eancia da Computa\u00e7\u00e3o da UFMG; Silvio Romero de Lemos Meira, professor extraordin\u00e1rio da CESAR.school e professor em\u00e9rito do Centro de Inform\u00e1tica da UFPE; Roseli Figaro, professora titular da USP, membro do Conselho Gestor do INCTDSI\/CNPq e diretora editorial da Revista Comunica\u00e7\u00e3o Educa\u00e7\u00e3o; e Laura Schertel, professora adjunta de Direito Civil na UnB e no IDP, autora de &#8220;Privacidade, Prote\u00e7\u00e3o de Dados e Defesa do Consumidor&#8221; (2014) e co-chair da sess\u00e3o de Intelig\u00eancia Artificial e \u00c9tica do BRAGFOST (2020).<\/p>\n<p dir=\"ltr\">O CCT\u00a0\u2013 O Conselho Nacional de Ci\u00eancia e Tecnologia foi reformulado pelo Decreto n\u00ba 11.474, editado pelo presidente Lula em abril de 2023. Uma das a\u00e7\u00f5es dos primeiros 100 dias de governo, a reestrutura\u00e7\u00e3o do CCT ampliou a participa\u00e7\u00e3o de representantes do governo e da sociedade civil e marcou a reativa\u00e7\u00e3o do Pleno do Conselho.<\/p>\n<p dir=\"ltr\">O decreto estabelece que o CCT ser\u00e1 composto por 34 membros e contar\u00e1, al\u00e9m do presidente da Rep\u00fablica, com a participa\u00e7\u00e3o de 16 ministros de Estado, 8 membros entre produtores e usu\u00e1rios de ci\u00eancia e tecnologia e 9 representantes de entidades dos setores de ensino, pesquisa, ci\u00eancia e tecnologia.<\/p>\n<p dir=\"ltr\">O CCT trabalha pela reindustrializa\u00e7\u00e3o do pa\u00eds tendo a ci\u00eancia, tecnologia e inova\u00e7\u00e3o como um dos eixos estruturantes do desenvolvimento nacional. Para tanto, tem como uma de suas principais atribui\u00e7\u00f5es a formula\u00e7\u00e3o e a implementa\u00e7\u00e3o da pol\u00edtica nacional de C, T &amp; I.<\/p>\n<p dir=\"ltr\"><em>Maristela Cantadori, Comunica\u00e7\u00e3o Fundect<br \/><\/em><em>Fotos: Divulga\u00e7\u00e3o Governo Federal<\/em><\/p>\n<\/div>\n","protected":false},"excerpt":{"rendered":"<p>O diretor presidente da Fundect e vice-presidente do Conselho Nacional das Funda\u00e7\u00f5es Estaduais de Amparo \u00e0 Pesquisa, M\u00e1rcio de Ara\u00fajo Pereira, participou nesta quinta-feira, 7 de mar\u00e7o, da 2\u00aa Reuni\u00e3o Ordin\u00e1ria do Conselho Nacional de Ci\u00eancia e Tecnologia (CCT), no Pal\u00e1cio do Planalto, com o tema \u201cOs avan\u00e7os da Intelig\u00eancia Artificial (IA) no Brasil\u201d. Na [&hellip;]<\/p>\n","protected":false},"author":1,"featured_media":0,"comment_status":"open","ping_status":"open","sticky":false,"template":"","format":"standard","meta":{"footnotes":""},"categories":[],"tags":[],"class_list":["post-19069","post","type-post","status-publish","format-standard","hentry"],"amp_enabled":true,"_links":{"self":[{"href":"https:\/\/novasdodia.com.br\/index.php\/wp-json\/wp\/v2\/posts\/19069","targetHints":{"allow":["GET"]}}],"collection":[{"href":"https:\/\/novasdodia.com.br\/index.php\/wp-json\/wp\/v2\/posts"}],"about":[{"href":"https:\/\/novasdodia.com.br\/index.php\/wp-json\/wp\/v2\/types\/post"}],"author":[{"embeddable":true,"href":"https:\/\/novasdodia.com.br\/index.php\/wp-json\/wp\/v2\/users\/1"}],"replies":[{"embeddable":true,"href":"https:\/\/novasdodia.com.br\/index.php\/wp-json\/wp\/v2\/comments?post=19069"}],"version-history":[{"count":0,"href":"https:\/\/novasdodia.com.br\/index.php\/wp-json\/wp\/v2\/posts\/19069\/revisions"}],"wp:attachment":[{"href":"https:\/\/novasdodia.com.br\/index.php\/wp-json\/wp\/v2\/media?parent=19069"}],"wp:term":[{"taxonomy":"category","embeddable":true,"href":"https:\/\/novasdodia.com.br\/index.php\/wp-json\/wp\/v2\/categories?post=19069"},{"taxonomy":"post_tag","embeddable":true,"href":"https:\/\/novasdodia.com.br\/index.php\/wp-json\/wp\/v2\/tags?post=19069"}],"curies":[{"name":"wp","href":"https:\/\/api.w.org\/{rel}","templated":true}]}}