{"id":19245,"date":"2024-03-12T15:33:54","date_gmt":"2024-03-12T18:33:54","guid":{"rendered":"https:\/\/novasdodia.com.br\/index.php\/2024\/03\/12\/bonito-participa-na-21a-edicao-do-forum-panrotas-prefeitura-municipal-de-bonito\/"},"modified":"2024-03-12T15:33:54","modified_gmt":"2024-03-12T18:33:54","slug":"bonito-participa-na-21a-edicao-do-forum-panrotas-prefeitura-municipal-de-bonito","status":"publish","type":"post","link":"https:\/\/novasdodia.com.br\/index.php\/2024\/03\/12\/bonito-participa-na-21a-edicao-do-forum-panrotas-prefeitura-municipal-de-bonito\/","title":{"rendered":"Bonito participa na 21\u00aa Edic\u00e3o do F\u00f3rum Panrotas &#8211; Prefeitura Municipal de Bonito"},"content":{"rendered":"<p><\/p>\n<div>\n<div class=\"td-post-featured-image\"><\/div>\n<p>Bonito participou da vig\u00e9sima primeira edi\u00e7\u00e3o do F\u00f3rum Panrotas, que aconteceu nos \u00faltimos dias 05 e 06 de mar\u00e7o, no World Trade Center S\u00e3o Paulo. Foram mais de 2.100 inscritos, o F\u00f3rum apresentou cen\u00e1rios e perspectivas do futuro, al\u00e9m das comemora\u00e7\u00f5es de 50 anos de publica\u00e7\u00e3o na ind\u00fastria do Turismo no Brasil.<\/p>\n<p>O F\u00f3rum PANROTAS 2024 \u00e9 um ambiente onde l\u00edderes e especialistas do setor do turismo se reuniram para participar de discuss\u00f5es t\u00e9cnicas e apresenta\u00e7\u00f5es. Os anfitri\u00f5es do evento, Jos\u00e9 Guillermo C. Alcorta, presidente da PANROTAS, e seu filho, Jos\u00e9 Guilherme Alcorta, CEO da empresa, lan\u00e7aram o tema Hist\u00f3rias dos Futuros, onde trouxeram as tend\u00eancias do Turismo com um olhar para os futuros poss\u00edveis da ind\u00fastria. Em sua 21\u00aa edi\u00e7\u00e3o, o F\u00d3RUM PANROTAS 2024\u00a0<em>apresentou diferentes modelos de neg\u00f3cios que est\u00e3o se reinventando pelo uso da tecnologia, pelo impacto do consumidor conectado em novas plataformas e por ferramentas de marketing<\/em>. Foram dois dias de pain\u00e9is e palestras reunindo as principais lideran\u00e7as e reconhecidos profissionais do setor.<\/p>\n<div class=\"wp-block-image\">\n<figure class=\"alignright size-large is-resized\"><\/figure>\n<\/div>\n<p>A agenda dos dois dias estava repleta de palestras com renomadas personalidades do setor e participa\u00e7\u00f5es especiais. O evento apresentou uma variedade de atividades incluindo um painel com l\u00edderes das principais distribuidoras de turismo do Brasil, debates sobre intelig\u00eancia artificial, distribui\u00e7\u00e3o e sustentabilidade na avia\u00e7\u00e3o, o cen\u00e1rio atual e as oportunidades no mercado argentino, um ato pela perman\u00eancia do PERSE.<\/p>\n<p>Tamb\u00e9m foram discutidos temas como sustentabilidade em viagens, as inova\u00e7\u00f5es cont\u00ednuas na ind\u00fastria hoteleira, o crescimento do segmento de viagens de luxo atrav\u00e9s de gera\u00e7\u00f5es. Grandes nomes de outras a\u00e9reas como Ninzan Guanaes que mostrou como o marketing \u00e9 essencial para o turismo, o Professor HOC que com um mapa mundi apresentou um cen\u00e1rio geopol\u00edtico mundial com grande impacto no turismo, e ainda a fa\u00e7anha de colocar em uma mesma mesa os CEO\u2019s das tr\u00eas companhias a\u00e9reas brasileiras: GOL, Azul e Latam mediados por William Waack. Al\u00e9m disso temas como hotelaria pelo CEO da ACCOR, Thomas Dubaere, e palestras sobre viagens de luxo, sustentabilidade, performance digital, tarifas e canais de distribui\u00e7\u00e3o foram abordados no evento.<\/p>\n<p>O Mato Grosso do Sul presente no evento, exp\u00f4s a logomarca \u201cIsto \u00c9 Mato Grosso do Sul\u201d em toda a campanha de divulga\u00e7\u00e3o do evento; visibilidade da marca na cenografia de todo o evento; visibilidade da marca nas apresenta\u00e7\u00f5es de \u00e1udio e v\u00eddeo; an\u00fancio na revista especial de duas p\u00e1ginas duplas e an\u00fancio publi-editorial de uma p\u00e1gina na revista especial F\u00f3rum PANROTAS 2024; exibi\u00e7\u00e3o dos v\u00eddeos promocionais do turismo de MS no audit\u00f3rio principal do evento; exibi\u00e7\u00e3o da comunica\u00e7\u00e3o de Mato Grosso do Sul nos crach\u00e1s do evento e momento apoiador no palco.<\/p>\n<p>Diante da oportunidade de expor os destinos tur\u00edsticos de Mato Grosso do Sul, a participa\u00e7\u00e3o neste evento se mostra de grande import\u00e2ncia para promo\u00e7\u00e3o e divulga\u00e7\u00e3o dos destinos tur\u00edsticos com a inten\u00e7\u00e3o de fomentar o aumento do fluxo de turistas para Mato Grosso do Sul.<\/p>\n<p>O Prefeito Josmail Rodrigues destaca o empenho constante da gest\u00e3o municipal em divulgar e promover incansavelmente a cidade de Bonito nos principais mercados e eventos. Como prefeito, \u00e9 meu compromisso assegurar que o nome de Bonito ressoe nos quatro cantos do pa\u00eds e al\u00e9m, \u201c<em>Nos \u00faltimos anos, temos investido significativamente em estrat\u00e9gias de divulga\u00e7\u00e3o e promo\u00e7\u00e3o que visam destacar as belezas naturais, a riqueza cultural e a hospitalidade \u00fanica que define Bonito, estamos trabalhando incansavelmente para que o mundo conhe\u00e7a nosso destino tur\u00edstico\u201d.<\/em><\/p>\n<p>Comenta ainda que, participar ativamente das principais feiras de turismo, colabora com o estreitamento com operadoras, mantemos di\u00e1logo pr\u00f3ximo com jornalistas para garantir que a narrativa de Bonito seja aut\u00eantica e inspiradora. O trabalho institucional na divulga\u00e7\u00e3o da cidade \u00e9 uma prioridade, pois entendemos que a prosperidade de Bonito est\u00e1 intrinsecamente ligada \u00e0 sua visibilidade nacional e internacional.<\/p>\n<p>A Secret\u00e1ria de Turismo, Ind\u00fastria e Com\u00e9rcio, Juliane Ferreira Salvadori define a estrat\u00e9gia para promover Bonito nos principais eventos de turismo no Brasil e ao redor do mundo, \u201c<em>Participar dos eventos de turismo mais importantes do Brasil e do exterior \u00e9 uma pe\u00e7a central em nossa abordagem para destacar as maravilhas que Bonito oferece. Estes eventos n\u00e3o s\u00e3o apenas oportunidades para apresentar nossas belezas naturais, mas tamb\u00e9m para mostrar um destino verdadeiramente \u00fanico.<\/em> <em>Nos eventos, buscamos estabelecer parcerias estrat\u00e9gicas, compartilhar boas pr\u00e1ticas e aprender com outros destinos de sucesso. Isso n\u00e3o s\u00f3 enriquece nossa abordagem, mas tamb\u00e9m fortalece a imagem de Bonito como um destino que n\u00e3o apenas preserva sua natureza, mas tamb\u00e9m impulsiona a prosperidade econ\u00f4mica e social\u201d, <\/em>conclui.<\/p>\n<figure class=\"wp-block-gallery has-nested-images columns-default is-cropped wp-block-gallery-1 is-layout-flex wp-block-gallery-is-layout-flex\">\n<figure class=\"wp-block-image size-large\"><\/figure>\n<figure class=\"wp-block-image size-large\"><\/figure>\n<\/figure>\n<p>A Secretaria de Turismo, Ind\u00fastria e Com\u00e9rcio foi representada no F\u00f3rum Panrotas 2024 pelo Diretor de Turismo, Elias de Oliveira Francisco que destaca a import\u00e2ncia da participa\u00e7\u00e3o num evento dessa magnitude, pela oportunidade de atualiza\u00e7\u00e3o no cen\u00e1rio atual assim como interagir com os atores dessa grande ind\u00fastria que \u00e9 o mercado do turismo num momento para networking, nos quais tomadores de decis\u00e3o t\u00eam a oportunidade de se conectar, reencontrar e discutir a atualidade, mostrando assim, que o valor do bom relacionamento \u00e9 essencial para o sucesso no turismo.<\/p>\n<figure class=\"wp-block-gallery has-nested-images columns-default is-cropped wp-block-gallery-2 is-layout-flex wp-block-gallery-is-layout-flex\">\n<figure class=\"wp-block-image size-large\"><\/figure>\n<figure class=\"wp-block-image size-large\"><\/figure>\n<figure class=\"wp-block-image size-large\"><\/figure>\n<\/figure><\/div>\n","protected":false},"excerpt":{"rendered":"<p>Bonito participou da vig\u00e9sima primeira edi\u00e7\u00e3o do F\u00f3rum Panrotas, que aconteceu nos \u00faltimos dias 05 e 06 de mar\u00e7o, no World Trade Center S\u00e3o Paulo. Foram mais de 2.100 inscritos, o F\u00f3rum apresentou cen\u00e1rios e perspectivas do futuro, al\u00e9m das comemora\u00e7\u00f5es de 50 anos de publica\u00e7\u00e3o na ind\u00fastria do Turismo no Brasil. O F\u00f3rum PANROTAS [&hellip;]<\/p>\n","protected":false},"author":1,"featured_media":0,"comment_status":"open","ping_status":"open","sticky":false,"template":"","format":"standard","meta":{"footnotes":""},"categories":[1],"tags":[],"class_list":["post-19245","post","type-post","status-publish","format-standard","hentry","category-noticias"],"amp_enabled":true,"_links":{"self":[{"href":"https:\/\/novasdodia.com.br\/index.php\/wp-json\/wp\/v2\/posts\/19245","targetHints":{"allow":["GET"]}}],"collection":[{"href":"https:\/\/novasdodia.com.br\/index.php\/wp-json\/wp\/v2\/posts"}],"about":[{"href":"https:\/\/novasdodia.com.br\/index.php\/wp-json\/wp\/v2\/types\/post"}],"author":[{"embeddable":true,"href":"https:\/\/novasdodia.com.br\/index.php\/wp-json\/wp\/v2\/users\/1"}],"replies":[{"embeddable":true,"href":"https:\/\/novasdodia.com.br\/index.php\/wp-json\/wp\/v2\/comments?post=19245"}],"version-history":[{"count":0,"href":"https:\/\/novasdodia.com.br\/index.php\/wp-json\/wp\/v2\/posts\/19245\/revisions"}],"wp:attachment":[{"href":"https:\/\/novasdodia.com.br\/index.php\/wp-json\/wp\/v2\/media?parent=19245"}],"wp:term":[{"taxonomy":"category","embeddable":true,"href":"https:\/\/novasdodia.com.br\/index.php\/wp-json\/wp\/v2\/categories?post=19245"},{"taxonomy":"post_tag","embeddable":true,"href":"https:\/\/novasdodia.com.br\/index.php\/wp-json\/wp\/v2\/tags?post=19245"}],"curies":[{"name":"wp","href":"https:\/\/api.w.org\/{rel}","templated":true}]}}