{"id":19351,"date":"2024-03-14T08:11:09","date_gmt":"2024-03-14T11:11:09","guid":{"rendered":"https:\/\/novasdodia.com.br\/index.php\/2024\/03\/14\/rubacao-jazz-izadora-franca-lucas-bojikian-e-quinteto-geraldo-rocha-sao-atracoes-do-projeto-corredor-turistico\/"},"modified":"2024-03-14T08:11:09","modified_gmt":"2024-03-14T11:11:09","slug":"rubacao-jazz-izadora-franca-lucas-bojikian-e-quinteto-geraldo-rocha-sao-atracoes-do-projeto-corredor-turistico","status":"publish","type":"post","link":"https:\/\/novasdodia.com.br\/index.php\/2024\/03\/14\/rubacao-jazz-izadora-franca-lucas-bojikian-e-quinteto-geraldo-rocha-sao-atracoes-do-projeto-corredor-turistico\/","title":{"rendered":"Rubac\u00e3o Jazz, Izadora Fran\u00e7a, Lucas Bojikian e Quinteto Geraldo Rocha s\u00e3o atra\u00e7\u00f5es do projeto Corredor Tur\u00edstico"},"content":{"rendered":"<p><\/p>\n<div>\n<p>O projeto M\u00fasica no Centro \u2013 Corredor Tur\u00edstico da Duque de Caxias recebe, nesta quinta-feira (14) e sexta-feira (15), a Big Band Rubac\u00e3o Jazz, a cantora l\u00edrica Izadora Fran\u00e7a, o pianista Lucas Bojikian e o Quinteto Geraldo Rocha. As apresenta\u00e7\u00f5es est\u00e3o acontecendo desde o m\u00eas de novembro do ano passado em dois polos, na Academia Paraibana de Letras (APL), a partir das 17h, e no Centro Cultural de S\u00e3o Francisco, \u00e0s 18h. A entrada \u00e9 gratuita para todos os p\u00fablicos e para ter acesso basta retirar o voucher do Sympla. \u00a0 <\/p>\n<figure class=\"wp-block-gallery has-nested-images columns-default is-cropped wp-block-gallery-1 is-layout-flex wp-block-gallery-is-layout-flex\">\n<figure class=\"wp-block-image size-large\"><\/figure>\n<figure class=\"wp-block-image size-large\"><\/figure>\n<figure class=\"wp-block-image size-large\"><\/figure>\n<\/figure>\n<p>Nesta quinta-feira, um combo instrumental da Big Band Rubac\u00e3o Jazz anima o p\u00fablico com um repert\u00f3rio que vai desde o frevo ao jazz. No polo do Centro Cultural, tamb\u00e9m na quinta-feira, \u00e0s 18h, se apresentam a soprano Izadora Fran\u00e7a e o pianista Lucas Bojikian, com a \u2018Ave Maria\u2019 de Johann Sebastian Bach (1685-1750)\/Charles-Fran\u00e7ois Gounod (1818-1893). Em seguida, se apresenta o Quinteto Geraldo Rocha, com a execu\u00e7\u00e3o de m\u00fasicas folcl\u00f3ricas, populares e obras originais contempor\u00e2neas. \u00a0 <\/p>\n<p>As apresenta\u00e7\u00f5es continuam na sexta-feira (15), na APL, \u00e0s 17h, com execu\u00e7\u00e3o de m\u00fasicas do Naipe de Trombones da Rubac\u00e3o Jazz, formado por: Clailton Fran\u00e7a (trombone tenor), Robson Franklin (trombone tenor), Mirele Barbosa (trombone tenor), Ronaldo Nunes (trombone baixo) e Fl\u00e1vio Jos\u00e9 (trombone baixo). \u00a0 A proposta do grupo \u00e9 realizar um trabalho de m\u00fasica de c\u00e2mara a partir da interpreta\u00e7\u00e3o de obras que integram um repert\u00f3rio ecl\u00e9tico, \u2018passeando\u2019 por diversos g\u00eaneros musicais, do jazz ao frevo, tendo por objetivo apresentar ao p\u00fablico m\u00fasicas de qualidade, interpretadas com excel\u00eancia. \u00a0 <\/p>\n<p>\u00c0s 18h, no Centro Cultural S\u00e3o Francisco, tamb\u00e9m se apresentam Izadora Fran\u00e7a, Lucas Bojikian (piano) e Quinteto Geraldo Rocha. \u00a0 <\/p>\n<p><strong>Projeto Corredor Tur\u00edstico da Duque de Caxias <\/strong>\u2013 Visa a promo\u00e7\u00e3o de um ambiente cultural criativo, pautado no reconhecimento da forte presen\u00e7a da atividade musical na cidade. Esse efervescente cen\u00e1rio da m\u00fasica popular e erudita busca conferir o \u2018tom local\u2019 na constru\u00e7\u00e3o de uma imagem renovada do Centro Hist\u00f3rico de Jo\u00e3o Pessoa. \u00a0 <\/p>\n<p>Nesta primeira fase, s\u00e3o quatro meses de apresenta\u00e7\u00f5es de janeiro a abril, em dois diferentes locais, todas as quartas, quintas e sextas-feiras. O projeto \u00e9 uma parceria entre a Prefeitura de Jo\u00e3o Pessoa, por meio das Secretarias de Ci\u00eancia e Tecnologia (Secitec) e de Turismo (Setur), Governo do Estado da Para\u00edba e do Departamento de M\u00fasica da Universidade Federal da Para\u00edba (UFPB). \u00a0 <\/p>\n<p><strong>Servi\u00e7o:\u00a0Projeto M\u00fasica no Centro \u2013 Corredor Tur\u00edstico da Duque de Caxias\u00a0<\/strong><\/p>\n<p><strong>Quinta-feira (14)\u00a0<\/strong><\/p>\n<p><strong>Polo Academia Paraibana de Letras \u2013 APL \u2013 17h<\/strong> <\/p>\n<p>Atra\u00e7\u00f5es: Combo instrumental da Rubac\u00e3o Jazz <\/p>\n<p>Sympla \u2013 https:\/\/acesse.one\/gfIFX<strong>\u00a0<\/strong><\/p>\n<p><strong>Polo Centro Cultural S\u00e3o Francisco \u2013 CCFS \u2013 18h<\/strong> <\/p>\n<p>Atra\u00e7\u00f5es: Izadora Fran\u00e7a, Lucas Bojikian (piano) e Quinteto Geraldo Rocha <\/p>\n<p>Sympla \u2013 https:\/\/acesse.one\/OSD9Q<\/p>\n<p><strong>Sexta-feira (15)\u00a0<\/strong><\/p>\n<p><strong>Polo Academia Paraibana de Letras \u2013 APL \u2013 17h<\/strong><\/p>\n<p>Atra\u00e7\u00f5es: Naipe de Trombones da Rubac\u00e3o Jazz <\/p>\n<p>Sympla \u2013 https:\/\/acesse.one\/YqQBP<\/p>\n<p><strong>Polo Centro Cultural S\u00e3o Francisco \u2013 CCFS \u2013 18h<\/strong> <\/p>\n<p>Atra\u00e7\u00f5es: Izadora Fran\u00e7a, Lucas Bojikian (piano) e Quinteto Geraldo Rocha <\/p>\n<p>Sympla \u2013 https:\/\/acesse.one\/dacij<\/p>\n<\/p><\/div>\n","protected":false},"excerpt":{"rendered":"<p>O projeto M\u00fasica no Centro \u2013 Corredor Tur\u00edstico da Duque de Caxias recebe, nesta quinta-feira (14) e sexta-feira (15), a Big Band Rubac\u00e3o Jazz, a cantora l\u00edrica Izadora Fran\u00e7a, o pianista Lucas Bojikian e o Quinteto Geraldo Rocha. As apresenta\u00e7\u00f5es est\u00e3o acontecendo desde o m\u00eas de novembro do ano passado em dois polos, na Academia [&hellip;]<\/p>\n","protected":false},"author":1,"featured_media":0,"comment_status":"open","ping_status":"open","sticky":false,"template":"","format":"standard","meta":{"footnotes":""},"categories":[1],"tags":[],"class_list":["post-19351","post","type-post","status-publish","format-standard","hentry","category-noticias"],"amp_enabled":true,"_links":{"self":[{"href":"https:\/\/novasdodia.com.br\/index.php\/wp-json\/wp\/v2\/posts\/19351","targetHints":{"allow":["GET"]}}],"collection":[{"href":"https:\/\/novasdodia.com.br\/index.php\/wp-json\/wp\/v2\/posts"}],"about":[{"href":"https:\/\/novasdodia.com.br\/index.php\/wp-json\/wp\/v2\/types\/post"}],"author":[{"embeddable":true,"href":"https:\/\/novasdodia.com.br\/index.php\/wp-json\/wp\/v2\/users\/1"}],"replies":[{"embeddable":true,"href":"https:\/\/novasdodia.com.br\/index.php\/wp-json\/wp\/v2\/comments?post=19351"}],"version-history":[{"count":0,"href":"https:\/\/novasdodia.com.br\/index.php\/wp-json\/wp\/v2\/posts\/19351\/revisions"}],"wp:attachment":[{"href":"https:\/\/novasdodia.com.br\/index.php\/wp-json\/wp\/v2\/media?parent=19351"}],"wp:term":[{"taxonomy":"category","embeddable":true,"href":"https:\/\/novasdodia.com.br\/index.php\/wp-json\/wp\/v2\/categories?post=19351"},{"taxonomy":"post_tag","embeddable":true,"href":"https:\/\/novasdodia.com.br\/index.php\/wp-json\/wp\/v2\/tags?post=19351"}],"curies":[{"name":"wp","href":"https:\/\/api.w.org\/{rel}","templated":true}]}}