{"id":19535,"date":"2024-03-17T10:24:56","date_gmt":"2024-03-17T13:24:56","guid":{"rendered":"https:\/\/novasdodia.com.br\/index.php\/2024\/03\/17\/rumo-a-regularizacao-fundiaria-obras-de-saneamento-basico-iniciam-na-proxima-semana-na-comunidade-homex-cgnoticias\/"},"modified":"2024-03-17T10:24:56","modified_gmt":"2024-03-17T13:24:56","slug":"rumo-a-regularizacao-fundiaria-obras-de-saneamento-basico-iniciam-na-proxima-semana-na-comunidade-homex-cgnoticias","status":"publish","type":"post","link":"https:\/\/novasdodia.com.br\/index.php\/2024\/03\/17\/rumo-a-regularizacao-fundiaria-obras-de-saneamento-basico-iniciam-na-proxima-semana-na-comunidade-homex-cgnoticias\/","title":{"rendered":"Rumo \u00e0 regulariza\u00e7\u00e3o fundi\u00e1ria, obras de saneamento b\u00e1sico iniciam na pr\u00f3xima semana na comunidade Homex \u2013 CGNot\u00edcias"},"content":{"rendered":"<p><\/p>\n<div>\n<p dir=\"ltr\">O sonho antigo de aproximadamente 1,5 mil fam\u00edlias residentes na comunidade Homex de serem atendidas com redes de \u00e1gua e esgoto come\u00e7a a se tornar realidade a partir da pr\u00f3xima segunda-feira (18). O contrato que autoriza o in\u00edcio das obras de saneamento b\u00e1sico na regi\u00e3o foi assinado neste s\u00e1bado (16) durante o evento \u2018EMHA em A\u00e7\u00e3o\u2019, realizado na Escola Municipal Professora Maria Regina de Vasconcelos Galv\u00e3o, localizada no Parque Novo S\u00e9culo.<\/p>\n<p dir=\"ltr\">\n<p dir=\"ltr\">\u201cA Prefeitura est\u00e1 dando passos largos. S\u00e3o quase 1,5 mil fam\u00edlias e quase 5 mil moradores que precisam ter dignidade, \u00e9 por isso que, a partir de segunda-feira a poeira vai levantar e logo ela vai baixar e trazer aquilo que \u00e9 o sonho de voc\u00eas. As fam\u00edlias da Homex morar\u00e3o em um lugar digno, vamos mudar essa realidade e trazer novas oportunidades\u201d, afirmou a prefeita Adriane Lopes.<\/p>\n<p dir=\"ltr\">\n<p dir=\"ltr\">Al\u00e9m do in\u00edcio das obras, a prefeita anunciou a constru\u00e7\u00e3o de 10 novas salas de aula na Escola Municipal Professora Maria Regina de Vasconcelos Galv\u00e3o.\u201cAs m\u00e3es precisam trabalhar e de um lugar seguro para deixar suas crian\u00e7as, pois muitas m\u00e3es da comunidade s\u00e3o arrimo de fam\u00edlia\u201d. Adriane Lopes tamb\u00e9m anunciou a oferta de novos cursos a partir da pr\u00f3xima semana. \u201cOs jovens da Homex v\u00e3o aprender um of\u00edcio e as portas da escola v\u00e3o se abrir com 80 cursos gratuitos na ter\u00e7a-feira\u201d, anunciou a prefeita.<\/p>\n<p dir=\"ltr\">\u201cFiquei muito feliz quando soube disso [in\u00edcio das obras]\u201d, declara Arlete Mota, 62 anos, moradora da Homex h\u00e1 cinco anos. A aposentada relata que esta \u00e9 uma conquista pela qual a comunidade esperava h\u00e1 muito tempo e que finalmente est\u00e1 se concretizando. \u201c\u00c1gua \u00e9 fundamental para nossa sa\u00fade e qualidade de vida. Aos poucos a gente vai vendo as coisas acontecendo e mudando\u201d, completou Arlete.<\/p>\n<p dir=\"ltr\">\n<p dir=\"ltr\">\u201c\u00c9 um momento de grande al\u00edvio pra n\u00f3s aqui na comunidade\u201d, compartilha Rafael Moura, 64 anos, aposentado e residente da \u00e1rea h\u00e1 sete anos. Ele conta que vivia sozinho no lote at\u00e9 o in\u00edcio da pandemia, quando seu irm\u00e3o contraiu covid-19 e passaram a morar juntos, devido \u00e0 dificuldade de arcar com o aluguel. \u201cA gente n\u00e3o v\u00ea a hora de ter tudo pronto, \u00e1gua, luz e o lote regularizado\u201d, conclui Rafael.<\/p>\n<p dir=\"ltr\">\n<p dir=\"ltr\">Ao todo, ser\u00e3o aproximadamente nove quil\u00f4metros de rede de \u00e1gua e mais de 12 quil\u00f4metros de rede de esgoto que atender\u00e1 toda a comunidade. O investimento necess\u00e1rio para concretizar essa importante infraestrutura est\u00e1 estimado em cerca de R$ 8 milh\u00f5es. Essa obra n\u00e3o apenas melhora a qualidade de vida das fam\u00edlias locais, mas tamb\u00e9m refor\u00e7a o compromisso da prefeitura em promover o acesso a servi\u00e7os b\u00e1sicos essenciais para toda a popula\u00e7\u00e3o.<\/p>\n<p><b>Benef\u00edcios e melhorias<\/b><\/p>\n<p dir=\"ltr\">Durante o evento, o diretor executivo da \u00c1guas Guariroba, Gabriel Buim, anunciou alguns benef\u00edcios que os moradores da Homex ter\u00e3o ap\u00f3s a regulariza\u00e7\u00e3o. \u201cNo primeiro m\u00eas, n\u00e3o haver\u00e1 cobran\u00e7a. Isso \u00e9 para que voc\u00eas compreendam o funcionamento do consumo, a quantidade de \u00e1gua utilizada e como ser\u00e1 calculada a conta. Nos pr\u00f3ximos tr\u00eas meses, todos estar\u00e3o enquadrados na Tarifa Social, independentemente do consumo. Isso \u00e9 para que voc\u00eas possam se conscientizar e entender o funcionamento do sistema de abastecimento. Ent\u00e3o, ser\u00e3o quatro meses de benef\u00edcios, para oferecer o melhor atendimento \u00e0 comunidade\u201d, explicou Gabriel Buim.<\/p>\n<p dir=\"ltr\">\n<p dir=\"ltr\">Para o diretor-presidente da Ag\u00eancia Municipal de Habita\u00e7\u00e3o e Assuntos Fundi\u00e1rios (EMHA), Claudio Marques, o principal objetivo \u00e9 a regulariza\u00e7\u00e3o fundi\u00e1ria, o que requer avan\u00e7os em melhorias. \u201cN\u00e3o basta apenas regularizar sem trazer melhorias. J\u00e1 foi iniciado o processo de regulariza\u00e7\u00e3o da energia, que est\u00e1 na fase final, e agora estamos dando in\u00edcio \u00e0 regulariza\u00e7\u00e3o da \u00e1gua. Em parceria com a \u00c1guas Guariroba, foi desenvolvido um planejamento cuidadoso para alcan\u00e7ar esse objetivo. Buscando melhorias di\u00e1rias para as comunidades, e isso est\u00e1 se tornando realidade\u201d, afirmou Claudio Marques.<\/p>\n<p dir=\"ltr\">\n<p dir=\"ltr\"><strong>Comunidade Homex<\/strong><\/p>\n<p dir=\"ltr\">A comunidade Homex abrigava desde 2013 cerca 1,5 mil fam\u00edlias em condi\u00e7\u00f5es irregulares de moradia. Em mar\u00e7o do ano passado, a Prefeitura de Campo Grande sancionou o Projeto de Lei n\u00ba 10.885\/2023 que regulariza a \u00e1rea fundi\u00e1ria da Homex, colocando fim ao drama vivido pelos moradores que aguardavam o desfecho h\u00e1 mais de uma d\u00e9cada.<\/p>\n<p dir=\"ltr\">No local, a EMHA j\u00e1 iniciou os trabalhos de georreferenciamento, levantamento topogr\u00e1fico e finalizou a selagem das moradias e a capta\u00e7\u00e3o da documenta\u00e7\u00e3o necess\u00e1ria para a abertura dos processos individuais de regulariza\u00e7\u00e3o fundi\u00e1ria.<\/p>\n<\/div>\n<p><script async defer async defer src=\"https:\/\/connect.facebook.net\/en_US\/sdk.js?ver=1#xfbml=1&#038;version=v3.2\" id='prefeitura-campogrande-script-facebook-sdk-js'><\/script><\/p>\n","protected":false},"excerpt":{"rendered":"<p>O sonho antigo de aproximadamente 1,5 mil fam\u00edlias residentes na comunidade Homex de serem atendidas com redes de \u00e1gua e esgoto come\u00e7a a se tornar realidade a partir da pr\u00f3xima segunda-feira (18). O contrato que autoriza o in\u00edcio das obras de saneamento b\u00e1sico na regi\u00e3o foi assinado neste s\u00e1bado (16) durante o evento \u2018EMHA em [&hellip;]<\/p>\n","protected":false},"author":1,"featured_media":0,"comment_status":"open","ping_status":"open","sticky":false,"template":"","format":"standard","meta":{"footnotes":""},"categories":[],"tags":[],"class_list":["post-19535","post","type-post","status-publish","format-standard","hentry"],"amp_enabled":true,"_links":{"self":[{"href":"https:\/\/novasdodia.com.br\/index.php\/wp-json\/wp\/v2\/posts\/19535","targetHints":{"allow":["GET"]}}],"collection":[{"href":"https:\/\/novasdodia.com.br\/index.php\/wp-json\/wp\/v2\/posts"}],"about":[{"href":"https:\/\/novasdodia.com.br\/index.php\/wp-json\/wp\/v2\/types\/post"}],"author":[{"embeddable":true,"href":"https:\/\/novasdodia.com.br\/index.php\/wp-json\/wp\/v2\/users\/1"}],"replies":[{"embeddable":true,"href":"https:\/\/novasdodia.com.br\/index.php\/wp-json\/wp\/v2\/comments?post=19535"}],"version-history":[{"count":0,"href":"https:\/\/novasdodia.com.br\/index.php\/wp-json\/wp\/v2\/posts\/19535\/revisions"}],"wp:attachment":[{"href":"https:\/\/novasdodia.com.br\/index.php\/wp-json\/wp\/v2\/media?parent=19535"}],"wp:term":[{"taxonomy":"category","embeddable":true,"href":"https:\/\/novasdodia.com.br\/index.php\/wp-json\/wp\/v2\/categories?post=19535"},{"taxonomy":"post_tag","embeddable":true,"href":"https:\/\/novasdodia.com.br\/index.php\/wp-json\/wp\/v2\/tags?post=19535"}],"curies":[{"name":"wp","href":"https:\/\/api.w.org\/{rel}","templated":true}]}}