{"id":19537,"date":"2024-03-17T11:08:47","date_gmt":"2024-03-17T14:08:47","guid":{"rendered":"https:\/\/novasdodia.com.br\/index.php\/2024\/03\/17\/1a-corrida-do-consumidor-reune-850-participantes-em-joao-pessoa\/"},"modified":"2024-03-17T11:08:47","modified_gmt":"2024-03-17T14:08:47","slug":"1a-corrida-do-consumidor-reune-850-participantes-em-joao-pessoa","status":"publish","type":"post","link":"https:\/\/novasdodia.com.br\/index.php\/2024\/03\/17\/1a-corrida-do-consumidor-reune-850-participantes-em-joao-pessoa\/","title":{"rendered":"1\u00aa Corrida do Consumidor re\u00fane 850 participantes em Jo\u00e3o Pessoa"},"content":{"rendered":"<p><\/p>\n<div>\n<p>Em comemora\u00e7\u00e3o ao Dia Mundial do Consumidor, celebrado em 15 de mar\u00e7o, a Prefeitura de Jo\u00e3o Pessoa realizou, na noite deste s\u00e1bado (16), a \u20181\u00aa Corrida do Consumidor\u2019- numa parceria das Secretarias de Prote\u00e7\u00e3o e Defesa do Consumidor (Procon-JP) e de Juventude, Esporte e Recrea\u00e7\u00e3o (Sejer). O evento, que teve a largada e chegada na Pra\u00e7a da Independ\u00eancia e trajeto ao longo da avenida Epit\u00e1cio Pessoa, contou com 850 participantes, entre eles, o prefeito C\u00edcero Lucena.<\/p>\n<figure class=\"wp-block-gallery has-nested-images columns-default is-cropped wp-block-gallery-1 is-layout-flex wp-block-gallery-is-layout-flex\">\n<figure class=\"wp-block-image size-large\"><\/figure>\n<figure class=\"wp-block-image size-large\"><\/figure>\n<\/figure>\n<p>O gestor, que disputou a prova dos cinco quil\u00f4metros, destacou que a Corrida do Consumidor faz parte do projeto de tornar Jo\u00e3o Pessoa a Capital dos Esportes Saud\u00e1veis, com 42 corridas de rua que fazem parte do calend\u00e1rio de provas oficiais disputadas na cidade.<\/p>\n<figure class=\"wp-block-gallery has-nested-images columns-default is-cropped wp-block-gallery-2 is-layout-flex wp-block-gallery-is-layout-flex\">\n<figure class=\"wp-block-image size-large\"><\/figure>\n<\/figure>\n<p>\u201cEu fico muito feliz, porque o projeto de tornar Jo\u00e3o Pessoa Capital dos Esportes Saud\u00e1veis est\u00e1 se consolidando cada vez mais. S\u00f3 em corridas de rua, n\u00f3s j\u00e1 estamos com 42, e tendo que abrir calend\u00e1rio noturno para poder dar conta de tantos eventos que t\u00eam proporcionado a melhoria da qualidade de vida de todos n\u00f3s que praticamos este esporte\u201d, afirmou C\u00edcero Lucena.<\/p>\n<figure class=\"wp-block-gallery has-nested-images columns-default is-cropped wp-block-gallery-3 is-layout-flex wp-block-gallery-is-layout-flex\">\n<figure class=\"wp-block-image size-large\"><\/figure>\n<figure class=\"wp-block-image size-large\"><\/figure>\n<\/figure>\n<p>Com percursos de 5 km e 10 km, a corrida teve o objetivo de promover a pr\u00e1tica esportiva e ressaltar a import\u00e2ncia do consumo consciente e da prote\u00e7\u00e3o ao consumidor, com destaque para o compromisso do Procon-JP de zelar n\u00e3o apenas pelos direitos do cidad\u00e3o, como tamb\u00e9m estimular um estilo de vida mais saud\u00e1vel atrav\u00e9s das atividades f\u00edsicas.<\/p>\n<figure class=\"wp-block-gallery has-nested-images columns-default is-cropped wp-block-gallery-4 is-layout-flex wp-block-gallery-is-layout-flex\">\n<figure class=\"wp-block-image size-large\"><\/figure>\n<figure class=\"wp-block-image size-large\"><\/figure>\n<figure class=\"wp-block-image size-large\"><\/figure>\n<figure class=\"wp-block-image size-large\"><\/figure>\n<figure class=\"wp-block-image size-large\"><\/figure>\n<figure class=\"wp-block-image size-large\"><\/figure>\n<\/figure>\n<p>O secret\u00e1rio de Prote\u00e7\u00e3o e Defesa do Consumidor, Rougger Guerra, destacou a import\u00e2ncia da corrida para a cidade. \u201cEsta corrida \u00e9 uma oportunidade \u00fanica para sensibilizar o p\u00fablico sobre a import\u00e2ncia do consumo consciente, incentivando um estilo de vida voltado para o esporte e atividades enriquecedoras da conviv\u00eancia humana. Ao mesmo tempo, buscamos promover o debate sobre o tema do consumo respons\u00e1vel e estimular uma reflex\u00e3o mais profunda dentro da sociedade\u201d, contou.<\/p>\n<figure class=\"wp-block-gallery has-nested-images columns-default is-cropped wp-block-gallery-5 is-layout-flex wp-block-gallery-is-layout-flex\">\n<figure class=\"wp-block-image size-large\"><\/figure>\n<figure class=\"wp-block-image size-large\"><\/figure>\n<figure class=\"wp-block-image size-large\"><\/figure>\n<\/figure>\n<p>Geiziana dos Santos conquistou o primeiro lugar na categoria Geral feminina dos 5 km e compartilhou os desafios que enfrenta ao equilibrar suas fun\u00e7\u00f5es como policial civil, m\u00e3e e atleta. \u201c\u00c9 uma sensa\u00e7\u00e3o de dever cumprido, de alma lavada. Realmente alcancei o objetivo de ser campe\u00e3 da prova. Tem toda uma rotina e precisamos fazer uma log\u00edstica para dar conta de tudo\u201d, expressou emocionada. <\/p>\n<figure class=\"wp-block-gallery has-nested-images columns-default is-cropped wp-block-gallery-6 is-layout-flex wp-block-gallery-is-layout-flex\">\n<figure class=\"wp-block-image size-large\"><\/figure>\n<figure class=\"wp-block-image size-large\"><\/figure>\n<\/figure>\n<p>Daniel Isidoro Santos, que veio da cidade de Pedra de Fogo para participar da corrida, ficou em primeiro lugar na categoria Geral dos 5 km masculino. \u201cA gente treina para alcan\u00e7ar nossos objetivos. Eu estava um pouco desanimado, pois me machuquei ontem, mas coloquei Deus na frente. Estou muito feliz e alcancei meu objetivo. Quero agradecer a todos que t\u00eam me apoiado\u201d, disse o atleta.<\/p>\n<figure class=\"wp-block-gallery has-nested-images columns-default is-cropped wp-block-gallery-7 is-layout-flex wp-block-gallery-is-layout-flex\">\n<figure class=\"wp-block-image size-large\"><\/figure>\n<figure class=\"wp-block-image size-large\"><\/figure>\n<figure class=\"wp-block-image size-large\"><\/figure>\n<figure class=\"wp-block-image size-large\"><\/figure>\n<figure class=\"wp-block-image size-large\"><\/figure>\n<figure class=\"wp-block-image size-large\"><\/figure>\n<figure class=\"wp-block-image size-large\"><\/figure>\n<figure class=\"wp-block-image size-large\"><\/figure>\n<figure class=\"wp-block-image size-large\"><\/figure>\n<\/figure>\n<p>A emo\u00e7\u00e3o n\u00e3o foi diferente para Gilvan Andrade, que ficou em primeiro lugar na categoria PCD cadeirante nos 5 km e mostrou que n\u00e3o existem limites para quem sonha. \u201c\u00c9 uma emo\u00e7\u00e3o imensa. Estou no mundo do esporte h\u00e1 bons anos, mas em 2024, essa foi a primeira vez. No ano passado, encarei todas as provas invicto, o ano inteiro. E aqui estou novamente este ano. Enfrentar desafios sem desistir faz um bem incr\u00edvel para a sa\u00fade. A defici\u00eancia est\u00e1 dentro de n\u00f3s. Somos n\u00f3s que colocamos os obst\u00e1culos. Mas se temos sa\u00fade, for\u00e7a e praticamos esporte, Deus nos ajuda\u201d, enfatizou.<\/p>\n<figure class=\"wp-block-gallery has-nested-images columns-default is-cropped wp-block-gallery-8 is-layout-flex wp-block-gallery-is-layout-flex\">\n<figure class=\"wp-block-image size-large\"><\/figure>\n<\/figure>\n<p>O secret\u00e1rio de Juventude, Esporte e Recrea\u00e7\u00e3o de Jo\u00e3o Pessoa (Sejer), Kaio M\u00e1rcio, afirmou que Jo\u00e3o Pessoa se tornou uma das principais capitais do pa\u00eds para a corrida de rua. \u201cTanto \u00e9 que agora temos uma maratona internacional em Jo\u00e3o Pessoa, classificada entre as tr\u00eas melhores do pa\u00eds em corridas de rua, demonstrando o enorme potencial que est\u00e1 sendo desenvolvido na cidade. Em todos os lugares que passamos, podemos sentir o esp\u00edrito esportivo nas pessoas que est\u00e3o praticando atividade f\u00edsica. Isso \u00e9 muito positivo e saud\u00e1vel\u201d, contou.<\/p>\n<p>Foram disputadas tr\u00eas categorias: Geral (masculino e feminino), PCD Cadeirante e PCD N\u00e3o Cadeirante. Os resultados da corrida foram emocionantes, com destaques em diferentes categorias. No segmento de 5 km Geral feminino, Geiziana dos Santos conquistou o primeiro lugar, seguida por Ana Maria em segundo e Edivania da Concei\u00e7\u00e3o em terceiro. No masculino, Daniel Isidoro venceu a prova, seguido por Jardel dos Santos em segundo e J\u00fanior Pereira em terceiro.<\/p>\n<p>Na categoria dos 10 km feminino, Valdicleide Louren\u00e7o da garantiu o primeiro lugar, com Josefa Augusto em segundo e Cl\u00e1udia Ant\u00f4nia em terceiro. Enquanto isso, na competi\u00e7\u00e3o masculina dos 10 km, Luan Tobias alcan\u00e7ou o primeiro lugar, seguido por Carlos Andr\u00e9 em segundo e Marcus Andr\u00e9 em terceiro.<\/p>\n<p>As informa\u00e7\u00f5es completas sobre a classifica\u00e7\u00e3o geral est\u00e3o dispon\u00edveis no link fornecido pela organiza\u00e7\u00e3o do evento: https:\/\/abre.ai\/jeEy.<\/p>\n<\/p><\/div>\n","protected":false},"excerpt":{"rendered":"<p>Em comemora\u00e7\u00e3o ao Dia Mundial do Consumidor, celebrado em 15 de mar\u00e7o, a Prefeitura de Jo\u00e3o Pessoa realizou, na noite deste s\u00e1bado (16), a \u20181\u00aa Corrida do Consumidor\u2019- numa parceria das Secretarias de Prote\u00e7\u00e3o e Defesa do Consumidor (Procon-JP) e de Juventude, Esporte e Recrea\u00e7\u00e3o (Sejer). O evento, que teve a largada e chegada na [&hellip;]<\/p>\n","protected":false},"author":1,"featured_media":0,"comment_status":"open","ping_status":"open","sticky":false,"template":"","format":"standard","meta":{"footnotes":""},"categories":[1],"tags":[],"class_list":["post-19537","post","type-post","status-publish","format-standard","hentry","category-noticias"],"amp_enabled":true,"_links":{"self":[{"href":"https:\/\/novasdodia.com.br\/index.php\/wp-json\/wp\/v2\/posts\/19537","targetHints":{"allow":["GET"]}}],"collection":[{"href":"https:\/\/novasdodia.com.br\/index.php\/wp-json\/wp\/v2\/posts"}],"about":[{"href":"https:\/\/novasdodia.com.br\/index.php\/wp-json\/wp\/v2\/types\/post"}],"author":[{"embeddable":true,"href":"https:\/\/novasdodia.com.br\/index.php\/wp-json\/wp\/v2\/users\/1"}],"replies":[{"embeddable":true,"href":"https:\/\/novasdodia.com.br\/index.php\/wp-json\/wp\/v2\/comments?post=19537"}],"version-history":[{"count":0,"href":"https:\/\/novasdodia.com.br\/index.php\/wp-json\/wp\/v2\/posts\/19537\/revisions"}],"wp:attachment":[{"href":"https:\/\/novasdodia.com.br\/index.php\/wp-json\/wp\/v2\/media?parent=19537"}],"wp:term":[{"taxonomy":"category","embeddable":true,"href":"https:\/\/novasdodia.com.br\/index.php\/wp-json\/wp\/v2\/categories?post=19537"},{"taxonomy":"post_tag","embeddable":true,"href":"https:\/\/novasdodia.com.br\/index.php\/wp-json\/wp\/v2\/tags?post=19537"}],"curies":[{"name":"wp","href":"https:\/\/api.w.org\/{rel}","templated":true}]}}