{"id":19615,"date":"2024-03-19T00:21:33","date_gmt":"2024-03-19T03:21:33","guid":{"rendered":"https:\/\/novasdodia.com.br\/index.php\/2024\/03\/19\/guardas-municipais-apreendem-adolescente-que-furtou-celular-de-passageira-de-aplicativo-na-avenida-francisco-bicalho-prefeitura-da-cidade-do-rio-de-janeiro\/"},"modified":"2024-03-19T00:21:33","modified_gmt":"2024-03-19T03:21:33","slug":"guardas-municipais-apreendem-adolescente-que-furtou-celular-de-passageira-de-aplicativo-na-avenida-francisco-bicalho-prefeitura-da-cidade-do-rio-de-janeiro","status":"publish","type":"post","link":"https:\/\/novasdodia.com.br\/index.php\/2024\/03\/19\/guardas-municipais-apreendem-adolescente-que-furtou-celular-de-passageira-de-aplicativo-na-avenida-francisco-bicalho-prefeitura-da-cidade-do-rio-de-janeiro\/","title":{"rendered":"Guardas municipais apreendem adolescente que furtou celular de passageira de aplicativo na Avenida Francisco Bicalho &#8211; Prefeitura da Cidade do Rio de Janeiro"},"content":{"rendered":"<p><\/p>\n<div id=\"main\">\n<div class=\"wrapper-breadcrumbs\" wp_automatic_readability=\"20.143149284254\">\n<p>Guardas municipais do Grupamento T\u00e1tico M\u00f3vel (GTM) da Guarda Municipal do Rio de Janeiro (GM-Rio) apreenderam, na tarde de domingo (17\/3), um adolescente de 17 anos suspeito de furtar o celular de uma passageira de aplicativo, na Avenida Francisco Bicalho, altura do Instituto M\u00e9dico Legal (IML), na regi\u00e3o central do Rio.<\/p>\n<p>De acordo com o registro da ocorr\u00eancia, o adolescente aproveitou o momento de distra\u00e7\u00e3o da v\u00edtima, que estava com a janela do ve\u00edculo aberta, para furtar o celular. Ele saiu correndo pela via, mas acabou sendo detido pelas equipes que faziam o patrulhamento no local.<\/p>\n<p>Reconhecido pela v\u00edtima, que chegou em seguida, o adolescente foi encaminhado para a Delegacia de Prote\u00e7\u00e3o \u00e0 Crian\u00e7a e ao Adolescente (DPCA), onde o caso foi registrado. O celular foi recuperado.<\/p>\n<p>             <!-- Compartilhe ---><\/p>\n<p>\t\t\t <!-- TAGS --><\/p>\n<section class=\"category-tags\">\n<article class=\"tags\">\n\t\t\t\t\tMarca\u00e7\u00f5es: apreens\u00e3o Avenida Francisco Bicalho furto de celular Guarda Municipal<br \/><\/article>\n<\/section>\n<p>            <!-- Mais Not&iacute;cias --><\/p>\n<p>\t\t<!-- Conte&uacute;do SIDEBAR --><\/p><\/div>\n<\/p><\/div>\n","protected":false},"excerpt":{"rendered":"<p>Guardas municipais do Grupamento T\u00e1tico M\u00f3vel (GTM) da Guarda Municipal do Rio de Janeiro (GM-Rio) apreenderam, na tarde de domingo (17\/3), um adolescente de 17 anos suspeito de furtar o celular de uma passageira de aplicativo, na Avenida Francisco Bicalho, altura do Instituto M\u00e9dico Legal (IML), na regi\u00e3o central do Rio. De acordo com o [&hellip;]<\/p>\n","protected":false},"author":1,"featured_media":0,"comment_status":"open","ping_status":"open","sticky":false,"template":"","format":"standard","meta":{"footnotes":""},"categories":[1],"tags":[],"class_list":["post-19615","post","type-post","status-publish","format-standard","hentry","category-noticias"],"amp_enabled":true,"_links":{"self":[{"href":"https:\/\/novasdodia.com.br\/index.php\/wp-json\/wp\/v2\/posts\/19615","targetHints":{"allow":["GET"]}}],"collection":[{"href":"https:\/\/novasdodia.com.br\/index.php\/wp-json\/wp\/v2\/posts"}],"about":[{"href":"https:\/\/novasdodia.com.br\/index.php\/wp-json\/wp\/v2\/types\/post"}],"author":[{"embeddable":true,"href":"https:\/\/novasdodia.com.br\/index.php\/wp-json\/wp\/v2\/users\/1"}],"replies":[{"embeddable":true,"href":"https:\/\/novasdodia.com.br\/index.php\/wp-json\/wp\/v2\/comments?post=19615"}],"version-history":[{"count":0,"href":"https:\/\/novasdodia.com.br\/index.php\/wp-json\/wp\/v2\/posts\/19615\/revisions"}],"wp:attachment":[{"href":"https:\/\/novasdodia.com.br\/index.php\/wp-json\/wp\/v2\/media?parent=19615"}],"wp:term":[{"taxonomy":"category","embeddable":true,"href":"https:\/\/novasdodia.com.br\/index.php\/wp-json\/wp\/v2\/categories?post=19615"},{"taxonomy":"post_tag","embeddable":true,"href":"https:\/\/novasdodia.com.br\/index.php\/wp-json\/wp\/v2\/tags?post=19615"}],"curies":[{"name":"wp","href":"https:\/\/api.w.org\/{rel}","templated":true}]}}