{"id":19632,"date":"2024-03-19T08:44:58","date_gmt":"2024-03-19T11:44:58","guid":{"rendered":"https:\/\/novasdodia.com.br\/index.php\/2024\/03\/19\/vai-trocar-o-oleo-do-motor-no-posto-preco-pode-ter-diferenca-de-ate-875-agencia-de-noticias-do-governo-de-mato-grosso-do-sul\/"},"modified":"2024-03-19T08:44:58","modified_gmt":"2024-03-19T11:44:58","slug":"vai-trocar-o-oleo-do-motor-no-posto-preco-pode-ter-diferenca-de-ate-875-agencia-de-noticias-do-governo-de-mato-grosso-do-sul","status":"publish","type":"post","link":"https:\/\/novasdodia.com.br\/index.php\/2024\/03\/19\/vai-trocar-o-oleo-do-motor-no-posto-preco-pode-ter-diferenca-de-ate-875-agencia-de-noticias-do-governo-de-mato-grosso-do-sul\/","title":{"rendered":"Vai trocar o \u00f3leo do motor? No posto, pre\u00e7o pode ter diferen\u00e7a de at\u00e9 87,5% \u2013 Ag\u00eancia de Noticias do Governo de Mato Grosso do Sul"},"content":{"rendered":"<p><\/p>\n<div id=\"post-469728\">\n<div class=\"text-center\"><\/div>\n<div class=\"entry\">\n<p>A troca de \u00f3leo em postos de combust\u00edvel pode ter varia\u00e7\u00e3o de at\u00e9 87,5%, em uma \u00fanica marca comercializada em Campo Grande. Pesquisa do Procon\/MS (Secretaria-Executiva de Orienta\u00e7\u00e3o e Defesa do Consumidor), institui\u00e7\u00e3o vinculada \u00e0 Sead (Secretaria de Estado de Assist\u00eancia Social), avaliou oito produtos, entre os dias 8 a 12 de mar\u00e7o, em 13 empresas.<\/p>\n<p>No levantamento foram considerados carros de passeio com motor flex e caminhonetes, flex e a diesel. Alguns dos estabelecimentos somente vendem o \u00f3leo, n\u00e3o realizando a troca no local.<\/p>\n<p>Em uma mesma marca, o \u00f3leo sint\u00e9tico 5W30 para motor flex apresentou valores entre R$ 40 e R$ 75, diferen\u00e7a de 87,5%. O menor pre\u00e7o foi localizado em posto na Avenida Tr\u00eas Barras, no Rita Vieira, enquanto o mais caro na Avenida Vereador Thyrson de Almeida, no Aero Rancho.<\/p>\n<p>No caso do semissint\u00e9tico 15W40, a varia\u00e7\u00e3o foi de 71,05%, tamb\u00e9m em uma mesma marca. O produto pode ser encontrado por R$ 38 em posto na Avenida Julio de Castilhos, na Vila Sobrinho, ante os R$ 65 em estabelecimento na Rua Fraiburgo, na Vila Cidade Morena.<\/p>\n<p>A pesquisa completa est\u00e1 <span style=\"color: #0000ff;\">dispon\u00edvel para consulta<\/span> no site do Procon\/MS.<\/p>\n<p><em>Kleber Clajus, Comunica\u00e7\u00e3o Procon\/MS<\/em><br \/><em>Foto: jcomp\/Freepik<\/em><\/p>\n<\/div><\/div>\n","protected":false},"excerpt":{"rendered":"<p>A troca de \u00f3leo em postos de combust\u00edvel pode ter varia\u00e7\u00e3o de at\u00e9 87,5%, em uma \u00fanica marca comercializada em Campo Grande. Pesquisa do Procon\/MS (Secretaria-Executiva de Orienta\u00e7\u00e3o e Defesa do Consumidor), institui\u00e7\u00e3o vinculada \u00e0 Sead (Secretaria de Estado de Assist\u00eancia Social), avaliou oito produtos, entre os dias 8 a 12 de mar\u00e7o, em 13 [&hellip;]<\/p>\n","protected":false},"author":1,"featured_media":0,"comment_status":"open","ping_status":"open","sticky":false,"template":"","format":"standard","meta":{"footnotes":""},"categories":[],"tags":[],"class_list":["post-19632","post","type-post","status-publish","format-standard","hentry"],"amp_enabled":true,"_links":{"self":[{"href":"https:\/\/novasdodia.com.br\/index.php\/wp-json\/wp\/v2\/posts\/19632","targetHints":{"allow":["GET"]}}],"collection":[{"href":"https:\/\/novasdodia.com.br\/index.php\/wp-json\/wp\/v2\/posts"}],"about":[{"href":"https:\/\/novasdodia.com.br\/index.php\/wp-json\/wp\/v2\/types\/post"}],"author":[{"embeddable":true,"href":"https:\/\/novasdodia.com.br\/index.php\/wp-json\/wp\/v2\/users\/1"}],"replies":[{"embeddable":true,"href":"https:\/\/novasdodia.com.br\/index.php\/wp-json\/wp\/v2\/comments?post=19632"}],"version-history":[{"count":0,"href":"https:\/\/novasdodia.com.br\/index.php\/wp-json\/wp\/v2\/posts\/19632\/revisions"}],"wp:attachment":[{"href":"https:\/\/novasdodia.com.br\/index.php\/wp-json\/wp\/v2\/media?parent=19632"}],"wp:term":[{"taxonomy":"category","embeddable":true,"href":"https:\/\/novasdodia.com.br\/index.php\/wp-json\/wp\/v2\/categories?post=19632"},{"taxonomy":"post_tag","embeddable":true,"href":"https:\/\/novasdodia.com.br\/index.php\/wp-json\/wp\/v2\/tags?post=19632"}],"curies":[{"name":"wp","href":"https:\/\/api.w.org\/{rel}","templated":true}]}}