{"id":19853,"date":"2024-03-22T19:42:07","date_gmt":"2024-03-22T22:42:07","guid":{"rendered":"https:\/\/novasdodia.com.br\/index.php\/2024\/03\/22\/prefeitura-decreta-ponto-facultativo-nas-reparticoes-publicas-em-funcao-da-previsao-de-chuva-intensa-prefeitura-da-cidade-do-rio-de-janeiro\/"},"modified":"2024-03-22T19:42:07","modified_gmt":"2024-03-22T22:42:07","slug":"prefeitura-decreta-ponto-facultativo-nas-reparticoes-publicas-em-funcao-da-previsao-de-chuva-intensa-prefeitura-da-cidade-do-rio-de-janeiro","status":"publish","type":"post","link":"https:\/\/novasdodia.com.br\/index.php\/2024\/03\/22\/prefeitura-decreta-ponto-facultativo-nas-reparticoes-publicas-em-funcao-da-previsao-de-chuva-intensa-prefeitura-da-cidade-do-rio-de-janeiro\/","title":{"rendered":"Prefeitura decreta ponto facultativo nas reparti\u00e7\u00f5es p\u00fablicas em fun\u00e7\u00e3o da previs\u00e3o de chuva intensa &#8211; Prefeitura da Cidade do Rio de Janeiro"},"content":{"rendered":"<p><\/p>\n<div id=\"main\">\n<div class=\"wrapper-breadcrumbs\" wp_automatic_readability=\"41.217413101604\">\n<div class=\"image-post\" wp_automatic_readability=\"32\">\n                     Prefeitura decretou ponto facultativo nesta sexta-feira &#8211; Marcos de Paula\/Prefeitura do Rio                  <\/div>\n<p>O prefeito do Rio, Eduardo Paes, decretou ponto facultativo nas reparti\u00e7\u00f5es p\u00fablicas municipais nesta sexta-feira (22\/3) em fun\u00e7\u00e3o da previs\u00e3o de chuva forte na cidade nos pr\u00f3ximos dias. Servi\u00e7os essenciais seguem funcionando 24h. De acordo com o Sistema Alerta Rio, entre o fim da noite desta quinta-feira e a tarde de s\u00e1bado (23\/3), a aproxima\u00e7\u00e3o e a passagem de uma frente fria v\u00e3o deixar o tempo inst\u00e1vel na capital. A possibilidade \u00e9 de pancadas de chuva moderada a muito forte, acompanhada de raios e rajadas de vento moderado a forte (at\u00e9 75,9 km\/h).<\/p>\n<p>A chuva poder\u00e1 passar de 40mm por hora e 200mm em 24 horas. A m\u00e9dia em mar\u00e7o, segundo a s\u00e9rie hist\u00f3rica, \u00e9 de 124,7mm. O ponto facultativo contempla servidores de \u00e1reas administrativas n\u00e3o essenciais, escolas municipais, e tem como objetivo evitar deslocamentos durante o evento chuvoso.<\/p>\n<p>O prefeito Eduardo Paes tamb\u00e9m orientou a iniciativa privada para que n\u00e3o haja expediente nesta sexta.<\/p>\n<blockquote wp_automatic_readability=\"9\">\n<p>\u2013 O ideal \u00e9 que as escolas particulares n\u00e3o funcionem. As empresas que n\u00e3o tenham servi\u00e7os essenciais tamb\u00e9m orientamos que parem. \u00c9 ideal\u00a0 termos a cidade esvaziada. Vamos observar como ser\u00e1 esta madrugada, ms \u00e9 prov\u00e1vel que a chuva deva come\u00e7ar ao longo da tarde. E nesse momento seria importante termos pouco movimento na cidade<\/p>\n<\/blockquote>\n<p>Mais cedo, a <strong>Prefeitura do Rio apresentou as medidas a serem adotadas<\/strong> e o efetivo que ser\u00e1 utilizado pelo munic\u00edpio em a\u00e7\u00f5es de resposta, em fun\u00e7\u00e3o da previs\u00e3o de elevado acumulado de chuva para a cidade nos pr\u00f3ximos dias. Ao todo, 9,3 mil servidores estar\u00e3o envolvidos na opera\u00e7\u00e3o, incluindo equipes dos seguintes \u00f3rg\u00e3os: Comlurb, secretarias de Conserva\u00e7\u00e3o e de Ordem P\u00fablica, Centro de Opera\u00e7\u00f5es Rio, Rio \u00c1guas, Defesa Civil, Sistema Alerta Rio, Funda\u00e7\u00e3o Georio, Guarda Municipal e CET-Rio.<\/p>\n<blockquote wp_automatic_readability=\"10\">\n<p>\u2013 A rua a gente limpa, bem material recupera depois, mas o importante \u00e9 sair desse suposto momento de crise mais aguda, que possamos sair com vidas preservadas e que servi\u00e7o p\u00fablico trabalhe de forma adequada apenas com as equipes essenciais e os \u00f3rg\u00e3os de resposta \u2013 disse o prefeito.<\/p>\n<\/blockquote>\n<p>             <!-- Compartilhe ---><\/p>\n<p>\t\t\t <!-- TAGS --><\/p>\n<section class=\"category-tags\">\n<div class=\"marcacao-category\">\n<article class=\"category-post\">\n<p>Categoria: <\/p>\n<\/article>\n<li>22 de mar\u00e7o de 2024<\/li><\/div>\n<article class=\"tags\">\n\t\t\t\t\tMarca\u00e7\u00f5es: chuva ponto facultativo Prefeitura do Rio reparti\u00e7\u00e3o p\u00fablica temporal<br \/><\/article>\n<\/section>\n<p>            <!-- Mais Not&iacute;cias --><\/p>\n<p>\t\t<!-- Conte&uacute;do SIDEBAR --><\/p><\/div>\n<\/p><\/div>\n","protected":false},"excerpt":{"rendered":"<p>Prefeitura decretou ponto facultativo nesta sexta-feira &#8211; Marcos de Paula\/Prefeitura do Rio O prefeito do Rio, Eduardo Paes, decretou ponto facultativo nas reparti\u00e7\u00f5es p\u00fablicas municipais nesta sexta-feira (22\/3) em fun\u00e7\u00e3o da previs\u00e3o de chuva forte na cidade nos pr\u00f3ximos dias. Servi\u00e7os essenciais seguem funcionando 24h. De acordo com o Sistema Alerta Rio, entre o fim [&hellip;]<\/p>\n","protected":false},"author":1,"featured_media":0,"comment_status":"open","ping_status":"open","sticky":false,"template":"","format":"standard","meta":{"footnotes":""},"categories":[1],"tags":[],"class_list":["post-19853","post","type-post","status-publish","format-standard","hentry","category-noticias"],"amp_enabled":true,"_links":{"self":[{"href":"https:\/\/novasdodia.com.br\/index.php\/wp-json\/wp\/v2\/posts\/19853","targetHints":{"allow":["GET"]}}],"collection":[{"href":"https:\/\/novasdodia.com.br\/index.php\/wp-json\/wp\/v2\/posts"}],"about":[{"href":"https:\/\/novasdodia.com.br\/index.php\/wp-json\/wp\/v2\/types\/post"}],"author":[{"embeddable":true,"href":"https:\/\/novasdodia.com.br\/index.php\/wp-json\/wp\/v2\/users\/1"}],"replies":[{"embeddable":true,"href":"https:\/\/novasdodia.com.br\/index.php\/wp-json\/wp\/v2\/comments?post=19853"}],"version-history":[{"count":0,"href":"https:\/\/novasdodia.com.br\/index.php\/wp-json\/wp\/v2\/posts\/19853\/revisions"}],"wp:attachment":[{"href":"https:\/\/novasdodia.com.br\/index.php\/wp-json\/wp\/v2\/media?parent=19853"}],"wp:term":[{"taxonomy":"category","embeddable":true,"href":"https:\/\/novasdodia.com.br\/index.php\/wp-json\/wp\/v2\/categories?post=19853"},{"taxonomy":"post_tag","embeddable":true,"href":"https:\/\/novasdodia.com.br\/index.php\/wp-json\/wp\/v2\/tags?post=19853"}],"curies":[{"name":"wp","href":"https:\/\/api.w.org\/{rel}","templated":true}]}}