{"id":20081,"date":"2024-03-26T18:21:01","date_gmt":"2024-03-26T21:21:01","guid":{"rendered":"https:\/\/novasdodia.com.br\/index.php\/2024\/03\/26\/prefeitura-convoca-classificados-para-entrevista-no-processo-seletivo-de-alfabetizador-social-voluntario\/"},"modified":"2024-03-26T18:21:01","modified_gmt":"2024-03-26T21:21:01","slug":"prefeitura-convoca-classificados-para-entrevista-no-processo-seletivo-de-alfabetizador-social-voluntario","status":"publish","type":"post","link":"https:\/\/novasdodia.com.br\/index.php\/2024\/03\/26\/prefeitura-convoca-classificados-para-entrevista-no-processo-seletivo-de-alfabetizador-social-voluntario\/","title":{"rendered":"Prefeitura convoca classificados para entrevista no processo seletivo de Alfabetizador Social Volunt\u00e1rio"},"content":{"rendered":"<p><\/p>\n<div>\n<h5 class=\"text-primary\">Educa\u00e7\u00e3o<\/h5>\n<p>                        <!-- Mostra o t&iacute;tulo como um link para o link permanente do post --><\/p>\n<h2 class=\"mb-3\">Prefeitura convoca classificados para entrevista no processo seletivo de Alfabetizador Social Volunt\u00e1rio<\/h2>\n<p class=\"text-secondary font-italic mb-3 p-0\">&#13;<br \/>\n                            <i class=\"fa fa-calendar\"\/> 26\/03\/2024 | &#13;<br \/>\n                            <i class=\"fa fa-clock-o\"\/> 18:00 |&#13;<br \/>\n                            <i class=\"fa fa-eye\"\/> 1                        <\/p>\n<p>                        <!-- Mostra o conte&uacute;do do post em uma DIV --><\/p>\n<div class=\"\">\n<p>A Prefeitura de Jo\u00e3o Pessoa, por meio da Secretaria de Educa\u00e7\u00e3o e Cultura (Sedec), divulgou, nesta ter\u00e7a-feira (26), o resultado final das inscri\u00e7\u00f5es, da an\u00e1lise curricular e convoca\u00e7\u00e3o para entrevistas da Sele\u00e7\u00e3o Simplificada de Educadores Sociais Volunt\u00e1rios para desempenho da atividade de alfabetizador junto ao projeto de Alfabetiza\u00e7\u00e3o de Jovens, Adultos e Idosos. Para conferir a rela\u00e7\u00e3o dos candidatos classificados para a entrevista, al\u00e9m da data e hor\u00e1rio, basta clicar neste link.  \u00a0 <\/p>\n<p>As entrevistas ser\u00e3o realizadas a partir do dia 1\u00ba de abril, no Centro de Capacita\u00e7\u00e3o de Professores (Cecapro), localizado na Avenida Ministro Jos\u00e9 Am\u00e9rico de Almeida, em Tambauzinho. Os candidatos devem comparecer com, no m\u00ednimo, 20 minutos de anteced\u00eancia. \u00a0 <\/p>\n<p>A entrevista ser\u00e1 acompanhada de uma quest\u00e3o escrita discursiva a respeito da tem\u00e1tica da Alfabetiza\u00e7\u00e3o. Durante a entrevista, ser\u00e3o avaliados o poder de argumenta\u00e7\u00e3o dos candidatos e o n\u00edvel de conhecimento sobre alfabetiza\u00e7\u00e3o de jovens, adultos e idosos. \u00a0 <\/p>\n<p>Ao todo, est\u00e3o sendo oferecidas 100 vagas. O alfabetizador volunt\u00e1rio com uma turma ativa e em efetivo exerc\u00edcio receber\u00e1 uma bolsa no valor de R$ 800 mensais. J\u00e1 o alfabetizador que tenha duas turmas ativas e em efetivo exerc\u00edcio receber\u00e1 uma bolsa de R$ 1.600 por m\u00eas. \u00a0<\/p>\n<\/p><\/div>\n<\/p><\/div>\n","protected":false},"excerpt":{"rendered":"<p>Educa\u00e7\u00e3o Prefeitura convoca classificados para entrevista no processo seletivo de Alfabetizador Social Volunt\u00e1rio &#13; 26\/03\/2024 | &#13; 18:00 |&#13; 1 A Prefeitura de Jo\u00e3o Pessoa, por meio da Secretaria de Educa\u00e7\u00e3o e Cultura (Sedec), divulgou, nesta ter\u00e7a-feira (26), o resultado final das inscri\u00e7\u00f5es, da an\u00e1lise curricular e convoca\u00e7\u00e3o para entrevistas da Sele\u00e7\u00e3o Simplificada de Educadores [&hellip;]<\/p>\n","protected":false},"author":1,"featured_media":0,"comment_status":"open","ping_status":"open","sticky":false,"template":"","format":"standard","meta":{"footnotes":""},"categories":[1],"tags":[],"class_list":["post-20081","post","type-post","status-publish","format-standard","hentry","category-noticias"],"amp_enabled":true,"_links":{"self":[{"href":"https:\/\/novasdodia.com.br\/index.php\/wp-json\/wp\/v2\/posts\/20081","targetHints":{"allow":["GET"]}}],"collection":[{"href":"https:\/\/novasdodia.com.br\/index.php\/wp-json\/wp\/v2\/posts"}],"about":[{"href":"https:\/\/novasdodia.com.br\/index.php\/wp-json\/wp\/v2\/types\/post"}],"author":[{"embeddable":true,"href":"https:\/\/novasdodia.com.br\/index.php\/wp-json\/wp\/v2\/users\/1"}],"replies":[{"embeddable":true,"href":"https:\/\/novasdodia.com.br\/index.php\/wp-json\/wp\/v2\/comments?post=20081"}],"version-history":[{"count":0,"href":"https:\/\/novasdodia.com.br\/index.php\/wp-json\/wp\/v2\/posts\/20081\/revisions"}],"wp:attachment":[{"href":"https:\/\/novasdodia.com.br\/index.php\/wp-json\/wp\/v2\/media?parent=20081"}],"wp:term":[{"taxonomy":"category","embeddable":true,"href":"https:\/\/novasdodia.com.br\/index.php\/wp-json\/wp\/v2\/categories?post=20081"},{"taxonomy":"post_tag","embeddable":true,"href":"https:\/\/novasdodia.com.br\/index.php\/wp-json\/wp\/v2\/tags?post=20081"}],"curies":[{"name":"wp","href":"https:\/\/api.w.org\/{rel}","templated":true}]}}