{"id":20134,"date":"2024-03-27T13:01:17","date_gmt":"2024-03-27T16:01:17","guid":{"rendered":"https:\/\/novasdodia.com.br\/index.php\/2024\/03\/27\/da-teoria-a-pratica-acoes-ambientais-em-alusao-ao-dia-da-agua-envolvem-a-comunidade-em-bonito-prefeitura-municipal-de-bonito\/"},"modified":"2024-03-27T13:01:17","modified_gmt":"2024-03-27T16:01:17","slug":"da-teoria-a-pratica-acoes-ambientais-em-alusao-ao-dia-da-agua-envolvem-a-comunidade-em-bonito-prefeitura-municipal-de-bonito","status":"publish","type":"post","link":"https:\/\/novasdodia.com.br\/index.php\/2024\/03\/27\/da-teoria-a-pratica-acoes-ambientais-em-alusao-ao-dia-da-agua-envolvem-a-comunidade-em-bonito-prefeitura-municipal-de-bonito\/","title":{"rendered":"Da teoria \u00e0 pr\u00e1tica: a\u00e7\u00f5es ambientais em alus\u00e3o ao Dia da \u00c1gua envolvem a comunidade em Bonito &#8211; Prefeitura Municipal de Bonito"},"content":{"rendered":"<p><\/p>\n<div>\n<div class=\"td-post-featured-image\"><\/div>\n<p>Nas \u00faltimas duas semanas a Secretaria Municipal de Meio Ambiente, em parceria com a IASB (Instituto das \u00c1guas da Serra da Bodoquena), Pol\u00edcia Militar Ambiental, Corpo de Bombeiros e atrativos realizou diversas atividades de educa\u00e7\u00e3o ambiental e mutir\u00f5es de limpeza dos c\u00f3rregos urbanos e no Rio Formoso, com foco na conscientiza\u00e7\u00e3o sobre o tema da \u00e1gua, em celebra\u00e7\u00e3o ao Dia Mundial da \u00c1gua, comemorado em 22 de mar\u00e7o.<\/p>\n<p>As atividades de educa\u00e7\u00e3o ambiental foram realizadas nas escolas municipais, CEIs, bem como na Pra\u00e7a da Liberdade, com um estande da Sanesul, atendendo os alunos das escolas particulares e demais pessoas que transitavam pelo local.<\/p>\n<p>Al\u00e9m disso, foram realizados mutir\u00f5es de limpeza dos c\u00f3rregos Restinga e Bonito e do Rio Formoso, sendo retirados diversos tipos de res\u00edduos das \u00e1guas, desde garrafas, latas, at\u00e9 pneus. Tamb\u00e9m foi promovido um bate-papo aberto com representantes do IMASUL e PMA para discutir legisla\u00e7\u00e3o ambiental com mun\u00edcipes e propriet\u00e1rios rurais, al\u00e9m da apresenta\u00e7\u00e3o do Projeto Florestinha de Campo Grande para crian\u00e7as e jovens do munic\u00edpio.<\/p>\n<p>\u201cDurante esta semana da \u00e1gua, n\u00f3s pensamos em abordar diversos eixos no que tange a conserva\u00e7\u00e3o da \u00e1gua, desde quest\u00f5es de educa\u00e7\u00e3o ambiental nas escolas, at\u00e9 quest\u00f5es t\u00e9cnicas e de esclarecimentos, como no bate-papo e tamb\u00e9m a\u00e7\u00f5es diretamente pr\u00e1ticas, como os mutir\u00f5es de limpeza. A gente entende que esse recurso, ainda mais em Bonito, \u00e9 de suma import\u00e2ncia, muito valioso e para conservar ele a gente depende de tarefas multidisciplinares, em todos os eixos e ramos da sociedade. A gente fica feliz com a participa\u00e7\u00e3o da comunidade e institui\u00e7\u00f5es que a gente realizou e a proposta \u00e9 continuar trabalhando desta forma para preservar as \u00e1guas de Bonito\u201d, detalha o secret\u00e1rio de Meio Ambiente, Thyago Sabino.<\/p>\n<figure class=\"wp-block-gallery has-nested-images columns-default is-cropped wp-block-gallery-1 is-layout-flex wp-block-gallery-is-layout-flex\">\n<figure class=\"wp-block-image size-large\"><\/figure>\n<figure class=\"wp-block-image size-large\"><\/figure>\n<figure class=\"wp-block-image size-large\"><\/figure>\n<figure class=\"wp-block-image size-large\"><\/figure>\n<figure class=\"wp-block-image size-large\"><\/figure>\n<figure class=\"wp-block-image size-large\"><\/figure>\n<figure class=\"wp-block-image size-large\"><\/figure>\n<figure class=\"wp-block-image size-large\"><\/figure>\n<figure class=\"wp-block-image size-large\"><\/figure>\n<figure class=\"wp-block-image size-large\"><\/figure>\n<figure class=\"wp-block-image size-large\"><\/figure>\n<figure class=\"wp-block-image size-large\"><\/figure>\n<\/figure><\/div>\n","protected":false},"excerpt":{"rendered":"<p>Nas \u00faltimas duas semanas a Secretaria Municipal de Meio Ambiente, em parceria com a IASB (Instituto das \u00c1guas da Serra da Bodoquena), Pol\u00edcia Militar Ambiental, Corpo de Bombeiros e atrativos realizou diversas atividades de educa\u00e7\u00e3o ambiental e mutir\u00f5es de limpeza dos c\u00f3rregos urbanos e no Rio Formoso, com foco na conscientiza\u00e7\u00e3o sobre o tema da [&hellip;]<\/p>\n","protected":false},"author":1,"featured_media":0,"comment_status":"open","ping_status":"open","sticky":false,"template":"","format":"standard","meta":{"footnotes":""},"categories":[],"tags":[],"class_list":["post-20134","post","type-post","status-publish","format-standard","hentry"],"amp_enabled":true,"_links":{"self":[{"href":"https:\/\/novasdodia.com.br\/index.php\/wp-json\/wp\/v2\/posts\/20134","targetHints":{"allow":["GET"]}}],"collection":[{"href":"https:\/\/novasdodia.com.br\/index.php\/wp-json\/wp\/v2\/posts"}],"about":[{"href":"https:\/\/novasdodia.com.br\/index.php\/wp-json\/wp\/v2\/types\/post"}],"author":[{"embeddable":true,"href":"https:\/\/novasdodia.com.br\/index.php\/wp-json\/wp\/v2\/users\/1"}],"replies":[{"embeddable":true,"href":"https:\/\/novasdodia.com.br\/index.php\/wp-json\/wp\/v2\/comments?post=20134"}],"version-history":[{"count":0,"href":"https:\/\/novasdodia.com.br\/index.php\/wp-json\/wp\/v2\/posts\/20134\/revisions"}],"wp:attachment":[{"href":"https:\/\/novasdodia.com.br\/index.php\/wp-json\/wp\/v2\/media?parent=20134"}],"wp:term":[{"taxonomy":"category","embeddable":true,"href":"https:\/\/novasdodia.com.br\/index.php\/wp-json\/wp\/v2\/categories?post=20134"},{"taxonomy":"post_tag","embeddable":true,"href":"https:\/\/novasdodia.com.br\/index.php\/wp-json\/wp\/v2\/tags?post=20134"}],"curies":[{"name":"wp","href":"https:\/\/api.w.org\/{rel}","templated":true}]}}