{"id":20200,"date":"2024-03-28T10:15:10","date_gmt":"2024-03-28T13:15:10","guid":{"rendered":"https:\/\/novasdodia.com.br\/index.php\/2024\/03\/28\/sao-jose-tem-saldo-positivo-de-1-627-empregos-em-fevereiro\/"},"modified":"2024-03-28T10:15:10","modified_gmt":"2024-03-28T13:15:10","slug":"sao-jose-tem-saldo-positivo-de-1-627-empregos-em-fevereiro","status":"publish","type":"post","link":"https:\/\/novasdodia.com.br\/index.php\/2024\/03\/28\/sao-jose-tem-saldo-positivo-de-1-627-empregos-em-fevereiro\/","title":{"rendered":"S\u00e3o Jos\u00e9 tem saldo positivo de 1.627 empregos em fevereiro"},"content":{"rendered":"<p><\/p>\n<div>\n<p><b>Jos\u00e9 Roberto Amaral<\/b><br \/>&#13;<br \/>\n&#13;<br \/>\n                <span style=\"font-weight: bold;\">Secretaria de Inova\u00e7\u00e3o e Desenvolvimento Econ\u00f4mico<\/span><\/p>\n<p>S\u00e3o Jos\u00e9 dos Campos voltou a registrar resultado positivo na gera\u00e7\u00e3o de empregos em fevereiro, com saldo de 1.627 postos de trabalho com carteira assinada.<\/p>\n<p>Os dados s\u00e3o do Caged (Cadastro Geral de Empregados e Desempregados), divulgados nesta quarta-feira (27) pelo Minist\u00e9rio do Trabalho e Emprego.<\/p>\n<p>Em janeiro, a cidade havia registrado um saldo positivo de 1.321 empregos formais, n\u00famero j\u00e1 atualizado pelo Caged.<\/p>\n<p>Nos \u00faltimos 12 meses, de mar\u00e7o de 2023 a fevereiro de 2024, o munic\u00edpio gerou um total de 8.833 empregos formais.<\/p>\n<p>Segundo a metodologia do Caged, o saldo de empregos \u00e9 o resultado da diferen\u00e7a de admiss\u00f5es e demiss\u00f5es e se refere a empregos formais, com carteira assinada.<\/p>\n<p><span class=\"intertitulo\">Setores<\/span><\/p>\n<p>Em fevereiro, o setor de Servi\u00e7os voltou a liderar o ranking de empregos com carteira assinada em S\u00e3o Jos\u00e9 com 1.103 vagas de saldo positivo.<\/p>\n<p>Logo ap\u00f3s, vem a Ind\u00fastria com 249 vagas de saldo positivo, seguida pela Constru\u00e7\u00e3o Civil, com 145 postos de trabalho.<\/p>\n<p>O Com\u00e9rcio voltou a registrar resultado positivo, depois de uma retra\u00e7\u00e3o em janeiro. O setor registrou saldo de 135 vagas em fevereiro.<\/p>\n<p>Apenas o setor de Agropecu\u00e1ria, com -5 vagas, registrou resultado negativo.<\/p>\n<p><span class=\"intertitulo\">Qualifica\u00e7\u00e3o profissional<\/span><\/p>\n<p>Para incentivar a capacita\u00e7\u00e3o para o mercado de trabalho, a Prefeitura de S\u00e3o Jos\u00e9 investe em cursos de qualifica\u00e7\u00e3o, ampliando as chances de recoloca\u00e7\u00e3o dos trabalhadores.<\/p>\n<p>No ano passado, foram oferecidas 32 mil vagas dentro do Programa Qualifica S\u00e3o Jos\u00e9. Foram registradas mais de 50 mil inscri\u00e7\u00f5es de interessados.<\/p>\n<p>O aumento das vagas e a cria\u00e7\u00e3o de novos cursos est\u00e3o previstos no Plano de Gest\u00e3o 2021\/2024. Todos os cursos s\u00e3o gratuitos e ministrados na modalidade presencial ou EaD (Ensino a Dist\u00e2ncia).<\/p>\n<p>&#13;<br \/>\n                        <strong>MAIS NOT\u00cdCIAS<\/strong><br \/>&#13;<br \/>\n                        Secretaria de Inova\u00e7\u00e3o e Desenvolvimento Econ\u00f4mico&#13;\n                    <\/p>\n<\/p><\/div>\n","protected":false},"excerpt":{"rendered":"<p>Jos\u00e9 Roberto Amaral&#13; &#13; Secretaria de Inova\u00e7\u00e3o e Desenvolvimento Econ\u00f4mico S\u00e3o Jos\u00e9 dos Campos voltou a registrar resultado positivo na gera\u00e7\u00e3o de empregos em fevereiro, com saldo de 1.627 postos de trabalho com carteira assinada. Os dados s\u00e3o do Caged (Cadastro Geral de Empregados e Desempregados), divulgados nesta quarta-feira (27) pelo Minist\u00e9rio do Trabalho e [&hellip;]<\/p>\n","protected":false},"author":1,"featured_media":0,"comment_status":"open","ping_status":"open","sticky":false,"template":"","format":"standard","meta":{"footnotes":""},"categories":[1],"tags":[],"class_list":["post-20200","post","type-post","status-publish","format-standard","hentry","category-noticias"],"amp_enabled":true,"_links":{"self":[{"href":"https:\/\/novasdodia.com.br\/index.php\/wp-json\/wp\/v2\/posts\/20200","targetHints":{"allow":["GET"]}}],"collection":[{"href":"https:\/\/novasdodia.com.br\/index.php\/wp-json\/wp\/v2\/posts"}],"about":[{"href":"https:\/\/novasdodia.com.br\/index.php\/wp-json\/wp\/v2\/types\/post"}],"author":[{"embeddable":true,"href":"https:\/\/novasdodia.com.br\/index.php\/wp-json\/wp\/v2\/users\/1"}],"replies":[{"embeddable":true,"href":"https:\/\/novasdodia.com.br\/index.php\/wp-json\/wp\/v2\/comments?post=20200"}],"version-history":[{"count":0,"href":"https:\/\/novasdodia.com.br\/index.php\/wp-json\/wp\/v2\/posts\/20200\/revisions"}],"wp:attachment":[{"href":"https:\/\/novasdodia.com.br\/index.php\/wp-json\/wp\/v2\/media?parent=20200"}],"wp:term":[{"taxonomy":"category","embeddable":true,"href":"https:\/\/novasdodia.com.br\/index.php\/wp-json\/wp\/v2\/categories?post=20200"},{"taxonomy":"post_tag","embeddable":true,"href":"https:\/\/novasdodia.com.br\/index.php\/wp-json\/wp\/v2\/tags?post=20200"}],"curies":[{"name":"wp","href":"https:\/\/api.w.org\/{rel}","templated":true}]}}