{"id":20549,"date":"2024-04-03T11:44:12","date_gmt":"2024-04-03T14:44:12","guid":{"rendered":"https:\/\/novasdodia.com.br\/index.php\/2024\/04\/03\/governo-de-ms-recebe-projeto-para-melhoraria-da-producao-leiteira-no-estado-agencia-de-noticias-do-governo-de-mato-grosso-do-sul\/"},"modified":"2024-04-03T11:44:12","modified_gmt":"2024-04-03T14:44:12","slug":"governo-de-ms-recebe-projeto-para-melhoraria-da-producao-leiteira-no-estado-agencia-de-noticias-do-governo-de-mato-grosso-do-sul","status":"publish","type":"post","link":"https:\/\/novasdodia.com.br\/index.php\/2024\/04\/03\/governo-de-ms-recebe-projeto-para-melhoraria-da-producao-leiteira-no-estado-agencia-de-noticias-do-governo-de-mato-grosso-do-sul\/","title":{"rendered":"Governo de MS recebe projeto para melhoraria da produ\u00e7\u00e3o leiteira no Estado \u2013 Ag\u00eancia de Noticias do Governo de Mato Grosso do Sul"},"content":{"rendered":"<p><\/p>\n<div>\n<p>Para propor a melhoria gen\u00e9tica do rebanho leiteiro e da produ\u00e7\u00e3o de leite em Mato Grosso do Sul, o Governo do Estado recebeu hoje (3), o projeto da Frente Parlamentar do Leite da ALEMS (Assembleia Legislativa de MS).<\/p>\n<p>O governador, Eduardo Riedel, se reuniu com o deputado estadual e coordenador da Frente, Renato C\u00e2mara, al\u00e9m do secret\u00e1rio executivo de Desenvolvimento Econ\u00f4mico Sustent\u00e1vel da Semadesc (Secretaria de Estado de Meio Ambiente, Desenvolvimento, Ci\u00eancia, Tecnologia e Inova\u00e7\u00e3o), Rog\u00e9rio Beretta, e outros representantes da \u00e1rea, para discutir sobre melhorias ao setor.<\/p>\n<p>\u201cEssa movimenta\u00e7\u00e3o da Frente parlamentar \u00e9 muito importante. E me chama aten\u00e7\u00e3o ser um projeto voltado a gen\u00e9tica, como uma das bases para melhoria da produtividade. E pode fazer a diferente, porque tem a pr\u00e9-sele\u00e7\u00e3o\u201d, afirmou Riedel.<\/p>\n<div id=\"gallery-1\" class=\"gallery galleryid-471565 gallery-columns-2 gallery-size-full\">\n<figure class=\"gallery-item\">\n<div class=\"gallery-icon landscape\"><\/div>\n<\/figure>\n<figure class=\"gallery-item\">\n<div class=\"gallery-icon landscape\"><\/div>\n<\/figure><\/div>\n<p>O projeto de melhoramento gen\u00e9tico para pecu\u00e1ria de leite, foi desenvolvido por professores da UEMS (Universidade do Estado de Mato Grosso do Sul) \u2013 que tamb\u00e9m participaram da reuni\u00e3o \u2013, voltado a melhoria do rebanho e, consequentemente, da produ\u00e7\u00e3o. \u201cVem atender o problema da pecu\u00e1ria de leite, que \u00e9 a baixa produtividade do nosso rebanho. \u00c9 muito interessante, importante dizer que a C\u00e2mara Setorial do Leite tem pronto para ser aprovado, um plano de fomento da pecu\u00e1ria de leite, o Proleite. Este projeto est\u00e1 alinhando com os objetivos do plano, \u00e9 de melhoramento gen\u00e9tico. \u00c9 um ato que faz com que o rebanho melhore rapidamente e consiga aumentar os \u00edndices de produtividade e produ\u00e7\u00e3o de leite no Estado todo\u201d, afirmou Beretta.<\/p>\n<p>A Frente Parlamentar do Leite foi criada para subsidiar com informa\u00e7\u00f5es t\u00e9cnicas e dados estat\u00edsticos, as iniciativas legislativas de interesse da sociedade sobre o tema, em especial aquelas voltadas \u00e0 produ\u00e7\u00e3o, industrializa\u00e7\u00e3o e comercializa\u00e7\u00e3o do leite e seus derivados. E ainda para estimular a atividade de produ\u00e7\u00e3o leiteira no Estado.<\/p>\n<p>\u201cSabemos que os produtores de leite enfrentam dificuldades e o cen\u00e1rio \u00e9 desestimulante. Nossa inten\u00e7\u00e3o \u00e9 mostrar uma alternativa. Estamos vendo o projeto como uma maneira de virar essa chave\u201d, afirmou C\u00e2mara<\/p>\n<\/p>\n<p><em>Natalia Yahn, Comunica\u00e7\u00e3o Governo de MS<\/em><br \/><em>Fotos: Bruno Rezende<\/em><\/p>\n<p>&#8212;&#8212;&#8212;&#8212;&#8212;&#8212;&#8212;&#8212;&#8212;&#8212;&#8212;&#8212;<\/p>\n<p><strong>Leia mais:<\/strong><\/p>\n<blockquote class=\"wp-embedded-content\" data-secret=\"uRL4pcPLVd\">\n<p>Termo de coopera\u00e7\u00e3o vai fortalecer unidade de pesquisa para boas pr\u00e1ticas na produ\u00e7\u00e3o de leite<\/p>\n<\/blockquote>\n<p><iframe loading=\"lazy\" class=\"wp-embedded-content\" sandbox=\"allow-scripts\" security=\"restricted\" style=\"position: absolute; clip: rect(1px, 1px, 1px, 1px);\" title=\"\u201cTermo de coopera\u00e7\u00e3o vai fortalecer unidade de pesquisa para boas pr\u00e1ticas na produ\u00e7\u00e3o de leite\u201d \u2014 Ag\u00eancia de Noticias do Governo de Mato Grosso do Sul\" src=\"https:\/\/agenciadenoticias.ms.gov.br\/termo-de-cooperacao-vai-fortalecer-unidade-de-pesquisa-para-boas-praticas-na-producao-de-leite\/embed\/#?secret=BJuyqfwd3c#?secret=uRL4pcPLVd\" data-secret=\"uRL4pcPLVd\" width=\"500\" height=\"282\" frameborder=\"0\" marginwidth=\"0\" marginheight=\"0\" scrolling=\"no\"><\/iframe><\/p>\n<\/div>\n","protected":false},"excerpt":{"rendered":"<p>Para propor a melhoria gen\u00e9tica do rebanho leiteiro e da produ\u00e7\u00e3o de leite em Mato Grosso do Sul, o Governo do Estado recebeu hoje (3), o projeto da Frente Parlamentar do Leite da ALEMS (Assembleia Legislativa de MS). O governador, Eduardo Riedel, se reuniu com o deputado estadual e coordenador da Frente, Renato C\u00e2mara, al\u00e9m [&hellip;]<\/p>\n","protected":false},"author":1,"featured_media":0,"comment_status":"open","ping_status":"open","sticky":false,"template":"","format":"standard","meta":{"footnotes":""},"categories":[],"tags":[],"class_list":["post-20549","post","type-post","status-publish","format-standard","hentry"],"amp_enabled":true,"_links":{"self":[{"href":"https:\/\/novasdodia.com.br\/index.php\/wp-json\/wp\/v2\/posts\/20549","targetHints":{"allow":["GET"]}}],"collection":[{"href":"https:\/\/novasdodia.com.br\/index.php\/wp-json\/wp\/v2\/posts"}],"about":[{"href":"https:\/\/novasdodia.com.br\/index.php\/wp-json\/wp\/v2\/types\/post"}],"author":[{"embeddable":true,"href":"https:\/\/novasdodia.com.br\/index.php\/wp-json\/wp\/v2\/users\/1"}],"replies":[{"embeddable":true,"href":"https:\/\/novasdodia.com.br\/index.php\/wp-json\/wp\/v2\/comments?post=20549"}],"version-history":[{"count":0,"href":"https:\/\/novasdodia.com.br\/index.php\/wp-json\/wp\/v2\/posts\/20549\/revisions"}],"wp:attachment":[{"href":"https:\/\/novasdodia.com.br\/index.php\/wp-json\/wp\/v2\/media?parent=20549"}],"wp:term":[{"taxonomy":"category","embeddable":true,"href":"https:\/\/novasdodia.com.br\/index.php\/wp-json\/wp\/v2\/categories?post=20549"},{"taxonomy":"post_tag","embeddable":true,"href":"https:\/\/novasdodia.com.br\/index.php\/wp-json\/wp\/v2\/tags?post=20549"}],"curies":[{"name":"wp","href":"https:\/\/api.w.org\/{rel}","templated":true}]}}