{"id":20658,"date":"2024-04-04T21:45:01","date_gmt":"2024-04-05T00:45:01","guid":{"rendered":"https:\/\/novasdodia.com.br\/index.php\/2024\/04\/04\/prefeitura-de-sorocaba-reinaugura-a-quinta-unidade-do-sabe-tudo-conect-na-vila-carol-agencia-de-noticias\/"},"modified":"2024-04-04T21:45:01","modified_gmt":"2024-04-05T00:45:01","slug":"prefeitura-de-sorocaba-reinaugura-a-quinta-unidade-do-sabe-tudo-conect-na-vila-carol-agencia-de-noticias","status":"publish","type":"post","link":"https:\/\/novasdodia.com.br\/index.php\/2024\/04\/04\/prefeitura-de-sorocaba-reinaugura-a-quinta-unidade-do-sabe-tudo-conect-na-vila-carol-agencia-de-noticias\/","title":{"rendered":"Prefeitura de Sorocaba reinaugura a quinta unidade do Sabe Tudo Conect@ na Vila Carol \u2013 Ag\u00eancia de Not\u00edcias"},"content":{"rendered":"<p><\/p>\n<div wp_automatic_readability=\"31\">\n<div class=\"col\" wp_automatic_readability=\"7\">\n<p class=\"mt-0\">\n                        <strong><br \/>\n                            <span class=\"far fa-calendar mr-1 mt-2\"\/><br \/>\n                            4 de abril de 2024<br \/>\n                            <span class=\"far fa-clock ml-3 mt-2\"\/><br \/>\n                            18:20<br \/>\n                        <\/strong>\n                    <\/p>\n<p class=\"mb-0\">Por: <strong>Lu\u00eds Gustavo Adabro<\/strong><\/p>\n<\/p><\/div>\n<\/p><\/div>\n<div wp_automatic_readability=\"78\">\n<p><em>Fotos: Michelle Alves<\/em><\/p>\n<p>A Prefeitura de Sorocaba, por meio da Secretaria da Educa\u00e7\u00e3o (Sedu), reinaugurou, na tarde desta quinta-feira (4), a quinta unidade do projeto Sabe Tudo Conect@, desta vez, na E.M. \u201cMaria Domingas T\u00f3tora de G\u00f3es\u201d, localizada na Alameda Laurindo de Brito, 180, na Vila Carol, Zona Norte da cidade.<\/p>\n<p>Ap\u00f3s um per\u00edodo de cerca de nove anos em que o pr\u00e9dio estava sem atividade, foi aproveitada a estrutura do pr\u00e9dio do Antigo Sabe Tudo, que foi completamente revitalizada e readequada para abrigar as novas atividades e o projeto pedag\u00f3gico.<\/p>\n<p>Os alunos comemoraram, junto aos pais e professores presentes, a novidade na unidade escolar. Os alunos do 4\u00ba e 5\u00ba prestaram homenagens em duas apresenta\u00e7\u00f5es musicais.<\/p>\n<p>Antes da reabertura desse Sabe Tudo Conect@, j\u00e1 foram inaugurados outros quatro, junto \u00e0 E. M. \u201cProf. Amin Cassar\u201d, no Jardim S\u00e3o Camilo; E.M. \u201cIn\u00eas Rodrigues Cesarotti\u201d, no Jardim Bonsucesso; na E.M. \u201cDuljara Fernandes Oliveira\u201d, no Jardim Santo Amaro; e na E.M. \u201cFl\u00e1vio de Souza Nogueira\u201d, na Vila Fiori.<\/p>\n<p>Pelo projeto Conect@, ser\u00e3o ofertadas oficinas nas \u00e1reas da cultura digital; tecnologia e pensamento computacional; com cursos como os de Inform\u00e1tica; tecnologia usual para o dia a dia; apoio escolar voltado para a cidadania digital; criatividade e inova\u00e7\u00e3o; cultura maker e produ\u00e7\u00e3o audiovisual.<\/p>\n<p>J\u00e1 est\u00e3o programadas tamb\u00e9m as pr\u00f3ximas reinaugura\u00e7\u00f5es, nas unidades anexas \u00e0s seguintes escolas: E.M. \u201cOswaldo de Oliveira\u201d; E.M. \u201cLuiz Almeida Marins\u201d e E.M. \u201cQuinzinho de Barros\u201d.<\/p>\n<p><!-- Root element of PhotoSwipe. Must have class pswp. --><\/p><\/div>\n","protected":false},"excerpt":{"rendered":"<p>4 de abril de 2024 18:20 Por: Lu\u00eds Gustavo Adabro Fotos: Michelle Alves A Prefeitura de Sorocaba, por meio da Secretaria da Educa\u00e7\u00e3o (Sedu), reinaugurou, na tarde desta quinta-feira (4), a quinta unidade do projeto Sabe Tudo Conect@, desta vez, na E.M. \u201cMaria Domingas T\u00f3tora de G\u00f3es\u201d, localizada na Alameda Laurindo de Brito, 180, na [&hellip;]<\/p>\n","protected":false},"author":1,"featured_media":0,"comment_status":"open","ping_status":"open","sticky":false,"template":"","format":"standard","meta":{"footnotes":""},"categories":[1],"tags":[],"class_list":["post-20658","post","type-post","status-publish","format-standard","hentry","category-noticias"],"amp_enabled":true,"_links":{"self":[{"href":"https:\/\/novasdodia.com.br\/index.php\/wp-json\/wp\/v2\/posts\/20658","targetHints":{"allow":["GET"]}}],"collection":[{"href":"https:\/\/novasdodia.com.br\/index.php\/wp-json\/wp\/v2\/posts"}],"about":[{"href":"https:\/\/novasdodia.com.br\/index.php\/wp-json\/wp\/v2\/types\/post"}],"author":[{"embeddable":true,"href":"https:\/\/novasdodia.com.br\/index.php\/wp-json\/wp\/v2\/users\/1"}],"replies":[{"embeddable":true,"href":"https:\/\/novasdodia.com.br\/index.php\/wp-json\/wp\/v2\/comments?post=20658"}],"version-history":[{"count":0,"href":"https:\/\/novasdodia.com.br\/index.php\/wp-json\/wp\/v2\/posts\/20658\/revisions"}],"wp:attachment":[{"href":"https:\/\/novasdodia.com.br\/index.php\/wp-json\/wp\/v2\/media?parent=20658"}],"wp:term":[{"taxonomy":"category","embeddable":true,"href":"https:\/\/novasdodia.com.br\/index.php\/wp-json\/wp\/v2\/categories?post=20658"},{"taxonomy":"post_tag","embeddable":true,"href":"https:\/\/novasdodia.com.br\/index.php\/wp-json\/wp\/v2\/tags?post=20658"}],"curies":[{"name":"wp","href":"https:\/\/api.w.org\/{rel}","templated":true}]}}