{"id":20684,"date":"2024-04-05T07:32:55","date_gmt":"2024-04-05T10:32:55","guid":{"rendered":"https:\/\/novasdodia.com.br\/index.php\/2024\/04\/05\/educacao-de-sao-jose-esta-entre-as-5-melhores-do-pais\/"},"modified":"2024-04-05T07:32:55","modified_gmt":"2024-04-05T10:32:55","slug":"educacao-de-sao-jose-esta-entre-as-5-melhores-do-pais","status":"publish","type":"post","link":"https:\/\/novasdodia.com.br\/index.php\/2024\/04\/05\/educacao-de-sao-jose-esta-entre-as-5-melhores-do-pais\/","title":{"rendered":"Educa\u00e7\u00e3o de S\u00e3o Jos\u00e9 est\u00e1 entre as 5 melhores do pa\u00eds"},"content":{"rendered":"<p><\/p>\n<div>\n<p><b>Lucas Brito<\/b><br \/>&#13;<br \/>\n&#13;<br \/>\n                <span style=\"font-weight: bold;\">Secretaria de Educa\u00e7\u00e3o e Cidadania<\/span><\/p>\n<p><span style=\"font-weight: 400;\">Com pol\u00edticas p\u00fablicas e projetos inovadores que t\u00eam por foco a educa\u00e7\u00e3o de qualidade, S\u00e3o Jos\u00e9 dos Campos segue se destacando no cen\u00e1rio nacional.<\/span><\/p>\n<p><span style=\"font-weight: 400;\">O munic\u00edpio alcan\u00e7ou a 5\u00aa coloca\u00e7\u00e3o no ranking do \u00cdndice de Oportunidades da Educa\u00e7\u00e3o Brasileira (Ioeb) 2023 para cidades com mais de 100 mil habitantes, recebendo nota 5,5.<\/span><\/p>\n<p><span style=\"font-weight: 400;\">A pontua\u00e7\u00e3o \u00e9 a maior entre as cidades do Vale do Para\u00edba e tamb\u00e9m supera a m\u00e9dia nacional (5,1). Entre as cidades acima de 500 mil habitantes, S\u00e3o Jos\u00e9 ocupa a 1\u00aa coloca\u00e7\u00e3o do pa\u00eds, ao lado de S\u00e3o Bernardo do Campo e da capital paulista.<\/span><\/p>\n<p><span style=\"font-weight: 400;\">O resultado \u00e9 fruto das a\u00e7\u00f5es e investimentos da Prefeitura na Rede de Ensino Municipal, que atende diariamente mais de 80 mil alunos, de 0 a mais de 90 anos de idade, em 113 escolas da Educa\u00e7\u00e3o Infantil, 67 de Ensino Fundamental Integral e no Ceja (Centro de Educa\u00e7\u00e3o de Jovens e Adultos), e conta com o trabalho dedicado de mais de 6 mil profissionais da Educa\u00e7\u00e3o.<\/span><\/p>\n<p><span style=\"font-weight: 400;\">Diversas a\u00e7\u00f5es e programas educacionais acontecem nas escolas, como o Educa\u00e7\u00e3o 5.0, voltado \u00e0 forma\u00e7\u00e3o de habilidades e compet\u00eancias socioemocionais e o uso de tecnologias; Educa\u00e7\u00e3o Integral com oficinas de arte, cultura, esportes e tecnologia no contraturno, jogos pedag\u00f3gicos para Alfabetiza\u00e7\u00e3o, Programa Recupera, Escola de Forma\u00e7\u00e3o do Educador para forma\u00e7\u00e3o continuada de professores, com destaque tamb\u00e9m na fila zerada na Educa\u00e7\u00e3o Infantil, entre outras a\u00e7\u00f5es.<\/span><\/p>\n<p><span style=\"font-weight: 400;\"><\/span><\/p>\n<p><span class=\"intertitulo\">Sobre o Ioeb\u00a0<\/span><\/p>\n<p><span style=\"font-weight: 400;\">O Ioeb (\u00cdndice de Oportunidades da Educa\u00e7\u00e3o Brasileira) \u00e9 um \u00edndice p\u00fablico bienal que indica as oportunidades educacionais oferecidas para todas crian\u00e7as e jovens em um munic\u00edpio, estado ou Distrito Federal.<\/span><\/p>\n<p><span style=\"font-weight: 400;\">O \u00cdndice \u00e9 gerido institucionalmente pelo grupo Roda Educativa (antiga Comunidade Educativa Cedac),\u00a0<span>uma Organiza\u00e7\u00e3o da Sociedade Civil (OSC) formada por educadoras e profissionais de diversas \u00e1reas que trabalham em a\u00e7\u00f5es voltadas \u00e0 educa\u00e7\u00e3o p\u00fablica desde 1997, e conta\u00a0com a parceria t\u00e9cnica da Metas Sociais e da Conhecimento Social e diferentes institui\u00e7\u00f5es.<\/span><\/span><\/p>\n<p><span style=\"font-weight: 400;\">Foram avaliados mais de 5 mil munic\u00edpios brasileiros, analisando fatores que consistem nas condi\u00e7\u00f5es dos sistemas de ensino que atendem crian\u00e7as e jovens, representados pela propor\u00e7\u00e3o de professores com n\u00edvel superior, dura\u00e7\u00e3o da jornada escolar, propor\u00e7\u00e3o de diretores est\u00e1veis na mesma escola por tr\u00eas ou seis ou mais anos e pela propor\u00e7\u00e3o de crian\u00e7as entre 4 e 6 anos matriculadas na educa\u00e7\u00e3o infantil. Tamb\u00e9m \u00e9 levado em considera\u00e7\u00e3o o desempenho dos estudantes no \u00cdndice de Desenvolvimento da Educa\u00e7\u00e3o B\u00e1sica (Ideb).<\/span><\/p>\n<p><span style=\"font-weight: 400;\">O \u00edndice inclui ainda informa\u00e7\u00f5es referentes \u00e0 qualidade da oferta para estudantes que frequentam as redes p\u00fablicas e privadas, possibilitando uma vis\u00e3o integral do territ\u00f3rio, incorporando aspectos de dom\u00ednio cognitivo individual, mas tamb\u00e9m aspectos sist\u00eamicos, que podem contribuir para o fortalecimento do regime colaborativo no pa\u00eds.<\/span><\/p>\n<p><span style=\"font-weight: 400;\">Saiba mais na p\u00e1gina do Ioeb.<\/span><\/p>\n<p>\u00a0<\/p>\n<p>&#13;<br \/>\n                        <strong>MAIS NOT\u00cdCIAS<\/strong><br \/>&#13;<br \/>\n                        Secretaria de Educa\u00e7\u00e3o e Cidadania&#13;\n                    <\/p>\n<\/p><\/div>\n","protected":false},"excerpt":{"rendered":"<p>Lucas Brito&#13; &#13; Secretaria de Educa\u00e7\u00e3o e Cidadania Com pol\u00edticas p\u00fablicas e projetos inovadores que t\u00eam por foco a educa\u00e7\u00e3o de qualidade, S\u00e3o Jos\u00e9 dos Campos segue se destacando no cen\u00e1rio nacional. O munic\u00edpio alcan\u00e7ou a 5\u00aa coloca\u00e7\u00e3o no ranking do \u00cdndice de Oportunidades da Educa\u00e7\u00e3o Brasileira (Ioeb) 2023 para cidades com mais de 100 [&hellip;]<\/p>\n","protected":false},"author":1,"featured_media":0,"comment_status":"open","ping_status":"open","sticky":false,"template":"","format":"standard","meta":{"footnotes":""},"categories":[1],"tags":[],"class_list":["post-20684","post","type-post","status-publish","format-standard","hentry","category-noticias"],"amp_enabled":true,"_links":{"self":[{"href":"https:\/\/novasdodia.com.br\/index.php\/wp-json\/wp\/v2\/posts\/20684","targetHints":{"allow":["GET"]}}],"collection":[{"href":"https:\/\/novasdodia.com.br\/index.php\/wp-json\/wp\/v2\/posts"}],"about":[{"href":"https:\/\/novasdodia.com.br\/index.php\/wp-json\/wp\/v2\/types\/post"}],"author":[{"embeddable":true,"href":"https:\/\/novasdodia.com.br\/index.php\/wp-json\/wp\/v2\/users\/1"}],"replies":[{"embeddable":true,"href":"https:\/\/novasdodia.com.br\/index.php\/wp-json\/wp\/v2\/comments?post=20684"}],"version-history":[{"count":0,"href":"https:\/\/novasdodia.com.br\/index.php\/wp-json\/wp\/v2\/posts\/20684\/revisions"}],"wp:attachment":[{"href":"https:\/\/novasdodia.com.br\/index.php\/wp-json\/wp\/v2\/media?parent=20684"}],"wp:term":[{"taxonomy":"category","embeddable":true,"href":"https:\/\/novasdodia.com.br\/index.php\/wp-json\/wp\/v2\/categories?post=20684"},{"taxonomy":"post_tag","embeddable":true,"href":"https:\/\/novasdodia.com.br\/index.php\/wp-json\/wp\/v2\/tags?post=20684"}],"curies":[{"name":"wp","href":"https:\/\/api.w.org\/{rel}","templated":true}]}}