{"id":20793,"date":"2024-04-06T23:49:02","date_gmt":"2024-04-07T02:49:02","guid":{"rendered":"https:\/\/novasdodia.com.br\/index.php\/2024\/04\/06\/em-festa-civica-de-inocencia-governo-entrega-escola-reformada-pavimentacao-e-recursos-para-a-construcao-do-aerodromo\/"},"modified":"2024-04-06T23:49:02","modified_gmt":"2024-04-07T02:49:02","slug":"em-festa-civica-de-inocencia-governo-entrega-escola-reformada-pavimentacao-e-recursos-para-a-construcao-do-aerodromo","status":"publish","type":"post","link":"https:\/\/novasdodia.com.br\/index.php\/2024\/04\/06\/em-festa-civica-de-inocencia-governo-entrega-escola-reformada-pavimentacao-e-recursos-para-a-construcao-do-aerodromo\/","title":{"rendered":"Em festa c\u00edvica de Inoc\u00eancia, Governo entrega escola reformada, pavimenta\u00e7\u00e3o e recursos para a constru\u00e7\u00e3o do aer\u00f3dromo"},"content":{"rendered":"<p><\/p>\n<div>\n<p><span style=\"font-weight: 400;\">A &#8220;Cidade Romance&#8221; de Inoc\u00eancia est\u00e1 completando 65 anos de cria\u00e7\u00e3o e neste s\u00e1bado (6) uma grande festa c\u00edvica foi realizada na Concha Ac\u00fastica em comemora\u00e7\u00e3o ao anivers\u00e1rio do munic\u00edpio para a entrega de novos equipamentos e a assinatura de conv\u00eanios. O aporte de recursos somam mais de R$ 52 milh\u00f5es em obras e a\u00e7\u00f5es de infraestrutura, sa\u00fade, habita\u00e7\u00e3o e educa\u00e7\u00e3o.<\/span><\/p>\n<p><span style=\"font-weight: 400;\">De acordo com o governador Eduardo Riedel, que participou das comemora\u00e7\u00f5es, o pacote de investimentos e obras acompanha o ritmo de crescimento e desenvolvimento econ\u00f4mico sustent\u00e1vel do munic\u00edpio, que foi escolhido para sediar a primeira planta de celulose da Arauco no Brasil, com previs\u00e3o de in\u00edcio de opera\u00e7\u00e3o em 2028.<\/span><\/p>\n<p><span style=\"font-weight: 400;\">Uma das obras vistoriadas por Riedel em Inoc\u00eancia foi a \u00e1rea do futuro aer\u00f3dromo. Com investimentos robustos, o Governo do Estado pretende alavancar o turismo na regi\u00e3o, facilitar o transporte de cargas e passageiros e fomentar a economia local.\u00a0<\/span><\/p>\n<figure id=\"attachment_471951\" aria-describedby=\"caption-attachment-471951\" style=\"width: 1024px\" class=\"wp-caption alignnone\"><figcaption id=\"caption-attachment-471951\" class=\"wp-caption-text\">Com investimentos robustos para o aer\u00f3dromo da cidade, o Governo pretende alavancar o turismo e facilitar o transporte de cargas e passageiros<\/figcaption><\/figure>\n<p><span style=\"font-weight: 400;\">\u201c\u00c9 uma obra de mais de\u00a0 R$ 15 milh\u00f5es e esse aqui \u00e9 o equipamento que vai ajudar no ir e vir dos empres\u00e1rios que est\u00e3o em torno desse empreendimento da Arauco. O resultado no final \u00e9 emprego, renda, desenvolvimento para o munic\u00edpio de Inoc\u00eancia\u201d, enfatizou o governador.\u00a0<\/span><\/p>\n<\/p>\n<p><span style=\"font-weight: 400;\">O aer\u00f3dromo ser\u00e1 dotado de pistas de pouso,\u00a0 decolagem e taxiamento, p\u00e1tio de aeronaves e alambrado operacional. Com o novo equipamento ser\u00e1 poss\u00edvel receber aeronaves de m\u00e9dio porte.<\/span><\/p>\n<p><span style=\"font-weight: 400;\">Ainda segundo o governador, o Estado est\u00e1 concentrando esfor\u00e7os em aprimorar a infraestrutura dos aeroportos e Inoc\u00eancia est\u00e1 entre os munic\u00edpios que se beneficiar\u00e3o deste plano estadual de investimento aerovi\u00e1rio, que envolve recursos estimados em R$ 250 milh\u00f5es, a serem aplicados em reforma, estrutura\u00e7\u00e3o e implanta\u00e7\u00e3o de novos aeroportos.<\/span><\/p>\n<p><span style=\"font-weight: 400;\">Outro an\u00fancio importante foi a entrega da obra de reforma da Escola Estadual Professor Jo\u00e3o Pereira Valim. Com 617 alunos matriculados, a unidade escolar oferece ensino fundamental, m\u00e9dio e EJA (Educa\u00e7\u00e3o de Jovens e Adultos). Foram investidos R$ 5,7 milh\u00f5es, que inclui mobili\u00e1rios e outros itens.<\/span><\/p>\n<p><span style=\"font-weight: 400;\">Outra obra relevante que est\u00e1 sendo realizada \u00e9 a pavimenta\u00e7\u00e3o asf\u00e1ltica e drenagem no Distrito de S\u00e3o Pedro, com recursos que alcan\u00e7am R$ 1, 3 milh\u00f5es.<\/span><\/p>\n<p><span style=\"font-weight: 400;\">Inoc\u00eancia, com seus mais de 8 mil habitantes, tem experimentado um <\/span><i><span style=\"font-weight: 400;\">boom<\/span><\/i><span style=\"font-weight: 400;\"> econ\u00f4mico nos \u00faltimos anos e necessita tamb\u00e9m de investimentos na \u00e1rea de habita\u00e7\u00e3o.<\/span><\/p>\n<p><span style=\"font-weight: 400;\">Nas festividades de hoje, foi anunciado a constru\u00e7\u00e3o da base estrutural para 51 casas do Programa Lote urbanizado do programa da Agehab (Ag\u00eancia de Habita\u00e7\u00e3o de MS), no valor de <\/span><span style=\"font-weight: 400;\">R$ 5,7 milh\u00f5es.<\/span><\/p>\n<p><span style=\"font-weight: 400;\">O Lote Urbanizado &#8211; programa habitacional do governo do Estado, desenvolvido por meio da Agehab, em parceria com os munic\u00edpios -, promove a realiza\u00e7\u00e3o do sonho da casa pr\u00f3pria para fam\u00edlias com renda de at\u00e9 R$ 4,6 mil.<\/span><\/p>\n<p><span style=\"font-weight: 400;\">Em Inoc\u00eancia, essa conquista est\u00e1 se tornando realidade para dezenas de fam\u00edlias, e os investimentos em habita\u00e7\u00e3o s\u00e3o de R$ 847,2 mil, a serem aplicados na constru\u00e7\u00e3o das bases estruturais nos lotes.\u00a0<\/span><\/p>\n<figure id=\"attachment_471952\" aria-describedby=\"caption-attachment-471952\" style=\"width: 1024px\" class=\"wp-caption alignnone\"><figcaption id=\"caption-attachment-471952\" class=\"wp-caption-text\">Foi anunciado a obra estrutural para casas do Programa Lote urbanizado<\/figcaption><\/figure>\n<p><span style=\"font-weight: 400;\">No Programa Lote Urbanizado o munic\u00edpio doa o terreno e o Estado realiza a constru\u00e7\u00e3o da base (42,56 m\u00b2), com funda\u00e7\u00e3o, contrapiso, 1\u00aa fiada de tijolos, fossa e sumidouro, cabendo ao benefici\u00e1rio concluir o restante.\u00a0<\/span><\/p>\n<p><span style=\"font-weight: 400;\">O prefeito de Inoc\u00eancia, Ant\u00f4nio \u00c2ngelo Garcia dos Santos (Toninho da Cofapi), agradeceu o apoio do Estado e da proposi\u00e7\u00e3o de emendas parlamentares da bancada federal, em especial, do senador Nelsinho Trad, que tamb\u00e9m participou do evento, em companhia do secret\u00e1rio Eduardo Rocha (Casa Civil), da secret\u00e1ria adjunta de Educa\u00e7\u00e3o, Dione Hashioka, e da diretora-presidente da Agehab, Maria do Carmo Avesani Lopez.\u00a0\u00a0<\/span><\/p>\n<\/p>\n<p><span style=\"font-weight: 400;\">Se dirigindo ao governador, Toninho da Cofapi salientou a aten\u00e7\u00e3o do Estado em prol do munic\u00edpio. &#8220;O senhor veio aqui prestigiar a popula\u00e7\u00e3o de Inoc\u00eancia. Na minha opini\u00e3o, o senhor iniciou o seu\u00a0 mandato\u00a0 com o p\u00e9 no acelerador&#8221;, destacou o prefeito.<\/span><\/p>\n<\/p>\n<p><b>Bandas, chap\u00e9u, botina, cintur\u00e3o e a Cidade Romance<\/b><\/p>\n<p><span style=\"font-weight: 400;\">Al\u00e9m dos an\u00fancios e entregas, a popula\u00e7\u00e3o de Inoc\u00eancia pode conferir atra\u00e7\u00f5es encantadoras, como as apresenta\u00e7\u00f5es de diversas bandas marciais como a banda Inocenciense Bammim, que arrancou muitos aplausos do p\u00fablico.<\/span><\/p>\n<p><span style=\"font-weight: 400;\">A\u00a0 Orquestra de Sopros e Percuss\u00e3o Facmol, da cidade de Pereira Barreto, em S\u00e3o Paulo,\u00a0 encerrou as comemora\u00e7\u00f5es e a cada movimento o p\u00fablico delirava com a performance sincronizada dos integrantes.\u00a0<\/span><\/p>\n<div id=\"gallery-1\" class=\"gallery galleryid-471949 gallery-columns-2 gallery-size-large\">\n<figure class=\"gallery-item\">\n<div class=\"gallery-icon landscape\"><\/div>\n<\/figure>\n<figure class=\"gallery-item\">\n<div class=\"gallery-icon landscape\"><\/div>\n<\/figure><\/div>\n<p>O nome do munic\u00edpio de Inoc\u00eancia \u00e9 inspirado na famosa obra liter\u00e1ria \u201cInoc\u00eancia\u201d, de visconde de Taunay (<em>substantivo pr\u00f3prio de origem francesa e com pron\u00fancia T\u00f4n\u00e9<\/em>), escritor, m\u00fasico, professor, engenheiro militar, entre outras profiss\u00f5es, e que como segundo-tenente do Ex\u00e9rcito Brasileiro participou da Expedi\u00e7\u00e3o de Mato Grosso (1865-1868), no in\u00edcio da Guerra do Paraguai, e que aproveitou as andan\u00e7as pela regi\u00e3o para escrever o livro. &#8220;Inoc\u00eancia&#8221;, publicado em 1872, \u00e9 considerado o melhor romance sertanejo do Romantismo brasileiro, e que faz parte da educa\u00e7\u00e3o de v\u00e1rias gera\u00e7\u00f5es.<\/p>\n<p><em><span style=\"font-weight: 400;\">Alexandre Gonzaga, Comunica\u00e7\u00e3o do Governo de MS\u00a0<\/span><\/em><\/p>\n<p><em><span style=\"font-weight: 400;\">Fotos: Bruno Rezende<\/span><\/em><\/p>\n<\/div>\n","protected":false},"excerpt":{"rendered":"<p>A &#8220;Cidade Romance&#8221; de Inoc\u00eancia est\u00e1 completando 65 anos de cria\u00e7\u00e3o e neste s\u00e1bado (6) uma grande festa c\u00edvica foi realizada na Concha Ac\u00fastica em comemora\u00e7\u00e3o ao anivers\u00e1rio do munic\u00edpio para a entrega de novos equipamentos e a assinatura de conv\u00eanios. O aporte de recursos somam mais de R$ 52 milh\u00f5es em obras e a\u00e7\u00f5es [&hellip;]<\/p>\n","protected":false},"author":1,"featured_media":0,"comment_status":"open","ping_status":"open","sticky":false,"template":"","format":"standard","meta":{"footnotes":""},"categories":[],"tags":[],"class_list":["post-20793","post","type-post","status-publish","format-standard","hentry"],"amp_enabled":true,"_links":{"self":[{"href":"https:\/\/novasdodia.com.br\/index.php\/wp-json\/wp\/v2\/posts\/20793","targetHints":{"allow":["GET"]}}],"collection":[{"href":"https:\/\/novasdodia.com.br\/index.php\/wp-json\/wp\/v2\/posts"}],"about":[{"href":"https:\/\/novasdodia.com.br\/index.php\/wp-json\/wp\/v2\/types\/post"}],"author":[{"embeddable":true,"href":"https:\/\/novasdodia.com.br\/index.php\/wp-json\/wp\/v2\/users\/1"}],"replies":[{"embeddable":true,"href":"https:\/\/novasdodia.com.br\/index.php\/wp-json\/wp\/v2\/comments?post=20793"}],"version-history":[{"count":0,"href":"https:\/\/novasdodia.com.br\/index.php\/wp-json\/wp\/v2\/posts\/20793\/revisions"}],"wp:attachment":[{"href":"https:\/\/novasdodia.com.br\/index.php\/wp-json\/wp\/v2\/media?parent=20793"}],"wp:term":[{"taxonomy":"category","embeddable":true,"href":"https:\/\/novasdodia.com.br\/index.php\/wp-json\/wp\/v2\/categories?post=20793"},{"taxonomy":"post_tag","embeddable":true,"href":"https:\/\/novasdodia.com.br\/index.php\/wp-json\/wp\/v2\/tags?post=20793"}],"curies":[{"name":"wp","href":"https:\/\/api.w.org\/{rel}","templated":true}]}}