{"id":21002,"date":"2024-04-10T23:33:59","date_gmt":"2024-04-11T02:33:59","guid":{"rendered":"https:\/\/novasdodia.com.br\/index.php\/2024\/04\/10\/operacao-guarda-em-acao-leva-tranquilidade-aos-comerciantes-do-jardim-noroeste-cgnoticias\/"},"modified":"2024-04-10T23:33:59","modified_gmt":"2024-04-11T02:33:59","slug":"operacao-guarda-em-acao-leva-tranquilidade-aos-comerciantes-do-jardim-noroeste-cgnoticias","status":"publish","type":"post","link":"https:\/\/novasdodia.com.br\/index.php\/2024\/04\/10\/operacao-guarda-em-acao-leva-tranquilidade-aos-comerciantes-do-jardim-noroeste-cgnoticias\/","title":{"rendered":"Opera\u00e7\u00e3o Guarda em A\u00e7\u00e3o leva tranquilidade aos comerciantes do Jardim Noroeste \u2013 CGNot\u00edcias"},"content":{"rendered":"<p><\/p>\n<div>\n<p>H\u00e1 12 anos, Eduardo Ramos Ribeiro tem um pequeno estabelecimento de secos e molhados no Jardim Noroeste, bairro localizado na Regi\u00e3o Urbana do Prosa de Campo Grande. O empreendedor conta que uma das maiores dificuldades quanto \u00e0 seguran\u00e7a p\u00fablica da regi\u00e3o, est\u00e1 associada aos acidentes de tr\u00e2nsito. Por isso, o sentimento de bonan\u00e7a durante o per\u00edodo em que a Base M\u00f3vel foi instalada na Pra\u00e7a da Juventude, foi constante. \u201c\u00c9 um bairro que est\u00e1 crescendo muito r\u00e1pido, visto a quantidade e variedade de com\u00e9rcio que temos por aqui para atender toda a comunidade. E isso traz o movimento e movimento, \u00e9 tr\u00e2nsito\u201d, aponta.<\/p>\n<\/p>\n<p>A Guarda Civil Metropolitana de Campo Grande (GCM) levou, em sua oitava semana, a Opera\u00e7\u00e3o Guarda em A\u00e7\u00e3o ao Jardim Noroeste. Foram sete dias de atendimento itinerante que atua com averigua\u00e7\u00f5es, a\u00e7\u00f5es preventivas e repressivas, al\u00e9m do combate ao furto de fios e outras situa\u00e7\u00f5es de viol\u00eancia. A Base M\u00f3vel foi instalada na Pra\u00e7a da Juventude, onde em seu entorno, h\u00e1 uma grande quantidade de estabelecimentos comerciais, al\u00e9m do movimento constante dos usu\u00e1rios da pra\u00e7a.<\/p>\n<\/p>\n<p>\u201cDurante a semana que a Base ficou aqui na Pra\u00e7a, tivemos uma redu\u00e7\u00e3o clara do que era os perigos do tr\u00e2nsito, principalmente relacionado aos motociclistas. Eles costumavam passar pela rua em alta velocidade, al\u00e9m de, sempre a partir das 16h, virem \u00e0 pra\u00e7a e come\u00e7arem a fazer muito barulho com os aceleradores e escapamentos. Depois da opera\u00e7\u00e3o da guarda, est\u00e1 um sossego esse lugar\u201d, aponta Selma dos Santos Silva. A atendente trabalha h\u00e1 dois anos em uma padaria em frente \u00e0 pra\u00e7a.<\/p>\n<\/p>\n<p>Neide Lima de Freitas tem uma loja de roupas h\u00e1 quase tr\u00eas anos no Jardim Noroeste. A varejista conta que com a presen\u00e7a da Base da Guarda, ela ficava segura em deixar os manequins e mostru\u00e1rios na cal\u00e7ada, al\u00e9m de se sentir protegida em seu estabelecimento.<\/p>\n<p>\u201cComo trabalho sozinha, muitas vezes chega mais de um cliente na loja e quando tenho que ir ao estoque buscar novas op\u00e7\u00f5es e quando volto, j\u00e1 fui assaltada. Uma vez, levaram cinco bon\u00e9s de uma vez. Trabalho sempre com a porta trancada. Com a presen\u00e7a da guarda, pude vender em paz e sem nenhuma tens\u00e3o com riscos \u00e0 viol\u00eancia. O bairro \u00e9 \u00f3timo, tem um p\u00fablico consumidor muito ativo, \u00e9 v\u00e1lido trabalhar aqui. E quando temos esse apoio do poder p\u00fablico relacionado a seguran\u00e7a, ganhamos um f\u00f4lego a mais, seja nos neg\u00f3cios, seja como cidad\u00e3o comum mesmo\u201d, descreve.<\/p>\n<p>\u00a0<\/p>\n<\/p>\n<p>A Base M\u00f3vel operou das 7h \u00e0s 22h com rondas e atendimento aos anseios da popula\u00e7\u00e3o. Al\u00e9m disso, disponibilizou os servi\u00e7os de apoio da Patrulha Maria da Penha, Tr\u00e2nsito e Patrulha Ambiental. Segundo censo do IBGE (Instituto Brasileiro de Geografia e Estat\u00edstica), o bairro apresenta um dos maiores n\u00fameros de crian\u00e7as e adolescentes da Capital (32,7% da popula\u00e7\u00e3o).<\/p>\n<p>A opera\u00e7\u00e3o contou com 4 viaturas de 4 rodas e 6 motos que deram suporte e refor\u00e7o no bairro, al\u00e9m da Ronda Ostensiva Municipal (Romu) e Grupamento Especializado de Motopatrulhamento (GEMOP) para trabalhos na seguran\u00e7a da regi\u00e3o. A Base M\u00f3vel abriga equipes respons\u00e1veis pela atua\u00e7\u00e3o em rondas preventivas, atendimentos, servi\u00e7os de apoio como Patrulha Maria da Penha, Tr\u00e2nsito e Patrulha Ambiental, orienta\u00e7\u00e3o \u00e0 popula\u00e7\u00e3o com as demandas trazidas por ela, bem como o recebimento de den\u00fancias via 153.<\/p>\n<p>O projeto iniciou a sua primeira edi\u00e7\u00e3o no dia 5 de fevereiro no Bairro Caiob\u00e1, onde permaneceu at\u00e9 o dia 11, contemplando a regi\u00e3o da Lagoa. Do dia 12 at\u00e9 o dia 18 de fevereiro, a base contemplou a regi\u00e3o Central, em frente \u00e0 Morada dos Ba\u00eds. Do dia 19 ao dia 25 de fevereiro, o dispositivo de seguran\u00e7a contemplou o primeiro bairro da Regi\u00e3o Segredo, o Nova Lima. Do dia 26 de fevereiro ao dia 1\u00ba de mar\u00e7o, a base migrou para a Regi\u00e3o Anhanduizinho onde permaneceu por quatro semanas na mesma regi\u00e3o. A a\u00e7\u00e3o atendeu primeiramente o Bairro Alves Pereira, e depois realizou a a\u00e7\u00e3o nos bairros: Los Angeles, Jardim Canguru e Guanandi. Na semana passada, a Opera\u00e7\u00e3o Guarda em A\u00e7\u00e3o atendeu o Prosa no Jardim Noroeste.<\/p>\n<p>\u00a0<\/p>\n<p><em>#pratodosverem. A mat\u00e9ria possui cinco imagens.<\/em><\/p>\n<p><em>Foto1 imagem de uma das ruas comerciais do Jardim Noroeste.<\/em><br \/><em>Foto2 imagem da equipe GCM em frente \u00e0 pra\u00e7a, durante opera\u00e7\u00e3o.<\/em><br \/><em>Foto3 imagem do empreendedor Eduardo em seu estabelecimento.<\/em><br \/><em>Foto4 imagem da atendente Selma na padaria onde ela trabalha.<\/em><br \/><em>Foto5 imagem da varejista Neide atr\u00e1s do balc\u00e3o do caixa de pagamento de sua loja.<\/em><\/p>\n<\/div>\n<p><script async defer async defer src=\"https:\/\/connect.facebook.net\/en_US\/sdk.js?ver=1#xfbml=1&#038;version=v3.2\" id='prefeitura-campogrande-script-facebook-sdk-js'><\/script><\/p>\n","protected":false},"excerpt":{"rendered":"<p>H\u00e1 12 anos, Eduardo Ramos Ribeiro tem um pequeno estabelecimento de secos e molhados no Jardim Noroeste, bairro localizado na Regi\u00e3o Urbana do Prosa de Campo Grande. O empreendedor conta que uma das maiores dificuldades quanto \u00e0 seguran\u00e7a p\u00fablica da regi\u00e3o, est\u00e1 associada aos acidentes de tr\u00e2nsito. Por isso, o sentimento de bonan\u00e7a durante o [&hellip;]<\/p>\n","protected":false},"author":1,"featured_media":0,"comment_status":"open","ping_status":"open","sticky":false,"template":"","format":"standard","meta":{"footnotes":""},"categories":[],"tags":[],"class_list":["post-21002","post","type-post","status-publish","format-standard","hentry"],"amp_enabled":true,"_links":{"self":[{"href":"https:\/\/novasdodia.com.br\/index.php\/wp-json\/wp\/v2\/posts\/21002","targetHints":{"allow":["GET"]}}],"collection":[{"href":"https:\/\/novasdodia.com.br\/index.php\/wp-json\/wp\/v2\/posts"}],"about":[{"href":"https:\/\/novasdodia.com.br\/index.php\/wp-json\/wp\/v2\/types\/post"}],"author":[{"embeddable":true,"href":"https:\/\/novasdodia.com.br\/index.php\/wp-json\/wp\/v2\/users\/1"}],"replies":[{"embeddable":true,"href":"https:\/\/novasdodia.com.br\/index.php\/wp-json\/wp\/v2\/comments?post=21002"}],"version-history":[{"count":0,"href":"https:\/\/novasdodia.com.br\/index.php\/wp-json\/wp\/v2\/posts\/21002\/revisions"}],"wp:attachment":[{"href":"https:\/\/novasdodia.com.br\/index.php\/wp-json\/wp\/v2\/media?parent=21002"}],"wp:term":[{"taxonomy":"category","embeddable":true,"href":"https:\/\/novasdodia.com.br\/index.php\/wp-json\/wp\/v2\/categories?post=21002"},{"taxonomy":"post_tag","embeddable":true,"href":"https:\/\/novasdodia.com.br\/index.php\/wp-json\/wp\/v2\/tags?post=21002"}],"curies":[{"name":"wp","href":"https:\/\/api.w.org\/{rel}","templated":true}]}}