{"id":21167,"date":"2024-04-13T07:15:55","date_gmt":"2024-04-13T10:15:55","guid":{"rendered":"https:\/\/novasdodia.com.br\/index.php\/2024\/04\/13\/comitiva-de-ms-debate-no-comsefaz-politica-tributaria-estadual-uniforme-e-questoes-federais\/"},"modified":"2024-04-13T07:15:55","modified_gmt":"2024-04-13T10:15:55","slug":"comitiva-de-ms-debate-no-comsefaz-politica-tributaria-estadual-uniforme-e-questoes-federais","status":"publish","type":"post","link":"https:\/\/novasdodia.com.br\/index.php\/2024\/04\/13\/comitiva-de-ms-debate-no-comsefaz-politica-tributaria-estadual-uniforme-e-questoes-federais\/","title":{"rendered":"Comitiva de MS debate no Comsefaz pol\u00edtica tribut\u00e1ria estadual uniforme e quest\u00f5es federais"},"content":{"rendered":"<p><\/p>\n<div id=\"post-472888\">\n<div class=\"text-center\"><\/div>\n<div class=\"entry\">\n<p>Secret\u00e1rios estaduais de Fazenda de todo o Brasil estiveram reunidos nesta quinta (11) e sexta-feira (12) em Fortaleza (CE), participando da 44 \u00aa Reuni\u00e3o Ordin\u00e1ria do Comsefaz (Comit\u00ea Nacional de Secret\u00e1rios de Fazenda, Finan\u00e7as, Receita, Tributa\u00e7\u00e3o ou Economia dos Estados e do Distrito Federal) e da 192\u00aa reuni\u00e3o do Confaz (Conselho Nacional de Pol\u00edtica Fazend\u00e1ria).<\/p>\n<p>A pauta principal do encontro girou em torno das propostas dos anteprojetos de leis complementares para regulamenta\u00e7\u00e3o da Reforma Tribut\u00e1ria. De acordo com o secret\u00e1rio sul-mato-grossense de Fazenda, Fl\u00e1vio C\u00e9sar, na quinta-feira foi assinada uma mota sobre a pol\u00edtica tribut\u00e1ria estadual uniforme aplic\u00e1vel \u00e0s importa\u00e7\u00f5es no programa Remessa Conforme.<\/p>\n<p>No documento, o colegiado do comit\u00ea reafirmou o compromisso com a equidade e justi\u00e7a tribut\u00e1ria.<\/p>\n<p>&#8220;O compromisso com a equidade e justi\u00e7a tribut\u00e1ria no Brasil \u00e9 um dos pilares que norteiam as Fazendas estaduais. Corol\u00e1rio deste princ\u00edpio \u00e9 o tratamento tribut\u00e1rio ison\u00f4mico dos produtos importados com os resultantes da produ\u00e7\u00e3o e circula\u00e7\u00e3o nacionais, uma vez que este equil\u00edbrio tem reflexo direto na manuten\u00e7\u00e3o do emprego e da renda dos brasileiros, o que se constr\u00f3i a partir de um ambiente de competi\u00e7\u00e3o justo para os neg\u00f3cios nacionais&#8221;, diz a nota.<\/p>\n<p>Conforme Fl\u00e1vio, o Comsefaz reuniu estudos e an\u00e1lises para o aprofundamento dos debates, viabilizando uma solu\u00e7\u00e3o que preserve os interesses econ\u00f4micos do pa\u00eds e reduza a disparidade competitiva de ambientes tribut\u00e1rios heterog\u00eaneos.<\/p>\n<p>J\u00e1 o encontro no \u00e2mbito do Confaz foram debatidos projetos legislativos e a\u00e7\u00f5es em tramita\u00e7\u00e3o no STF (Supremo Tribunal Federal), processos administrativos e propostas de conv\u00eanios e ajustes Sinief. Al\u00e9m dos secret\u00e1rios estaduais, participaram t\u00e9cnicos e representantes do Governo Federal. As reuni\u00f5es foram realizadas no Hotel Gran Marquise, na capital cearense.<\/p>\n<div id=\"gallery-2\" class=\"gallery galleryid-472888 gallery-columns-2 gallery-size-large\">\n<figure class=\"gallery-item\">\n<div class=\"gallery-icon landscape\"><\/div>\n<\/figure>\n<figure class=\"gallery-item\">\n<div class=\"gallery-icon landscape\"><\/div>\n<\/figure><\/div>\n<p><em>Diana Ga\u00fana, Comunica\u00e7\u00e3o Sefaz<\/em><br \/><em>*com informa\u00e7\u00f5es do Comsefaz<\/em><br \/><em>Fotos: Camila de Almeida<\/em><\/p>\n<\/div><\/div>\n","protected":false},"excerpt":{"rendered":"<p>Secret\u00e1rios estaduais de Fazenda de todo o Brasil estiveram reunidos nesta quinta (11) e sexta-feira (12) em Fortaleza (CE), participando da 44 \u00aa Reuni\u00e3o Ordin\u00e1ria do Comsefaz (Comit\u00ea Nacional de Secret\u00e1rios de Fazenda, Finan\u00e7as, Receita, Tributa\u00e7\u00e3o ou Economia dos Estados e do Distrito Federal) e da 192\u00aa reuni\u00e3o do Confaz (Conselho Nacional de Pol\u00edtica Fazend\u00e1ria). [&hellip;]<\/p>\n","protected":false},"author":1,"featured_media":0,"comment_status":"open","ping_status":"open","sticky":false,"template":"","format":"standard","meta":{"footnotes":""},"categories":[1],"tags":[],"class_list":["post-21167","post","type-post","status-publish","format-standard","hentry","category-noticias"],"amp_enabled":true,"_links":{"self":[{"href":"https:\/\/novasdodia.com.br\/index.php\/wp-json\/wp\/v2\/posts\/21167","targetHints":{"allow":["GET"]}}],"collection":[{"href":"https:\/\/novasdodia.com.br\/index.php\/wp-json\/wp\/v2\/posts"}],"about":[{"href":"https:\/\/novasdodia.com.br\/index.php\/wp-json\/wp\/v2\/types\/post"}],"author":[{"embeddable":true,"href":"https:\/\/novasdodia.com.br\/index.php\/wp-json\/wp\/v2\/users\/1"}],"replies":[{"embeddable":true,"href":"https:\/\/novasdodia.com.br\/index.php\/wp-json\/wp\/v2\/comments?post=21167"}],"version-history":[{"count":0,"href":"https:\/\/novasdodia.com.br\/index.php\/wp-json\/wp\/v2\/posts\/21167\/revisions"}],"wp:attachment":[{"href":"https:\/\/novasdodia.com.br\/index.php\/wp-json\/wp\/v2\/media?parent=21167"}],"wp:term":[{"taxonomy":"category","embeddable":true,"href":"https:\/\/novasdodia.com.br\/index.php\/wp-json\/wp\/v2\/categories?post=21167"},{"taxonomy":"post_tag","embeddable":true,"href":"https:\/\/novasdodia.com.br\/index.php\/wp-json\/wp\/v2\/tags?post=21167"}],"curies":[{"name":"wp","href":"https:\/\/api.w.org\/{rel}","templated":true}]}}