{"id":21348,"date":"2024-04-16T03:52:16","date_gmt":"2024-04-16T06:52:16","guid":{"rendered":"https:\/\/novasdodia.com.br\/index.php\/2024\/04\/16\/primeira-dose-da-vacina-que-protege-contra-dengue-sera-administrada-ate-o-final-de-abril\/"},"modified":"2024-04-16T03:52:16","modified_gmt":"2024-04-16T06:52:16","slug":"primeira-dose-da-vacina-que-protege-contra-dengue-sera-administrada-ate-o-final-de-abril","status":"publish","type":"post","link":"https:\/\/novasdodia.com.br\/index.php\/2024\/04\/16\/primeira-dose-da-vacina-que-protege-contra-dengue-sera-administrada-ate-o-final-de-abril\/","title":{"rendered":"Primeira dose da vacina que protege contra dengue ser\u00e1 administrada at\u00e9 o final de abril"},"content":{"rendered":"<p><\/p>\n<div>\n<p>A Prefeitura de Jo\u00e3o Pessoa faz o alerta e convoca pais e respons\u00e1veis por crian\u00e7as e adolescentes na faixa et\u00e1ria de 10 a 14 anos, para iniciar o esquema de vacina\u00e7\u00e3o que protege contra a dengue, que ser\u00e1 ofertado nos diversos servi\u00e7os de sa\u00fade e nos pontos extras da Capital at\u00e9 o fim de abril.\u00a0 A imuniza\u00e7\u00e3o se alcan\u00e7a com duas doses, com intervalo de 90 dias entre elas. A vacina \u00e9 segura e o uso foi aprovado pela Ag\u00eancia Nacional de Vigil\u00e2ncia Sanit\u00e1ria (Anvisa).\u00a0\u00a0<\/p>\n<figure class=\"wp-block-gallery has-nested-images columns-default is-cropped wp-block-gallery-1 is-layout-flex wp-block-gallery-is-layout-flex\">\n<figure class=\"wp-block-image size-large\"><\/figure>\n<figure class=\"wp-block-image size-large\"><\/figure>\n<\/figure>\n<p>\u201cA estrat\u00e9gia de vacina\u00e7\u00e3o para esse grupo de crian\u00e7as e adolescentes \u00e9 onde, segundo dados epidemiol\u00f3gicos do Minist\u00e9rio da Sa\u00fade, se concentra a maior propor\u00e7\u00e3o de interna\u00e7\u00e3o pela doen\u00e7a. Temos feito chamamentos constantes e pedimos a colabora\u00e7\u00e3o dos pais e respons\u00e1veis para acompanhar esse p\u00fablico at\u00e9 um ponto de vacina\u00e7\u00e3o, seja nas unidades de sa\u00fade ou nos pontos m\u00f3veis e iniciar o esquema preventivo\u201d, alertou Fernando Virgolino, chefe da Se\u00e7\u00e3o de Imuniza\u00e7\u00e3o da Prefeitura de Jo\u00e3o Pessoa.\u00a0\u00a0<\/p>\n<p>Ainda segundo o coordenador, nesse per\u00edodo de temperaturas altas e chuvas recorrentes, \u00e9 importante que haja a vigil\u00e2ncia nos domic\u00edlios e ambientes comerciais. \u201cTemos que ser parceiros nesse cuidado. A Prefeitura tem feito a\u00e7\u00f5es cont\u00ednuas, com os agentes de endemias da Secretaria de Sa\u00fade e demais \u00f3rg\u00e3os para fiscalizar os locais e tentar controlar e conter os focos de dengue, sobretudo, a popula\u00e7\u00e3o deve ser vigilante tamb\u00e9m e monitorar os ambientes em suas resid\u00eancias e n\u00e3o deixar \u00e1gua parada exposta, para evitar a prolifera\u00e7\u00e3o do mosquito\u201d, completou.\u00a0\u00a0<\/p>\n<p><strong>Prote\u00e7\u00e3o contra Dengue<\/strong> \u2013 A vacina \u00e9 recomendada para crian\u00e7as e adolescentes de 10 a 14 anos, com o esquema composto de duas doses, em intervalo de tr\u00eas meses entre as doses. Caso o usu\u00e1rio tenha contato com a doen\u00e7a antes da vacina, \u00e9 recomendado aguardar seis meses para o in\u00edcio do esquema vacinal com a vacina dengue (atenuada). Caso a infec\u00e7\u00e3o ocorra ap\u00f3s o in\u00edcio do esquema, n\u00e3o h\u00e1 altera\u00e7\u00e3o no intervalo entre D1 e D2, desde que a D2 n\u00e3o seja realizada com o per\u00edodo inferior a 30 dias do in\u00edcio da doen\u00e7a.\u00a0\u00a0<\/p>\n<p>A Prefeitura realiza tamb\u00e9m a campanha de vacina\u00e7\u00e3o contra Influenza, que \u00e9 destinada \u00e0s pessoas que fazem parte do grupo priorit\u00e1rio. S\u00e3o elas: crian\u00e7as de 6 meses a menores de 6 anos de idade (5 anos, 11 meses e 29 dias), trabalhadores da sa\u00fade, gestantes, pu\u00e9rperas (aquelas mulheres que est\u00e3o no per\u00edodo de at\u00e9 45 dias ap\u00f3s o parto), professores do ensino b\u00e1sico e superior, povos ind\u00edgenas, idosos com 60 anos ou mais de idade, pessoas em situa\u00e7\u00e3o de rua, profissionais das for\u00e7as de seguran\u00e7a e salvamento, profissionais das For\u00e7as Armadas e pessoas com doen\u00e7as cr\u00f4nicas n\u00e3o transmiss\u00edveis e outras condi\u00e7\u00f5es cl\u00ednicas especiais, pessoas com defici\u00eancia permanente, trabalhadores de transporte coletivo rodovi\u00e1rio para passageiros urbanos e de longo curso, trabalhadores portu\u00e1rios, popula\u00e7\u00e3o privada de liberdade e funcion\u00e1rios do sistema de priva\u00e7\u00e3o de liberdade, adolescentes e jovens de 12 a 21 anos de idade sob medidas socioeducativas.\u00a0\u00a0<\/p>\n<p><strong>Documenta\u00e7\u00e3o<\/strong> \u2013 Para vacina\u00e7\u00e3o contra a dengue, basta o usu\u00e1rio levar a caderneta de vacina\u00e7\u00e3o e um documento oficial. Para Influenza \u00e9 necess\u00e1rio levar, al\u00e9m do cart\u00e3o de vacina, os documentos comprobat\u00f3rios de cada grupo. Os profissionais que se enquadram na amplia\u00e7\u00e3o dos grupos priorit\u00e1rios dever\u00e3o apresentar documento de identifica\u00e7\u00e3o com foto e comprovante (declara\u00e7\u00e3o, carteira do conselho de classe ou contracheque) de v\u00ednculo com a empresa ou institui\u00e7\u00e3o onde atua. J\u00e1 pessoas com doen\u00e7as cr\u00f4nicas n\u00e3o transmiss\u00edveis e outras condi\u00e7\u00f5es cl\u00ednicas especiais dever\u00e3o apresentar laudo m\u00e9dico.\u00a0\u00a0<\/p>\n<p><strong>Vacina\u00e7\u00e3o domiciliar<\/strong> \u2013 Para pessoas acamadas e restritas ao leito \u00e9 necess\u00e1rio fazer agendamento, por meio do n\u00famero (83) 98645-7727. As vacinas s\u00e3o disponibilizadas nos domic\u00edlios, de segunda a sexta-feira, no hor\u00e1rio das 8h \u00e0s 16h.\u00a0<\/p>\n<p><strong>Locais de vacina\u00e7\u00e3o em Jo\u00e3o Pessoa nesta ter\u00e7a-feira (16):<\/strong><\/p>\n<p><strong>Unidades de Sa\u00fade da Fam\u00edlia (USFs)<\/strong>\u00a0<\/p>\n<p>Com todas as vacinas de Campanha (Covid-19, Dengue, Influenza) e de rotina\u00a0<\/p>\n<p>Hor\u00e1rio: 7h \u00e0s 11h e das 12h \u00e0s 16h (de segunda a sexta-feira)\u00a0\u00a0<\/p>\n<p><strong>*exce\u00e7\u00e3o: Alto do C\u00e9u II, Roger III, Cruz das Armas IV, Anayde Beiriz e Jardim Planalto<\/strong><\/p>\n<p><strong>Policl\u00ednicas Municipais e Centro Municipal de Imuniza\u00e7\u00e3o<\/strong>\u00a0<\/p>\n<p>Com todas as vacinas de Campanha (Covid-19, Dengue, Influenza) e de rotina\u00a0Hor\u00e1rio: 8h \u00e0s 16h (de segunda a sexta-feira)\u00a0\u00a0<\/p>\n<p><strong>Home Center Ferreira Costa<\/strong>\u00a0<\/p>\n<p>Ofertando as vacinas de campanhas contra a Influenza e Dengue\u00a0<\/p>\n<p>Hor\u00e1rio: 12h \u00e0s 21h (de segunda a sexta-feira)\u00a08h \u00e0s 16h (s\u00e1bado)\u00a0\u00a0<\/p>\n<p><strong>Shopping Sul<\/strong>\u00a0<\/p>\n<p>Ofertando as vacinas de campanhas contra a Influenza e Dengue\u00a0<\/p>\n<p>Hor\u00e1rio: 12h \u00e0s 21h (de segunda a sexta-feira)\u00a010h \u00e0s 16h (s\u00e1bado)\u00a0\u00a0<\/p>\n<p><strong>Shopping Tambi\u00e1<\/strong>\u00a0<\/p>\n<p>Ofertando as vacinas de campanhas contra a Influenza e Dengue\u00a0<\/p>\n<p>Hor\u00e1rio: 12h \u00e0s 20h (de segunda a sexta-feira)\u00a09h \u00e0s 16h (s\u00e1bado)\u00a0\u00a0<\/p>\n<p><strong>Vacina\u00e7\u00e3o domiciliar<\/strong>\u00a0<\/p>\n<p>Agendamento: (83) 98645-7727 \u2013 (Apenas whatsapp)\u00a0<\/p>\n<p>Hor\u00e1rio: 8h \u00e0s 16h (de segunda a sexta-feira)\u00a0\u00a0\u00a0<\/p>\n<\/p><\/div>\n","protected":false},"excerpt":{"rendered":"<p>A Prefeitura de Jo\u00e3o Pessoa faz o alerta e convoca pais e respons\u00e1veis por crian\u00e7as e adolescentes na faixa et\u00e1ria de 10 a 14 anos, para iniciar o esquema de vacina\u00e7\u00e3o que protege contra a dengue, que ser\u00e1 ofertado nos diversos servi\u00e7os de sa\u00fade e nos pontos extras da Capital at\u00e9 o fim de abril.\u00a0 [&hellip;]<\/p>\n","protected":false},"author":1,"featured_media":0,"comment_status":"open","ping_status":"open","sticky":false,"template":"","format":"standard","meta":{"footnotes":""},"categories":[1],"tags":[],"class_list":["post-21348","post","type-post","status-publish","format-standard","hentry","category-noticias"],"amp_enabled":true,"_links":{"self":[{"href":"https:\/\/novasdodia.com.br\/index.php\/wp-json\/wp\/v2\/posts\/21348","targetHints":{"allow":["GET"]}}],"collection":[{"href":"https:\/\/novasdodia.com.br\/index.php\/wp-json\/wp\/v2\/posts"}],"about":[{"href":"https:\/\/novasdodia.com.br\/index.php\/wp-json\/wp\/v2\/types\/post"}],"author":[{"embeddable":true,"href":"https:\/\/novasdodia.com.br\/index.php\/wp-json\/wp\/v2\/users\/1"}],"replies":[{"embeddable":true,"href":"https:\/\/novasdodia.com.br\/index.php\/wp-json\/wp\/v2\/comments?post=21348"}],"version-history":[{"count":0,"href":"https:\/\/novasdodia.com.br\/index.php\/wp-json\/wp\/v2\/posts\/21348\/revisions"}],"wp:attachment":[{"href":"https:\/\/novasdodia.com.br\/index.php\/wp-json\/wp\/v2\/media?parent=21348"}],"wp:term":[{"taxonomy":"category","embeddable":true,"href":"https:\/\/novasdodia.com.br\/index.php\/wp-json\/wp\/v2\/categories?post=21348"},{"taxonomy":"post_tag","embeddable":true,"href":"https:\/\/novasdodia.com.br\/index.php\/wp-json\/wp\/v2\/tags?post=21348"}],"curies":[{"name":"wp","href":"https:\/\/api.w.org\/{rel}","templated":true}]}}