{"id":21395,"date":"2024-04-16T18:20:06","date_gmt":"2024-04-16T21:20:06","guid":{"rendered":"https:\/\/novasdodia.com.br\/index.php\/2024\/04\/16\/ods-sao-tema-da-8a-edicao-do-ciclo-de-debates-urgentes-do-programa-de-estagio-do-governo-de-ms\/"},"modified":"2024-04-16T18:20:06","modified_gmt":"2024-04-16T21:20:06","slug":"ods-sao-tema-da-8a-edicao-do-ciclo-de-debates-urgentes-do-programa-de-estagio-do-governo-de-ms","status":"publish","type":"post","link":"https:\/\/novasdodia.com.br\/index.php\/2024\/04\/16\/ods-sao-tema-da-8a-edicao-do-ciclo-de-debates-urgentes-do-programa-de-estagio-do-governo-de-ms\/","title":{"rendered":"ODS s\u00e3o tema da 8\u00aa edi\u00e7\u00e3o do Ciclo de Debates Urgentes do Programa de Est\u00e1gio do Governo de MS"},"content":{"rendered":"<p><\/p>\n<div>\n<p>Nesta quinta-feira (18), \u00e0s 9h, o Programa de Est\u00e1gio do Governo de Mato Grosso do Sul vai realizar a 8\u00aa edi\u00e7\u00e3o do Ciclo de Debates Urgentes e o tema da vez ser\u00e3o os Objetivos de Desenvolvimento Sustent\u00e1veis, os chamados ODS. O evento acontece via Google Meet e pode ser acompanhado pelo <span style=\"color: #0000ff;\">p\u00fablico em geral no YouTube<\/span>, gerando certificado de 2 horas para os participantes inscritos.<\/p>\n<p>Iniciativa da ONU (Organiza\u00e7\u00e3o das Na\u00e7\u00f5es Unidas), os Objetivos de Desenvolvimento Sustent\u00e1vel s\u00e3o metas com apelo global para acabar com a pobreza, proteger o meio ambiente e garantir que a popula\u00e7\u00e3o mundial possa desfrutar de paz e prosperidade. A agenda \u00e9 composta por 17 objetivos e 169 metas a serem atingidos at\u00e9 2030.<\/p>\n<p>Para falar sobre o assunto, o Programa de Est\u00e1gio do Governo de Mato Grosso do Sul convidou dois palestrantes para abordar pontos importantes dos ODS no Brasil e no Mato Grosso do Sul, contando como o Governo do Estado vem tratando sobre a Agenda 2030 na gest\u00e3o p\u00fablica.<\/p>\n<p style=\"text-align: left;\">Karla Cavalcanti trabalha na Secretaria-executiva de Gest\u00e3o Estrat\u00e9gica e Municipalismo de Mato Grosso do Sul (Segem\/Segov). Ela vai falar sobre a Agenda 2030 e os ODS como forma de sensibilizar os estagi\u00e1rios e gestores para a urg\u00eancia global.<\/p>\n<p style=\"text-align: left;\">Karla explica que trazer esse tema para discuss\u00e3o, permite que o estagi\u00e1rios e gestores estejam alinhados ao assunto, sejam capazes de disseminar informa\u00e7\u00f5es a respeito e possam contribuir para o alcance dos ODS no Governo do Estado.<\/p>\n<p>&#8220;O Governo de Mato Grosso do Sul est\u00e1 alinhado com os ODS, por\u00e9m para atingirmos resultados nessa agenda sua compreens\u00e3o por todos \u00e9 fundamental. S\u00f3 assim conseguiremos realizar a\u00e7\u00f5es e mensurar nossos esfor\u00e7os para alcan\u00e7ar os objetivos e metas. O Programa de Est\u00e1gio est\u00e1 dando um importante passo nesse sentido com essa capacita\u00e7\u00e3o&#8221;, comentou.<\/p>\n<\/p>\n<p style=\"text-align: left;\">Marcos Rocha \u00e9 administrador e especialista em gest\u00e3o p\u00fablica e gest\u00e3o da inova\u00e7\u00e3o, al\u00e9m de head em ESG e especialista na Agenda 2030 da ONU.<\/p>\n<p style=\"text-align: left;\">Atualmente \u00e9 membro da Comiss\u00e3o Nacional para os Objetivos de Desenvolvimento Sustent\u00e1vel da Secretaria-Geral da Presid\u00eancia da Rep\u00fablica e vai explicar o trabalho que vem sendo feito para o cumprimento da Agenda 2030 e metas dos ODS no Brasil.\u00a0\u00a0<\/p>\n<p>&#8220;Precisamos cada vez mais intensificar esse apelo universal para a a\u00e7\u00e3o, pois os ODS visam a melhoria cont\u00ednua da qualidade de vida das pessoas por meio do crescimento sustent\u00e1vel, do resgate da cidadania atrav\u00e9s de iniciativas de governos, institui\u00e7\u00f5es, empresas e organiza\u00e7\u00f5es&#8221;, destacou.<\/p>\n<p>O Ciclo de Debates Urgentes \u00e9 uma atividade do Programa de Est\u00e1gio do Governo de MS realizado bimestralmente e de modo virtual. A ideia \u00e9 apresentar temas importantes para a forma\u00e7\u00e3o cidad\u00e3 e profissional de acad\u00eamicos, gestores e comunidade externa. A programa\u00e7\u00e3o se estrutura em assuntos que abordem quest\u00f5es ambientais, de g\u00eanero, sa\u00fade mental, inova\u00e7\u00e3o, criatividade e dentre outros, apresentados por especialistas de Mato Grosso do Sul e de outras regi\u00f5es brasileiras.<\/p>\n<p><strong>Programa de Est\u00e1gio do Governo de MS<\/strong><\/p>\n<p>O Programa de Est\u00e1gio Supervisionado e Capacita\u00e7\u00e3o T\u00e9cnica \u00e9 uma iniciativa do Governo de Mato Grosso do Sul, por meio da Fundect e Segov, em parceria com a UFMS, UEMS e Fapec. \u00c9 coordenado pela Segem (Secretaria-executiva de Gest\u00e3o Estrat\u00e9gica e Municipalismo). Participam do Programa acad\u00eamicos da UFMS, UEMS, UCDB, IFMS, Uniderp e UFGD.<\/p>\n<p>O objetivo \u00e9 proporcionar experi\u00eancia aos jovens acad\u00eamicos de cursos de gradua\u00e7\u00e3o do Estado, oferecendo forma\u00e7\u00e3o na \u00e1rea de gest\u00e3o e administra\u00e7\u00e3o p\u00fablica, aplicadas \u00e0s v\u00e1rias atua\u00e7\u00f5es e frentes pol\u00edticas e governamentais, bem como forma\u00e7\u00e3o aos gestores estaduais que recebem os estagi\u00e1rios em suas respectivas pastas.<\/p>\n<p>A carga hor\u00e1ria do est\u00e1gio \u00e9 de 30 horas semanais, com seis horas di\u00e1rias de atividades. \u00c9 ofertado uma bolsa-aux\u00edlio no valor de R$ 1.100,00 e seguro, al\u00e9m de aux\u00edlio-transporte, no valor de R$ 200. A dura\u00e7\u00e3o do est\u00e1gio \u00e9 de 12 meses, podendo ser prorrogada pelo mesmo per\u00edodo.<\/p>\n<p><em>Renata Brum, Comunica\u00e7\u00e3o Segem<\/em><\/p>\n<\/div>\n","protected":false},"excerpt":{"rendered":"<p>Nesta quinta-feira (18), \u00e0s 9h, o Programa de Est\u00e1gio do Governo de Mato Grosso do Sul vai realizar a 8\u00aa edi\u00e7\u00e3o do Ciclo de Debates Urgentes e o tema da vez ser\u00e3o os Objetivos de Desenvolvimento Sustent\u00e1veis, os chamados ODS. O evento acontece via Google Meet e pode ser acompanhado pelo p\u00fablico em geral no [&hellip;]<\/p>\n","protected":false},"author":1,"featured_media":0,"comment_status":"open","ping_status":"open","sticky":false,"template":"","format":"standard","meta":{"footnotes":""},"categories":[],"tags":[],"class_list":["post-21395","post","type-post","status-publish","format-standard","hentry"],"amp_enabled":true,"_links":{"self":[{"href":"https:\/\/novasdodia.com.br\/index.php\/wp-json\/wp\/v2\/posts\/21395","targetHints":{"allow":["GET"]}}],"collection":[{"href":"https:\/\/novasdodia.com.br\/index.php\/wp-json\/wp\/v2\/posts"}],"about":[{"href":"https:\/\/novasdodia.com.br\/index.php\/wp-json\/wp\/v2\/types\/post"}],"author":[{"embeddable":true,"href":"https:\/\/novasdodia.com.br\/index.php\/wp-json\/wp\/v2\/users\/1"}],"replies":[{"embeddable":true,"href":"https:\/\/novasdodia.com.br\/index.php\/wp-json\/wp\/v2\/comments?post=21395"}],"version-history":[{"count":0,"href":"https:\/\/novasdodia.com.br\/index.php\/wp-json\/wp\/v2\/posts\/21395\/revisions"}],"wp:attachment":[{"href":"https:\/\/novasdodia.com.br\/index.php\/wp-json\/wp\/v2\/media?parent=21395"}],"wp:term":[{"taxonomy":"category","embeddable":true,"href":"https:\/\/novasdodia.com.br\/index.php\/wp-json\/wp\/v2\/categories?post=21395"},{"taxonomy":"post_tag","embeddable":true,"href":"https:\/\/novasdodia.com.br\/index.php\/wp-json\/wp\/v2\/tags?post=21395"}],"curies":[{"name":"wp","href":"https:\/\/api.w.org\/{rel}","templated":true}]}}