{"id":22700,"date":"2024-05-25T15:26:29","date_gmt":"2024-05-25T18:26:29","guid":{"rendered":"https:\/\/novasdodia.com.br\/index.php\/2024\/05\/25\/prefeitura-de-campo-grande-realiza-cafe-com-os-conselheiros-regionais-do-centro-cgnoticias\/"},"modified":"2024-05-25T15:26:29","modified_gmt":"2024-05-25T18:26:29","slug":"prefeitura-de-campo-grande-realiza-cafe-com-os-conselheiros-regionais-do-centro-cgnoticias","status":"publish","type":"post","link":"https:\/\/novasdodia.com.br\/index.php\/2024\/05\/25\/prefeitura-de-campo-grande-realiza-cafe-com-os-conselheiros-regionais-do-centro-cgnoticias\/","title":{"rendered":"Prefeitura de Campo Grande realiza Caf\u00e9 com os Conselheiros Regionais do Centro \u2013 CGNot\u00edcias"},"content":{"rendered":"<p><\/p>\n<div>\n<p>A Prefeitura Municipal de Campo Grande realizou na manh\u00e3 deste s\u00e1bado (25) mais uma edi\u00e7\u00e3o do Caf\u00e9 com os Conselheiros Regionais, desta vez na Regi\u00e3o Urbana do Centro, na Escola Municipal Nicolau Fragelli.<\/p>\n<p>Criado no in\u00edcio de 2023, com o objetivo de fortalecer a parceria entre a Prefeitura Municipal e as lideran\u00e7as comunit\u00e1rias das sete regi\u00f5es da Capital, o Caf\u00e9 com os Conselheiros Regionais promove a descentraliza\u00e7\u00e3o dos gabinetes, levando as secretarias para os bairros, proporcionando assim um canal de comunica\u00e7\u00e3o direto entre Poder P\u00fablico e comunidades. At\u00e9 o momento, mais de 1.500 pessoas puderam apresentar suas demandas diretamente para todas as pastas da Prefeitura.<\/p>\n<p>Durante o encontro, foi apresentado balan\u00e7o das demandas do Caf\u00e9 com Conselheiros Regionais do Centro de 2023, e sete demandas da Ag\u00eancia Municipal de Transporte e Tr\u00e2nsito (Agetran) j\u00e1 foram atendidas e nove demandas da Secretaria Municipal de Infraestrutura e Servi\u00e7os P\u00fablicos (Sisep) est\u00e3o em andamento.<\/p>\n<p>O presidente do Conselho Regional da Regi\u00e3o Urbana do Centro, acredita que o Caf\u00e9 com os Conselheiros \u00e9 uma oportunidade para que aconte\u00e7am a\u00e7\u00f5es que tragam n\u00e3o s\u00f3 melhorias para a Regi\u00e3o do Centro, mas toda Campo Grande. \u201cAcredito que o Caf\u00e9 com Conselheiros Regionais promove a valoriza\u00e7\u00e3o dos conselheiros regionais, e essa intera\u00e7\u00e3o entre a gest\u00e3o e as lideran\u00e7as comunit\u00e1rias mostra a valoriza\u00e7\u00e3o do nosso trabalho\u201d, comenta o presidente do Conselho Regional do Centro.<\/p>\n<\/p>\n<p>Segundo o conselheiro regional do Centro, Edir Jos\u00e9 Ara\u00fajo Celestino, essa \u00e9 a oportunidade de apresentar demandas, al\u00e9m de aprender com todos os participantes. \u201cEu trouxe demandas e estou confiante que elas ser\u00e3o atendidas\u201d. Ele complementa dizendo que o Caf\u00e9 com os Conselheiros \u00e9 a oportunidade da gest\u00e3o conhecer melhor a realidade dos bairros, al\u00e9m da valoriza\u00e7\u00e3o dos conselheiros.<\/p>\n<p>A prefeita Adriane destacou que as reuni\u00f5es diminuem a dist\u00e2ncia entre o Poder Executivo e as demandas da sociedade. Em Campo Grande s\u00e3o 46 conselheiros distribu\u00eddos em v\u00e1rios setores.<\/p>\n<\/p>\n<p>\u201cEsse \u00e9 a quarta reuni\u00e3o que a Prefeitura realiza em 2024. E a administra\u00e7\u00e3o conseguiu melhorar a entrega de servi\u00e7os com a iniciativa que acolhe e aproxima a comunidade do Executivo.\u00a0 A Prefeitura sempre d\u00e1 o retorno daquilo que \u00e9 poss\u00edvel. As secretarias oferecem o atendimento e contribuem com as demandas indicadas pelos conselheiros\u201d, destaca a prefeita Adriane.<\/p>\n<p>A pr\u00f3xima reuni\u00e3o deve ocorrer na Regi\u00e3o Urbana do Bandeira com data a ser divulgada nos pr\u00f3ximos dias.<\/p>\n<\/p>\n<p>\u00a0<\/p>\n<p>\u00a0<\/p>\n<p><em>#pratodosverem A imagem de capa mostra o atendimento aos conselheiros. A primeira foto interna \u00e9 do conselheiro regional do Centro, Edir Jos\u00e9 Ara\u00fajo Celestino. A pr\u00f3xima foto mostra a prefeita Adriane cumprimentando um representante. A \u00faltima foto \u00e9 da comunidade adentrando no espa\u00e7o da reuni\u00e3o.\u00a0<\/em><\/p>\n<\/div>\n<p><script async defer async defer src=\"https:\/\/connect.facebook.net\/en_US\/sdk.js?ver=1#xfbml=1&#038;version=v3.2\" id='prefeitura-campogrande-script-facebook-sdk-js'><\/script><\/p>\n","protected":false},"excerpt":{"rendered":"<p>A Prefeitura Municipal de Campo Grande realizou na manh\u00e3 deste s\u00e1bado (25) mais uma edi\u00e7\u00e3o do Caf\u00e9 com os Conselheiros Regionais, desta vez na Regi\u00e3o Urbana do Centro, na Escola Municipal Nicolau Fragelli. Criado no in\u00edcio de 2023, com o objetivo de fortalecer a parceria entre a Prefeitura Municipal e as lideran\u00e7as comunit\u00e1rias das sete [&hellip;]<\/p>\n","protected":false},"author":1,"featured_media":0,"comment_status":"","ping_status":"","sticky":false,"template":"","format":"standard","meta":{"footnotes":""},"categories":[],"tags":[],"class_list":["post-22700","post","type-post","status-publish","format-standard","hentry"],"amp_enabled":true,"_links":{"self":[{"href":"https:\/\/novasdodia.com.br\/index.php\/wp-json\/wp\/v2\/posts\/22700","targetHints":{"allow":["GET"]}}],"collection":[{"href":"https:\/\/novasdodia.com.br\/index.php\/wp-json\/wp\/v2\/posts"}],"about":[{"href":"https:\/\/novasdodia.com.br\/index.php\/wp-json\/wp\/v2\/types\/post"}],"author":[{"embeddable":true,"href":"https:\/\/novasdodia.com.br\/index.php\/wp-json\/wp\/v2\/users\/1"}],"replies":[{"embeddable":true,"href":"https:\/\/novasdodia.com.br\/index.php\/wp-json\/wp\/v2\/comments?post=22700"}],"version-history":[{"count":0,"href":"https:\/\/novasdodia.com.br\/index.php\/wp-json\/wp\/v2\/posts\/22700\/revisions"}],"wp:attachment":[{"href":"https:\/\/novasdodia.com.br\/index.php\/wp-json\/wp\/v2\/media?parent=22700"}],"wp:term":[{"taxonomy":"category","embeddable":true,"href":"https:\/\/novasdodia.com.br\/index.php\/wp-json\/wp\/v2\/categories?post=22700"},{"taxonomy":"post_tag","embeddable":true,"href":"https:\/\/novasdodia.com.br\/index.php\/wp-json\/wp\/v2\/tags?post=22700"}],"curies":[{"name":"wp","href":"https:\/\/api.w.org\/{rel}","templated":true}]}}