{"id":22882,"date":"2024-05-28T19:02:27","date_gmt":"2024-05-28T22:02:27","guid":{"rendered":"https:\/\/novasdodia.com.br\/index.php\/2024\/05\/28\/secretaria-de-governo-avalia-andamento-de-acoes-previstas-em-contrato-de-gestao-agencia-de-noticias-do-governo-de-mato-grosso-do-sul\/"},"modified":"2024-05-28T19:02:27","modified_gmt":"2024-05-28T22:02:27","slug":"secretaria-de-governo-avalia-andamento-de-acoes-previstas-em-contrato-de-gestao-agencia-de-noticias-do-governo-de-mato-grosso-do-sul","status":"publish","type":"post","link":"https:\/\/novasdodia.com.br\/index.php\/2024\/05\/28\/secretaria-de-governo-avalia-andamento-de-acoes-previstas-em-contrato-de-gestao-agencia-de-noticias-do-governo-de-mato-grosso-do-sul\/","title":{"rendered":"Secretaria de Governo avalia andamento de a\u00e7\u00f5es previstas em contrato de gest\u00e3o \u2013 Ag\u00eancia de Noticias do Governo de Mato Grosso do Sul"},"content":{"rendered":"<p><\/p>\n<div>\n<p>Com metas para todas as Secretarias Estaduais, come\u00e7aram nesta ter\u00e7a (28) as reuni\u00f5es sobre o andamento de contratos de gest\u00e3o assinados junto ao Governo de Mato Grosso do Sul. Os documentos estabelecem indicadores.<\/p>\n<p>Neste ciclo, os encontros v\u00e3o at\u00e9 junho e o primeiro deles teve a participa\u00e7\u00e3o do secret\u00e1rio de Governo e Gest\u00e3o Estrat\u00e9gica, Rodrigo Perez, da adjunta Ana Carolina Nardes, al\u00e9m de representantes das autarquias e funda\u00e7\u00f5es ligadas \u00e0 Segov.\u00a0<\/p>\n<p>Durante os encontros \u00e9 apresentado o percentual de execu\u00e7\u00e3o dos projetos elaborados para an\u00e1lise e avalia\u00e7\u00e3o da evolu\u00e7\u00e3o do que foi pactuado para este ano.<\/p>\n<\/p>\n<p>A Segem (Secretaria Executiva de Gest\u00e3o Estrat\u00e9gica e Municipalismo) orienta as unidades gestoras e o secret\u00e1rio Thaner Nogueira constatou que o ritmo dos projetos est\u00e1 dentro do previsto.<\/p>\n<p>&#8220;Os gerentes est\u00e3o bem engajados tanto na parte t\u00e9cnica, quanto na parte estrat\u00e9gica. Tamb\u00e9m foi um teste para o modelo. A gente precisa ter reuni\u00f5es cada vez mais objetivas e conseguimos fazer uma reuni\u00e3o produtiva em menos de uma hora com a segunda maior Secretaria em n\u00famero de projetos&#8221;, destacou.<\/p>\n<p>Este ano 38 contratos de gest\u00e3o foram assinados pelas unidades gestoras. No total foram elaborados 278 projetos que ser\u00e3o desdobrados em 813 entregas. Todas as iniciativas, entre elas capacita\u00e7\u00f5es, editais de licita\u00e7\u00e3o, desenvolvimento de parcerias, adequa\u00e7\u00f5es a leis e projetos de investimentos, t\u00eam alinhamento com plano estrat\u00e9gico de governo, PPA (Plano Plurianual) e ODS (Objetivos de Desenvolvimento Sustent\u00e1vel).<\/p>\n<p><strong>Monitoramento<\/strong> &#8211; No come\u00e7o de cada ano secret\u00e1rios estaduais e chefes das funda\u00e7\u00f5es e autarquias assinam um documento com o governador Eduardo Riedel, estabelecendo os projetos de inova\u00e7\u00e3o e prioridades da pasta. Iniciativas que possam melhorar os servi\u00e7os p\u00fablicos e assim oferecer entregas de mais qualidade aos cidad\u00e3os. Ao fim s\u00e3o avaliadas se todas as metas foram conclu\u00eddas.<\/p>\n<p>Desenvolvido desde 2015 no Estado, o programa \u00e9 sin\u00f4nimo de sucesso e reconhecimento nacional, tanto que no ano passado venceu o Pr\u00eamio de Excel\u00eancia de Competitividade 2023, promovido pelo CLP (Centro de Lideran\u00e7a P\u00fablica), na categoria Destaque Boas Pr\u00e1ticas.<\/p>\n<p>&#8220;O contrato de gest\u00e3o \u00e9 um processo de transforma\u00e7\u00e3o de cultura, n\u00e3o \u00e9 mais uma burocracia e sim um instrumento para mudar a vida das pessoas. Um documento s\u00e9rio, que dir\u00e1 o que o nosso governo se prop\u00f5e a fazer em cada pasta. Nosso foco s\u00e3o as entregas ao cidad\u00e3o&#8221;, destacou o governador na ocasi\u00e3o.<\/p>\n<p>Em 2023, primeiro ano da gest\u00e3o Riedel, as secret\u00e1rias cumpriram 92% dos projetos propostos no contrato de gest\u00e3o. O resultado foi considerado extremamente positivo, mostrando que as pastas se empenharam em trazer novidades e entregas mais qualificadas \u00e0 popula\u00e7\u00e3o.<\/p>\n<p><em>Danielly Escher, Comunica\u00e7\u00e3o Governo MS<br \/><\/em><em>Foto: \u00c1lvaro Rezende<\/em><\/p>\n<\/div>\n","protected":false},"excerpt":{"rendered":"<p>Com metas para todas as Secretarias Estaduais, come\u00e7aram nesta ter\u00e7a (28) as reuni\u00f5es sobre o andamento de contratos de gest\u00e3o assinados junto ao Governo de Mato Grosso do Sul. Os documentos estabelecem indicadores. Neste ciclo, os encontros v\u00e3o at\u00e9 junho e o primeiro deles teve a participa\u00e7\u00e3o do secret\u00e1rio de Governo e Gest\u00e3o Estrat\u00e9gica, Rodrigo [&hellip;]<\/p>\n","protected":false},"author":1,"featured_media":0,"comment_status":"","ping_status":"","sticky":false,"template":"","format":"standard","meta":{"footnotes":""},"categories":[],"tags":[],"class_list":["post-22882","post","type-post","status-publish","format-standard","hentry"],"amp_enabled":true,"_links":{"self":[{"href":"https:\/\/novasdodia.com.br\/index.php\/wp-json\/wp\/v2\/posts\/22882","targetHints":{"allow":["GET"]}}],"collection":[{"href":"https:\/\/novasdodia.com.br\/index.php\/wp-json\/wp\/v2\/posts"}],"about":[{"href":"https:\/\/novasdodia.com.br\/index.php\/wp-json\/wp\/v2\/types\/post"}],"author":[{"embeddable":true,"href":"https:\/\/novasdodia.com.br\/index.php\/wp-json\/wp\/v2\/users\/1"}],"replies":[{"embeddable":true,"href":"https:\/\/novasdodia.com.br\/index.php\/wp-json\/wp\/v2\/comments?post=22882"}],"version-history":[{"count":0,"href":"https:\/\/novasdodia.com.br\/index.php\/wp-json\/wp\/v2\/posts\/22882\/revisions"}],"wp:attachment":[{"href":"https:\/\/novasdodia.com.br\/index.php\/wp-json\/wp\/v2\/media?parent=22882"}],"wp:term":[{"taxonomy":"category","embeddable":true,"href":"https:\/\/novasdodia.com.br\/index.php\/wp-json\/wp\/v2\/categories?post=22882"},{"taxonomy":"post_tag","embeddable":true,"href":"https:\/\/novasdodia.com.br\/index.php\/wp-json\/wp\/v2\/tags?post=22882"}],"curies":[{"name":"wp","href":"https:\/\/api.w.org\/{rel}","templated":true}]}}