{"id":22883,"date":"2024-05-28T19:03:32","date_gmt":"2024-05-28T22:03:32","guid":{"rendered":"https:\/\/novasdodia.com.br\/index.php\/2024\/05\/28\/professores-da-rede-municipal-de-ensino-participam-da-qualificacao-proporcionada-pelo-programa-diagnostico-precoce-do-cancer-infantil-do-gpaci\/"},"modified":"2024-05-28T19:03:32","modified_gmt":"2024-05-28T22:03:32","slug":"professores-da-rede-municipal-de-ensino-participam-da-qualificacao-proporcionada-pelo-programa-diagnostico-precoce-do-cancer-infantil-do-gpaci","status":"publish","type":"post","link":"https:\/\/novasdodia.com.br\/index.php\/2024\/05\/28\/professores-da-rede-municipal-de-ensino-participam-da-qualificacao-proporcionada-pelo-programa-diagnostico-precoce-do-cancer-infantil-do-gpaci\/","title":{"rendered":"Professores da rede municipal de ensino participam da qualifica\u00e7\u00e3o proporcionada pelo Programa Diagn\u00f3stico Precoce do C\u00e2ncer Infantil do Gpaci"},"content":{"rendered":"<p><\/p>\n<div wp_automatic_readability=\"137\">\n<p><em><strong>Fotos: Rose Campos (Secom\/Sorocaba)<\/strong><\/em><\/p>\n<p>O Programa Diagn\u00f3stico Precoce do C\u00e2ncer Infantil \u2013 Etapa 2024, realizado pelo Hospital do Gpaci (Grupo de Pesquisa e Assist\u00eancia ao C\u00e2ncer Infantil), recebeu, na manh\u00e3 desta segunda-feira (27), um grupo de profissionais da Secretaria da Educa\u00e7\u00e3o (Sedu), entre os quais estavam professores das Salas de Recursos Multifuncionais (SRM), que atendem o p\u00fablico eleg\u00edvel da Educa\u00e7\u00e3o Especial, al\u00e9m de gestores da Secretaria, que tamb\u00e9m puderam se beneficiar das informa\u00e7\u00f5es transmitidas nesse encontro. O objetivo da qualifica\u00e7\u00e3o foi orientar e preparar esses profissionais para a identifica\u00e7\u00e3o precoce de casos de c\u00e2ncer em crian\u00e7as e adolescentes, encaminhando-os com rapidez aos profissionais de sa\u00fade.<\/p>\n<p>Al\u00e9m de abordar sobre a import\u00e2ncia da r\u00e1pida identifica\u00e7\u00e3o ou suspeita da doen\u00e7a e encaminhamento adequado, tamb\u00e9m foi explicado como funciona, nesse hospital especializado, a equipe que oferece suporte escolar \u00e0s crian\u00e7as em interna\u00e7\u00e3o. O trabalho dessa equipe se d\u00e1 no sentido de contribuir para que os alunos atendidos no hospital se mantenham seguindo o conte\u00fado curricular de sua turma escolar, evitando a defasagem que poderia resultar de sua aus\u00eancia em sala de aula.<\/p>\n<p>Participaram do curso a psic\u00f3loga do Gpaci, Evelin Melissa Ara\u00fajo, e a m\u00e9dica oncologista pediatra, Luiza de Souza Santos Milare, al\u00e9m do diretor-cl\u00ednico do Gpaci, o oncologista e hematologista pedi\u00e1trico Andr\u00e9 Viu Matheus. Ele explica que a ideia inicial do hospital era falar com m\u00e9dicos da rede, mas verificou tamb\u00e9m o quanto \u00e9 importante poder incluir nesse programa o professor, uma vez que \u00e9 um dos profissionais que passa boa parte do dia em contato com a crian\u00e7a.<\/p>\n<p>\u201cMuitas vezes, \u00e9 o professor que consegue perceber, \u00e0s vezes, antes da m\u00e3e, algumas mudan\u00e7as importantes na crian\u00e7a. At\u00e9 por sua rotina de trabalho. E sabemos que o c\u00e2ncer, quando \u00e9 descoberto precocemente, muda completamente o progn\u00f3stico da doen\u00e7a e as chances de cura da crian\u00e7a. Esses sinais podem ser uma dor de cabe\u00e7a recorrente, uma massa proeminente no corpo da crian\u00e7a, mudan\u00e7as de comportamento, para tumores do sistema nervoso, que \u00e9 o tipo de c\u00e2ncer mais frequente em crian\u00e7as. S\u00e3o mudan\u00e7as como um comportamento mais let\u00e1rgico da crian\u00e7a, maior sonol\u00eancia, uma fala diferente. Ou abaulamentos em regi\u00f5es como o olho, o nariz, a barriga\u201d, descreve o m\u00e9dico. Ele destaca, ainda, que especialmente as crian\u00e7as menores, que recebem cuidados dos professores como o banho, fica mais f\u00e1cil encontrar e notar essas mudan\u00e7as corporais que requerem aten\u00e7\u00e3o. Da\u00ed a relev\u00e2ncia de cursos de capacita\u00e7\u00e3o como o ofertado pelo Gpaci.<\/p>\n<p>Al\u00e9m disso, ap\u00f3s a qualifica\u00e7\u00e3o, os professores das SRM (Salas de Recursos Multifuncionais) puderam conhecer um pouco mais do trabalho realizado pelas professoras do Gpaci na Classe Hospitalar.<\/p>\n<p>\u201cO espa\u00e7o escolar \u00e9 um ambiente potente, que conta com a qualifica\u00e7\u00e3o de seus profissionais e um olhar de forma \u00fanica e integral para cada estudante. Percebendo qualquer mudan\u00e7a comportamental, \u00e9 feito o acolhimento de queixas permanentes, bem como a manuten\u00e7\u00e3o de conversa com as fam\u00edlias e at\u00e9 encaminhamentos para investiga\u00e7\u00e3o\u201d, pontua a professora da Classe Hospitalar, Patr\u00edcia P\u00fablio.<\/p>\n<p>Para a professora da Classe Hospitalar Edilaine Rehder o contato permanente com os estudantes \u00e9 fundamental para a percep\u00e7\u00e3o da doen\u00e7a.<\/p>\n<p>\u201dEntendemos que \u00e9 na escola que os estudantes permanecem por muito tempo e o professor que tem conhecimento e sabe da import\u00e2ncia do diagn\u00f3stico precoce do c\u00e2ncer infantil \u00e9 capaz de realizar orienta\u00e7\u00f5es e salvar a vida da crian\u00e7a\u201d, pontua. \u201cDiagn\u00f3stico Precoce Salva Vida!\u201d, afirmam ambas as docentes.<\/p>\n<p>\u201cN\u00f3s temos a miss\u00e3o de preparar essas crian\u00e7as para seguir exatamente o curr\u00edculo da sua escola. O objetivo \u00e9 eliminar as defasagens de aprendizagem entre esses alunos e seus colegas de classe\u201d, afirmou a psic\u00f3loga Evelin, do Gpaci.<\/p>\n<p>\u201cA capacita\u00e7\u00e3o para o diagn\u00f3stico precoce do c\u00e2ncer infantil \u00e9 fundamental para os profissionais da educa\u00e7\u00e3o, pois n\u00e3o s\u00f3 pode salvar vidas, mas tamb\u00e9m melhorar a qualidade de vida das crian\u00e7as afetadas, reduzir o sofrimento das fam\u00edlias e contribuir para avan\u00e7os na \u00e1rea da oncologia pedi\u00e1trica\u201d, completa a Coordenadora Administrativa respons\u00e1vel pelo pedag\u00f3gico da Sedu, Izaura Mendes.<\/p>\n<p>Em breve, o Gpaci dever\u00e1 organizar novas turmas que dever\u00e3o passar pelo mesmo curso de qualifica\u00e7\u00e3o, em datas a serem divulgadas.<\/p>\n<p><!-- Root element of PhotoSwipe. Must have class pswp. --><\/p>\n<p>\u00a0<\/p>\n<\/p><\/div>\n","protected":false},"excerpt":{"rendered":"<p>Fotos: Rose Campos (Secom\/Sorocaba) O Programa Diagn\u00f3stico Precoce do C\u00e2ncer Infantil \u2013 Etapa 2024, realizado pelo Hospital do Gpaci (Grupo de Pesquisa e Assist\u00eancia ao C\u00e2ncer Infantil), recebeu, na manh\u00e3 desta segunda-feira (27), um grupo de profissionais da Secretaria da Educa\u00e7\u00e3o (Sedu), entre os quais estavam professores das Salas de Recursos Multifuncionais (SRM), que atendem [&hellip;]<\/p>\n","protected":false},"author":1,"featured_media":0,"comment_status":"","ping_status":"","sticky":false,"template":"","format":"standard","meta":{"footnotes":""},"categories":[1],"tags":[],"class_list":["post-22883","post","type-post","status-publish","format-standard","hentry","category-noticias"],"amp_enabled":true,"_links":{"self":[{"href":"https:\/\/novasdodia.com.br\/index.php\/wp-json\/wp\/v2\/posts\/22883","targetHints":{"allow":["GET"]}}],"collection":[{"href":"https:\/\/novasdodia.com.br\/index.php\/wp-json\/wp\/v2\/posts"}],"about":[{"href":"https:\/\/novasdodia.com.br\/index.php\/wp-json\/wp\/v2\/types\/post"}],"author":[{"embeddable":true,"href":"https:\/\/novasdodia.com.br\/index.php\/wp-json\/wp\/v2\/users\/1"}],"replies":[{"embeddable":true,"href":"https:\/\/novasdodia.com.br\/index.php\/wp-json\/wp\/v2\/comments?post=22883"}],"version-history":[{"count":0,"href":"https:\/\/novasdodia.com.br\/index.php\/wp-json\/wp\/v2\/posts\/22883\/revisions"}],"wp:attachment":[{"href":"https:\/\/novasdodia.com.br\/index.php\/wp-json\/wp\/v2\/media?parent=22883"}],"wp:term":[{"taxonomy":"category","embeddable":true,"href":"https:\/\/novasdodia.com.br\/index.php\/wp-json\/wp\/v2\/categories?post=22883"},{"taxonomy":"post_tag","embeddable":true,"href":"https:\/\/novasdodia.com.br\/index.php\/wp-json\/wp\/v2\/tags?post=22883"}],"curies":[{"name":"wp","href":"https:\/\/api.w.org\/{rel}","templated":true}]}}