{"id":23069,"date":"2024-06-05T13:06:26","date_gmt":"2024-06-05T16:06:26","guid":{"rendered":"https:\/\/novasdodia.com.br\/index.php\/2024\/06\/05\/oficinas-apontam-caminhos-para-uso-eficiente-de-recursos-do-programa-ms-ativo-agencia-de-noticias-do-governo-de-mato-grosso-do-sul\/"},"modified":"2024-06-05T13:06:26","modified_gmt":"2024-06-05T16:06:26","slug":"oficinas-apontam-caminhos-para-uso-eficiente-de-recursos-do-programa-ms-ativo-agencia-de-noticias-do-governo-de-mato-grosso-do-sul","status":"publish","type":"post","link":"https:\/\/novasdodia.com.br\/index.php\/2024\/06\/05\/oficinas-apontam-caminhos-para-uso-eficiente-de-recursos-do-programa-ms-ativo-agencia-de-noticias-do-governo-de-mato-grosso-do-sul\/","title":{"rendered":"oficinas apontam caminhos para uso eficiente de recursos do Programa MS Ativo \u2013 Ag\u00eancia de Noticias do Governo de Mato Grosso do Sul"},"content":{"rendered":"<p><\/p>\n<div>\n<p>Reunidos para ouvirem orienta\u00e7\u00f5es sobre como usar da melhor forma os recursos do &#8220;MS Ativo&#8221;, secret\u00e1rios municipais e outros representantes das prefeituras de Mato Grosso do Sul participam nesta semana de oficinas em Campo Grande. O programa estabelece um novo conceito de coopera\u00e7\u00e3o entre munic\u00edpios e Governo do Estado, prevendo desde planejamento at\u00e9 apresenta\u00e7\u00e3o de resultados.<\/p>\n<p>&#8220;As leis mudam constantemente e a gente precisa desse orienta\u00e7\u00e3o, desse suporte, ter onde recorrer. Buscar essas informa\u00e7\u00f5es para estar aplicando com responsabilidade esse dinheiro p\u00fablico, porque \u00e9 um dinheiro que sai de toda a popula\u00e7\u00e3o e a gente precisa retornar em benef\u00edcios para nossa popula\u00e7\u00e3o&#8221;, destaca Adriano Tib\u00farcio, secret\u00e1rio de Educa\u00e7\u00e3o de Ivinhema.<\/p>\n<p>Os encontros fazem parte da etapa do &#8220;MS Ativo&#8221; que inclui previs\u00e3o de repasse via programas estaduais, inclusive amplia\u00e7\u00e3o do acesso das prefeituras \u00e0 a\u00e7\u00f5es como o MS Alfabetiza, MS Matem\u00e1tica e Sa\u00fade Digital e Bucal.<\/p>\n<\/p>\n<p>&#8220;Esse momento de estudo, interpreta\u00e7\u00e3o de dados, observar os indicadores, isso faz a diferen\u00e7a na hora de investir os recursos. A gente tem que ter uma ci\u00eancia, um conhecimento de tudo que \u00e9 necess\u00e1rio no munic\u00edpio para poder fazer o investimento certo. Ter o recurso e n\u00e3o saber investir n\u00e3o faz sentido&#8221;, diz Ros\u00e2ngela Socovoski Ferragem, secret\u00e1ria de Educa\u00e7\u00e3o de Iguatemi.<\/p>\n<p>O Programa foi lan\u00e7ado pelo Governo Estadual em 22 de abril deste ano instituindo um novo modelo de gest\u00e3o p\u00fablica, baseada em resultados, dados e metas a serem atingidas para melhores entregas \u00e0 popula\u00e7\u00e3o. Com isso, Governo e prefeituras participam ativamente da constru\u00e7\u00e3o de pol\u00edticas personalizadas que atendam as demandas locais espec\u00edficas de cada munic\u00edpio.<\/p>\n<\/p>\n<p>&#8220;\u00c9 olhar para o resultado que voc\u00ea pode gerar. A partir dele fazer escolhas nas a\u00e7\u00f5es. \u00c9 uma m\u00e9trica, matem\u00e1tica mesmo. Voc\u00ea pegar e falar por exemplo: &#8216;Eu tenho um desafio de aumentar o n\u00famero de vagas na educa\u00e7\u00e3o infantil&#8217;. A partir de uma situa\u00e7\u00e3o, de um cen\u00e1rio voc\u00ea olha para aquilo l\u00e1 e come\u00e7a a identificar as solu\u00e7\u00f5es para aquele processo. Os munic\u00edpios entram na linha da execu\u00e7\u00e3o e o Estado entra na linha da coordena\u00e7\u00e3o e apoio&#8221;, explica o secret\u00e1rio-executivo de Gest\u00e3o Estrat\u00e9gica e Municipalismo, Thaner Nogueira.\u00a0<\/p>\n<p>Neste ciclo, as \u00e1reas definidas como priorit\u00e1rias s\u00e3o educa\u00e7\u00e3o, infraestrutura, sa\u00fade e assist\u00eancia social. Com previs\u00e3o do municipalismo em diferentes fases. O programa apoia-se em uma plataforma on-line de planejamento, execu\u00e7\u00e3o e monitoramento dos planos adotados constru\u00eddos a partir de um guia de a\u00e7\u00f5es.<\/p>\n<p>&#8220;O que n\u00f3s estamos propondo \u00e9 uma coopera\u00e7\u00e3o entre Estado e munic\u00edpio na melhoria do servi\u00e7o p\u00fablico para a popula\u00e7\u00e3o. Por isso que eu digo que \u00e9 a fase mais sofisticada, mais elaborada, que demanda dos indicadores bem calibrados&#8221;, afirmou o governador Eduardo Riedel quando lan\u00e7ou o programa.<\/p>\n<p><em>Danielly Escher, Comunica\u00e7\u00e3o Governo MS<br \/><\/em><em>Fotos: \u00c1lvaro Rezende<\/em><\/p>\n<\/div>\n","protected":false},"excerpt":{"rendered":"<p>Reunidos para ouvirem orienta\u00e7\u00f5es sobre como usar da melhor forma os recursos do &#8220;MS Ativo&#8221;, secret\u00e1rios municipais e outros representantes das prefeituras de Mato Grosso do Sul participam nesta semana de oficinas em Campo Grande. O programa estabelece um novo conceito de coopera\u00e7\u00e3o entre munic\u00edpios e Governo do Estado, prevendo desde planejamento at\u00e9 apresenta\u00e7\u00e3o de [&hellip;]<\/p>\n","protected":false},"author":1,"featured_media":0,"comment_status":"","ping_status":"","sticky":false,"template":"","format":"standard","meta":{"footnotes":""},"categories":[],"tags":[],"class_list":["post-23069","post","type-post","status-publish","format-standard","hentry"],"amp_enabled":true,"_links":{"self":[{"href":"https:\/\/novasdodia.com.br\/index.php\/wp-json\/wp\/v2\/posts\/23069","targetHints":{"allow":["GET"]}}],"collection":[{"href":"https:\/\/novasdodia.com.br\/index.php\/wp-json\/wp\/v2\/posts"}],"about":[{"href":"https:\/\/novasdodia.com.br\/index.php\/wp-json\/wp\/v2\/types\/post"}],"author":[{"embeddable":true,"href":"https:\/\/novasdodia.com.br\/index.php\/wp-json\/wp\/v2\/users\/1"}],"replies":[{"embeddable":true,"href":"https:\/\/novasdodia.com.br\/index.php\/wp-json\/wp\/v2\/comments?post=23069"}],"version-history":[{"count":0,"href":"https:\/\/novasdodia.com.br\/index.php\/wp-json\/wp\/v2\/posts\/23069\/revisions"}],"wp:attachment":[{"href":"https:\/\/novasdodia.com.br\/index.php\/wp-json\/wp\/v2\/media?parent=23069"}],"wp:term":[{"taxonomy":"category","embeddable":true,"href":"https:\/\/novasdodia.com.br\/index.php\/wp-json\/wp\/v2\/categories?post=23069"},{"taxonomy":"post_tag","embeddable":true,"href":"https:\/\/novasdodia.com.br\/index.php\/wp-json\/wp\/v2\/tags?post=23069"}],"curies":[{"name":"wp","href":"https:\/\/api.w.org\/{rel}","templated":true}]}}