{"id":23211,"date":"2024-06-07T20:07:29","date_gmt":"2024-06-07T23:07:29","guid":{"rendered":"https:\/\/novasdodia.com.br\/index.php\/2024\/06\/07\/campo-grande-promove-dia-d-de-vacinacao-contra-a-poliomielite-neste-sabado-cgnoticias\/"},"modified":"2024-06-07T20:07:29","modified_gmt":"2024-06-07T23:07:29","slug":"campo-grande-promove-dia-d-de-vacinacao-contra-a-poliomielite-neste-sabado-cgnoticias","status":"publish","type":"post","link":"https:\/\/novasdodia.com.br\/index.php\/2024\/06\/07\/campo-grande-promove-dia-d-de-vacinacao-contra-a-poliomielite-neste-sabado-cgnoticias\/","title":{"rendered":"Campo Grande promove Dia D de vacina\u00e7\u00e3o contra a Poliomielite neste s\u00e1bado \u2013 CGNot\u00edcias"},"content":{"rendered":"<p><\/p>\n<div>\n<p>Neste s\u00e1bado (08), a Prefeitura de Campo Grande, por meio da Secretaria Municipal de Sa\u00fade (Sesau), promove o Dia D de vacina\u00e7\u00e3o contra a Poliomielite. Seis unidades de sa\u00fade estar\u00e3o abertas durante todo o dia e haver\u00e1 pontos itinerantes em dois shoppings para atendimento das crian\u00e7as menores de 5 anos de idade, p\u00fablico alvo da campanha.<\/p>\n<p>A secret\u00e1ria municipal de Sa\u00fade, Rosana Leite de Melo, destaca a import\u00e2ncia da popula\u00e7\u00e3o aproveitar o Dia D, onde diversas unidades e pontos itinerantes estar\u00e3o abertos para atender a popula\u00e7\u00e3o. \u201cEste \u00e9 um momento crucial para todos colocarem suas vacinas em dia. A vacina\u00e7\u00e3o \u00e9 a melhor ferramenta de prote\u00e7\u00e3o que temos, tanto individual quanto coletivamente. Todas as vacinas do calend\u00e1rio estar\u00e3o dispon\u00edveis, incluindo as contra a gripe e a Covid-19. \u00c9 fundamental que todos aproveitem esta oportunidade para garantir sua prote\u00e7\u00e3o e a de seus familiares\u201d, diz.<\/p>\n<p>A vacina\u00e7\u00e3o acontecer\u00e1\u00a0nas USFs Noroeste, Silvia Regina, Moreninha, Parque do Sol, 26 de Agosto e Vila Cox, das 7h \u00e0s 17h, al\u00e9m dos Shoppings Norte Sul, das 10h \u00e0s 18h e Bosque dos Ip\u00eas, das 10h \u00e0s 17h. No domingo (09), a vacina\u00e7\u00e3o segue em dois pontos: Shopping Norte Sul, das 10h \u00e0s 18h e Bosque dos Ip\u00eas, das 10h \u00e0s 17h.<\/p>\n<p>Em Campo Grande, o p\u00fablico estimado da campanha \u00e9 de 62.682 crian\u00e7as de 1 a menor de 5 anos As crian\u00e7as menores de 1 ano de idade dever\u00e3o ser vacinadas conforme a situa\u00e7\u00e3o vacinal encontrada para o esquema prim\u00e1rio (tr\u00eas doses da vacina inativada\u00a0poliomielite\u00a0\u2014 VIP), e as crian\u00e7as de 1 a 4 anos dever\u00e3o ser vacinadas indiscriminadamente com a vacina oral\u00a0poliomielite\u00a0(VOP), desde que j\u00e1 tenham recebido o esquema prim\u00e1rio com VIP.<\/p>\n<p><b>Doen\u00e7a<br \/><\/b><br \/>A Poliomielite, popularmente conhecida como \u201cparalisia infantil\u201d, \u00e9 uma doen\u00e7a viral, que pode provocar a paralisia muscular, especialmente nos membros inferiores. No Brasil, o \u00faltimo caso de poliomielite ocorreu em 1989. Em 1994 o Pa\u00eds recebeu a certifica\u00e7\u00e3o de \u00e1rea livre de circula\u00e7\u00e3o do poliov\u00edrus selvagem, por\u00e9m em 2023, devido principalmente a queda nas coberturas vacinais, o Brasil foi classificado como pa\u00eds de alto risco para reintrodu\u00e7\u00e3o do poliov\u00edrus.<\/p>\n<p><b>Sintomas<br \/><\/b><br \/>Febre, mal-estar, dor de cabe\u00e7a e de garganta, diarreia, v\u00f4mitos e rigidez na nuca s\u00e3o os sintomas mais comuns da infec\u00e7\u00e3o pela poliomielite. N\u00e3o existe tratamento contra a doen\u00e7a, o que os m\u00e9dicos fazem, em caso de interna\u00e7\u00e3o, \u00e9 tratar os sintomas de acordo com o que apresenta o paciente.<\/p>\n<\/div>\n<p><script async defer async defer src=\"https:\/\/connect.facebook.net\/en_US\/sdk.js?ver=1#xfbml=1&#038;version=v3.2\" id='prefeitura-campogrande-script-facebook-sdk-js'><\/script><\/p>\n","protected":false},"excerpt":{"rendered":"<p>Neste s\u00e1bado (08), a Prefeitura de Campo Grande, por meio da Secretaria Municipal de Sa\u00fade (Sesau), promove o Dia D de vacina\u00e7\u00e3o contra a Poliomielite. Seis unidades de sa\u00fade estar\u00e3o abertas durante todo o dia e haver\u00e1 pontos itinerantes em dois shoppings para atendimento das crian\u00e7as menores de 5 anos de idade, p\u00fablico alvo da [&hellip;]<\/p>\n","protected":false},"author":1,"featured_media":0,"comment_status":"","ping_status":"","sticky":false,"template":"","format":"standard","meta":{"footnotes":""},"categories":[],"tags":[],"class_list":["post-23211","post","type-post","status-publish","format-standard","hentry"],"amp_enabled":true,"_links":{"self":[{"href":"https:\/\/novasdodia.com.br\/index.php\/wp-json\/wp\/v2\/posts\/23211","targetHints":{"allow":["GET"]}}],"collection":[{"href":"https:\/\/novasdodia.com.br\/index.php\/wp-json\/wp\/v2\/posts"}],"about":[{"href":"https:\/\/novasdodia.com.br\/index.php\/wp-json\/wp\/v2\/types\/post"}],"author":[{"embeddable":true,"href":"https:\/\/novasdodia.com.br\/index.php\/wp-json\/wp\/v2\/users\/1"}],"replies":[{"embeddable":true,"href":"https:\/\/novasdodia.com.br\/index.php\/wp-json\/wp\/v2\/comments?post=23211"}],"version-history":[{"count":0,"href":"https:\/\/novasdodia.com.br\/index.php\/wp-json\/wp\/v2\/posts\/23211\/revisions"}],"wp:attachment":[{"href":"https:\/\/novasdodia.com.br\/index.php\/wp-json\/wp\/v2\/media?parent=23211"}],"wp:term":[{"taxonomy":"category","embeddable":true,"href":"https:\/\/novasdodia.com.br\/index.php\/wp-json\/wp\/v2\/categories?post=23211"},{"taxonomy":"post_tag","embeddable":true,"href":"https:\/\/novasdodia.com.br\/index.php\/wp-json\/wp\/v2\/tags?post=23211"}],"curies":[{"name":"wp","href":"https:\/\/api.w.org\/{rel}","templated":true}]}}