{"id":23292,"date":"2024-06-09T10:12:33","date_gmt":"2024-06-09T13:12:33","guid":{"rendered":"https:\/\/novasdodia.com.br\/index.php\/2024\/06\/09\/festa-do-tropeiro-anima-sao-francisco-neste-fim-de-semana\/"},"modified":"2024-06-09T10:12:33","modified_gmt":"2024-06-09T13:12:33","slug":"festa-do-tropeiro-anima-sao-francisco-neste-fim-de-semana","status":"publish","type":"post","link":"https:\/\/novasdodia.com.br\/index.php\/2024\/06\/09\/festa-do-tropeiro-anima-sao-francisco-neste-fim-de-semana\/","title":{"rendered":"Festa do Tropeiro anima S\u00e3o Francisco neste fim de semana"},"content":{"rendered":"<p><\/p>\n<div>\n<p><b>Jo\u00e3o Paulo Sardinha<\/b><br \/>&#13;<br \/>\n&#13;<br \/>\n                <span style=\"font-weight: bold;\">Funda\u00e7\u00e3o Cultural Cassiano Ricardo<\/span><\/p>\n<p>Os term\u00f4metros, no alto das montanhas, marcavam 24\u00b0 ao meio-dia deste s\u00e1bado (8), quando os tropeiros chegaram ao Parque Municipal de S\u00e3o Francisco Xavier.<\/p>\n<p>A entrada dos protagonistas marcou o in\u00edcio da 15\u00aa edi\u00e7\u00e3o da Festa do Tropeiro, que movimenta o distrito de S\u00e3o Jos\u00e9 dos Campos at\u00e9 o fim da tarde deste domingo (9).<\/p>\n<\/p>\n<p>Al\u00e9m da culin\u00e1ria t\u00edpica, de dar \u00e1gua na boca, o p\u00fablico prestigia muita cultura tradicional.<\/p>\n<p>No s\u00e1bado, passaram pelo Parque Municipal do distrito Giba Reis e Banda Kapiau, Mo\u00e7ambique da Vila Tesouro, Grupo Tapera de Viola, Danilo e Jo\u00e3o Ricardo e Fernando e Fabiano.<\/p>\n<p>Na manh\u00e3 deste domingo, a missa abriu o \u00faltimo dia da festa. A programa\u00e7\u00e3o inclui ainda desfile de cavaleiros, carreiros e tropas, shows musicais e o encerramento com Matheus Minas e Leandro, \u00e0s 17h.<\/p>\n<p><span class=\"intertitulo\">Sobre a Festa do Tropeiro<\/span><\/p>\n<p>A Festa preserva a tradi\u00e7\u00e3o do tropeirismo e valoriza as pequenas comunidades da Serra da Mantiqueira, onde os tropeiros paravam para descansar quando vinham de Minas Gerais e aproveitavam para comercializar produtos no Vale do Para\u00edba.<\/p>\n<p>Os tropeiros eram condutores de tropas de cavalo, burros e mulas, que atravessavam extensas \u00e1reas transportando gados e mercadorias entre as regi\u00f5es de produ\u00e7\u00e3o at\u00e9 as fazendas e centros consumidores.<\/p>\n<p>O evento \u00e9 uma realiza\u00e7\u00e3o da Prefeitura de S\u00e3o Jos\u00e9 dos Campos e Funda\u00e7\u00e3o Cultural Cassiano Ricardo.<\/p>\n<\/p>\n<p>&#13;<br \/>\n                        <strong>MAIS NOT\u00cdCIAS<\/strong><br \/>&#13;<br \/>\n                        Funda\u00e7\u00e3o Cultural Cassiano Ricardo&#13;\n                    <\/p>\n<\/p><\/div>\n","protected":false},"excerpt":{"rendered":"<p>Jo\u00e3o Paulo Sardinha&#13; &#13; Funda\u00e7\u00e3o Cultural Cassiano Ricardo Os term\u00f4metros, no alto das montanhas, marcavam 24\u00b0 ao meio-dia deste s\u00e1bado (8), quando os tropeiros chegaram ao Parque Municipal de S\u00e3o Francisco Xavier. A entrada dos protagonistas marcou o in\u00edcio da 15\u00aa edi\u00e7\u00e3o da Festa do Tropeiro, que movimenta o distrito de S\u00e3o Jos\u00e9 dos Campos [&hellip;]<\/p>\n","protected":false},"author":1,"featured_media":0,"comment_status":"","ping_status":"","sticky":false,"template":"","format":"standard","meta":{"footnotes":""},"categories":[1],"tags":[],"class_list":["post-23292","post","type-post","status-publish","format-standard","hentry","category-noticias"],"amp_enabled":true,"_links":{"self":[{"href":"https:\/\/novasdodia.com.br\/index.php\/wp-json\/wp\/v2\/posts\/23292","targetHints":{"allow":["GET"]}}],"collection":[{"href":"https:\/\/novasdodia.com.br\/index.php\/wp-json\/wp\/v2\/posts"}],"about":[{"href":"https:\/\/novasdodia.com.br\/index.php\/wp-json\/wp\/v2\/types\/post"}],"author":[{"embeddable":true,"href":"https:\/\/novasdodia.com.br\/index.php\/wp-json\/wp\/v2\/users\/1"}],"replies":[{"embeddable":true,"href":"https:\/\/novasdodia.com.br\/index.php\/wp-json\/wp\/v2\/comments?post=23292"}],"version-history":[{"count":0,"href":"https:\/\/novasdodia.com.br\/index.php\/wp-json\/wp\/v2\/posts\/23292\/revisions"}],"wp:attachment":[{"href":"https:\/\/novasdodia.com.br\/index.php\/wp-json\/wp\/v2\/media?parent=23292"}],"wp:term":[{"taxonomy":"category","embeddable":true,"href":"https:\/\/novasdodia.com.br\/index.php\/wp-json\/wp\/v2\/categories?post=23292"},{"taxonomy":"post_tag","embeddable":true,"href":"https:\/\/novasdodia.com.br\/index.php\/wp-json\/wp\/v2\/tags?post=23292"}],"curies":[{"name":"wp","href":"https:\/\/api.w.org\/{rel}","templated":true}]}}