{"id":23342,"date":"2024-06-10T12:06:35","date_gmt":"2024-06-10T15:06:35","guid":{"rendered":"https:\/\/novasdodia.com.br\/index.php\/2024\/06\/10\/prefeitura-de-joao-pessoa-promovera-capacitacao-sobre-o-programa-cozinha-solidaria\/"},"modified":"2024-06-10T12:06:35","modified_gmt":"2024-06-10T15:06:35","slug":"prefeitura-de-joao-pessoa-promovera-capacitacao-sobre-o-programa-cozinha-solidaria","status":"publish","type":"post","link":"https:\/\/novasdodia.com.br\/index.php\/2024\/06\/10\/prefeitura-de-joao-pessoa-promovera-capacitacao-sobre-o-programa-cozinha-solidaria\/","title":{"rendered":"Prefeitura de Jo\u00e3o Pessoa promover\u00e1 capacita\u00e7\u00e3o sobre o Programa Cozinha Solid\u00e1ria"},"content":{"rendered":"<p><\/p>\n<div>\n<h5 class=\"text-primary\">Seguran\u00e7a alimentar<\/h5>\n<p>                        <!-- Mostra o t&iacute;tulo como um link para o link permanente do post --><\/p>\n<h2 class=\"mb-3\">Prefeitura de Jo\u00e3o Pessoa promover\u00e1 capacita\u00e7\u00e3o sobre o Programa Cozinha Solid\u00e1ria<\/h2>\n<p class=\"text-secondary font-italic mb-3 p-0\">&#13;<br \/>\n                            <i class=\"fa fa-calendar\"\/> 10\/06\/2024 | &#13;<br \/>\n                            <i class=\"fa fa-clock-o\"\/> 11:00 |&#13;<br \/>\n                            <i class=\"fa fa-eye\"\/> 7                        <\/p>\n<p>                        <!-- Mostra o conte&uacute;do do post em uma DIV --><\/p>\n<div class=\"\">\n<p>A Secretaria de Desenvolvimento Social (Sedes), da Prefeitura de Jo\u00e3o Pessoa, promover\u00e1 na pr\u00f3xima quarta-feira (12), no audit\u00f3rio do Centro Administrativo Municipal, a partir das 9h da manh\u00e3, evento de capacita\u00e7\u00e3o e orienta\u00e7\u00e3o para implementa\u00e7\u00e3o do Programa Cozinha Solid\u00e1ria.<\/p>\n<p>O Programa Cozinha Solid\u00e1ria \u00e9 uma iniciativa da Secretaria Nacional de Seguran\u00e7a Alimentar e Nutricional do Minist\u00e9rio do Desenvolvimento e Assist\u00eancia Social (MDS), do Governo Federal, que a Prefeitura de Jo\u00e3o Pessoa aderiu.<\/p>\n<p>O p\u00fablico-alvo do evento s\u00e3o as entidades s\u00f3cio-assistenciais que desejem fazer parte do programa Cozinha Solid\u00e1ria, que promove a produ\u00e7\u00e3o e oferta de refei\u00e7\u00f5es para pessoas em situa\u00e7\u00e3o de vulnerabilidade social. No evento, as entidades ter\u00e3o informa\u00e7\u00f5es de como se cadastrar na plataforma Transferegov, sobre a legisla\u00e7\u00e3o pertinente, documenta\u00e7\u00e3o necess\u00e1ria e crit\u00e9rios para participa\u00e7\u00e3o no programa.<\/p>\n<p>\u201cEntendemos as Cozinhas Solid\u00e1rias como mais uma ferramenta de promo\u00e7\u00e3o da seguran\u00e7a alimentar e a Prefeitura de Jo\u00e3o Pessoa sai na frente, fazendo esse chamamento para que as organiza\u00e7\u00f5es sociais que j\u00e1 realizam trabalho deste tipo recebam toda a orienta\u00e7\u00e3o necess\u00e1ria e tirem suas d\u00favidas para que a parceria com o Minist\u00e9rio se d\u00ea de forma tranquila\u201d, refor\u00e7ou Norma Gouveia, secret\u00e1ria de Desenvolvimento Social.<\/p>\n<p>Um dos princ\u00edpios do Programa Cozinha Solid\u00e1ria \u00e9 a sua opera\u00e7\u00e3o de maneira volunt\u00e1ria, por meio dos esfor\u00e7os da comunidade, com recursos advindos de parceiros ou doa\u00e7\u00f5es individuais, com o programa, essas cozinhas receber\u00e3o de modo complementar, apoio para sua produ\u00e7\u00e3o de refei\u00e7\u00f5es. Nestes locais tamb\u00e9m devem ser desenvolvidas atividades de interesse coletivo como oficinas de forma\u00e7\u00e3o e a\u00e7\u00f5es de educa\u00e7\u00e3o alimentar e nutricional.<\/p>\n<\/p><\/div>\n<\/p><\/div>\n","protected":false},"excerpt":{"rendered":"<p>Seguran\u00e7a alimentar Prefeitura de Jo\u00e3o Pessoa promover\u00e1 capacita\u00e7\u00e3o sobre o Programa Cozinha Solid\u00e1ria &#13; 10\/06\/2024 | &#13; 11:00 |&#13; 7 A Secretaria de Desenvolvimento Social (Sedes), da Prefeitura de Jo\u00e3o Pessoa, promover\u00e1 na pr\u00f3xima quarta-feira (12), no audit\u00f3rio do Centro Administrativo Municipal, a partir das 9h da manh\u00e3, evento de capacita\u00e7\u00e3o e orienta\u00e7\u00e3o para implementa\u00e7\u00e3o [&hellip;]<\/p>\n","protected":false},"author":1,"featured_media":0,"comment_status":"","ping_status":"","sticky":false,"template":"","format":"standard","meta":{"footnotes":""},"categories":[1],"tags":[],"class_list":["post-23342","post","type-post","status-publish","format-standard","hentry","category-noticias"],"amp_enabled":true,"_links":{"self":[{"href":"https:\/\/novasdodia.com.br\/index.php\/wp-json\/wp\/v2\/posts\/23342","targetHints":{"allow":["GET"]}}],"collection":[{"href":"https:\/\/novasdodia.com.br\/index.php\/wp-json\/wp\/v2\/posts"}],"about":[{"href":"https:\/\/novasdodia.com.br\/index.php\/wp-json\/wp\/v2\/types\/post"}],"author":[{"embeddable":true,"href":"https:\/\/novasdodia.com.br\/index.php\/wp-json\/wp\/v2\/users\/1"}],"replies":[{"embeddable":true,"href":"https:\/\/novasdodia.com.br\/index.php\/wp-json\/wp\/v2\/comments?post=23342"}],"version-history":[{"count":0,"href":"https:\/\/novasdodia.com.br\/index.php\/wp-json\/wp\/v2\/posts\/23342\/revisions"}],"wp:attachment":[{"href":"https:\/\/novasdodia.com.br\/index.php\/wp-json\/wp\/v2\/media?parent=23342"}],"wp:term":[{"taxonomy":"category","embeddable":true,"href":"https:\/\/novasdodia.com.br\/index.php\/wp-json\/wp\/v2\/categories?post=23342"},{"taxonomy":"post_tag","embeddable":true,"href":"https:\/\/novasdodia.com.br\/index.php\/wp-json\/wp\/v2\/tags?post=23342"}],"curies":[{"name":"wp","href":"https:\/\/api.w.org\/{rel}","templated":true}]}}