{"id":23427,"date":"2024-06-11T20:21:26","date_gmt":"2024-06-11T23:21:26","guid":{"rendered":"https:\/\/novasdodia.com.br\/index.php\/2024\/06\/11\/fundo-social-e-farma-conde-enviam-doacoes-ao-sul\/"},"modified":"2024-06-11T20:21:26","modified_gmt":"2024-06-11T23:21:26","slug":"fundo-social-e-farma-conde-enviam-doacoes-ao-sul","status":"publish","type":"post","link":"https:\/\/novasdodia.com.br\/index.php\/2024\/06\/11\/fundo-social-e-farma-conde-enviam-doacoes-ao-sul\/","title":{"rendered":"Fundo Social e Farma Conde enviam doa\u00e7\u00f5es ao Sul"},"content":{"rendered":"<p><\/p>\n<div>\n<p><b\/><br \/>&#13;<br \/>\n&#13;<br \/>\n                <span style=\"font-weight: bold;\">Fundo Social de Solidariedade<\/span><\/p>\n<p><span style=\"font-weight: 400;\">Na tarde desta segunda-feira (10), o grupo Farma Conde enviou \u00e0s fam\u00edlias ga\u00fachas cerca de 100 toneladas de doa\u00e7\u00f5es. A a\u00e7\u00e3o contou com apoio e participa\u00e7\u00e3o de equipes da Prefeitura de S\u00e3o Jos\u00e9 dos Campos, do Fundo Social de Solidariedade, da Defesa Civil municipal e do DCTA.<\/span><\/p>\n<p><span style=\"font-weight: 400;\">A frota contou com carretas, \u00f4nibus e ve\u00edculos com donativos arrecadados pela empresa, por entidades parceiras e outras cidades al\u00e9m de S\u00e3o Jos\u00e9. Esta foi a terceira a\u00e7\u00e3o de doa\u00e7\u00e3o da empresa, que enviou cerca de R$3 milh\u00f5es em produtos doados.\u00a0Outras 100 toneladas de doa\u00e7\u00f5es j\u00e1 haviam sido enviadas pelo Fundo Social \u00e0s vitimas.<\/span><\/p>\n<p><span style=\"font-weight: 400;\">As entregas ser\u00e3o coordenadas pela For\u00e7a \u00c1rea Brasileira e direcionadas para as seguintes cidades: Constantino, Canoas, Passo Fundo, Igrejinha e S\u00e3o Leopoldo.\u00a0<\/span><\/p>\n<p><span class=\"intertitulo\">Campanha continua<\/span><\/p>\n<p><span style=\"font-weight: 400;\">O Fundo Social orienta\u00a0<\/span><span style=\"font-weight: 400;\">para o recebimento, especialmente, de doa\u00e7\u00f5es de materiais de higiene pessoal, alimentos n\u00e3o perec\u00edveis, itens de limpeza e ra\u00e7\u00f5es para animais.<\/span><\/p>\n<p><span style=\"font-weight: 400;\">A ajuda dos volunt\u00e1rios tamb\u00e9m \u00e9 muito importante. Quem quiser colaborar sendo volunt\u00e1rio do Fundo Social pode se dirigir \u00e0 sede do Fundo, em Santana, e fazer um cadastro no local.<\/span><\/p>\n<p><span style=\"font-weight: 400;\">Os volunt\u00e1rios podem doar o tempo que tiverem dispon\u00edvel para ajudar na triagem de insumos e na organiza\u00e7\u00e3o das doa\u00e7\u00f5es, sendo orientados pela equipe do Fundo Social.\u00a0<\/span><\/p>\n<p><span style=\"font-weight: 400;\">\u00c9 importante lembrar que toda a\u00e7\u00e3o \u00e9 volunt\u00e1ria e as pessoas s\u00e3o orientadas a irem de roupa confort\u00e1vel, com luvas e m\u00e1scaras, se preferirem.<\/span><\/p>\n<p><span class=\"intertitulo\">Pontos de entrega<\/span><\/p>\n<p><span style=\"font-weight: 400;\">Os pontos de entrega de doa\u00e7\u00f5es ficam no Centro de Distribui\u00e7\u00e3o, em Santana, na Avenida Olivo Gomes, com drive-thru na portaria do Parque da Cidade, no Parque Vicentina Aranha, Clube de Campo Santa Rita AESJ, nos shoppings Colinas e Jardim Oriente, na sede da Assecre (Associa\u00e7\u00e3o das Empresas do Vale do Para\u00edba), al\u00e9m do Pa\u00e7o Municipal, secretarias externas, UBSs (Unidades B\u00e1sicas de Sa\u00fade) e unidades da prefeitura.\u00a0<\/span><\/p>\n<p><span style=\"font-weight: 400;\">Novos pontos de arrecada\u00e7\u00e3o s\u00e3o disponibilizados. Todos os endere\u00e7os est\u00e3o atualizados no site do Fundo Social, <\/span>clique aqui<span style=\"font-weight: 400;\">.<\/span><\/p>\n<p><strong>Itens priorit\u00e1rios:<\/strong><\/p>\n<ul>\n<li style=\"font-weight: 400;\" aria-level=\"1\"><span style=\"font-weight: 400;\">Produtos de higiene pessoal<\/span><\/li>\n<li style=\"font-weight: 400;\" aria-level=\"1\"><span style=\"font-weight: 400;\">Produtos de limpeza<\/span><\/li>\n<li style=\"font-weight: 400;\" aria-level=\"1\"><span style=\"font-weight: 400;\">Ra\u00e7\u00e3o para os pets<\/span><\/li>\n<li style=\"font-weight: 400;\" aria-level=\"1\"><span style=\"font-weight: 400;\">Alimentos n\u00e3o perec\u00edveis<\/span><\/li>\n<\/ul>\n<p><strong>Mais informa\u00e7\u00f5es<\/strong><\/p>\n<ul>\n<li style=\"font-weight: 400;\" aria-level=\"1\"><span style=\"font-weight: 400;\">Acompanhe o Fundo Social pelo <\/span><span style=\"font-weight: 400;\">Instagram<\/span><\/li>\n<li style=\"font-weight: 400;\" aria-level=\"1\"><span style=\"font-weight: 400;\">Telefone do Fundo Social: (12) 3911-8060<\/span><\/li>\n<li style=\"font-weight: 400;\" aria-level=\"1\"><span style=\"font-weight: 400;\">O Fundo Social funciona de segunda a sexta, das 8h \u00e0s 17h<\/span><\/li>\n<\/ul>\n<p>&#13;<br \/>\n                        <strong>MAIS NOT\u00cdCIAS<\/strong><br \/>&#13;<br \/>\n                        Fundo Social de Solidariedade&#13;\n                    <\/p>\n<\/p><\/div>\n<p><script async src=\"\/\/www.instagram.com\/embed.js\"><\/script><\/p>\n","protected":false},"excerpt":{"rendered":"<p>&#13; &#13; Fundo Social de Solidariedade Na tarde desta segunda-feira (10), o grupo Farma Conde enviou \u00e0s fam\u00edlias ga\u00fachas cerca de 100 toneladas de doa\u00e7\u00f5es. A a\u00e7\u00e3o contou com apoio e participa\u00e7\u00e3o de equipes da Prefeitura de S\u00e3o Jos\u00e9 dos Campos, do Fundo Social de Solidariedade, da Defesa Civil municipal e do DCTA. A frota [&hellip;]<\/p>\n","protected":false},"author":1,"featured_media":0,"comment_status":"","ping_status":"","sticky":false,"template":"","format":"standard","meta":{"footnotes":""},"categories":[1],"tags":[],"class_list":["post-23427","post","type-post","status-publish","format-standard","hentry","category-noticias"],"amp_enabled":true,"_links":{"self":[{"href":"https:\/\/novasdodia.com.br\/index.php\/wp-json\/wp\/v2\/posts\/23427","targetHints":{"allow":["GET"]}}],"collection":[{"href":"https:\/\/novasdodia.com.br\/index.php\/wp-json\/wp\/v2\/posts"}],"about":[{"href":"https:\/\/novasdodia.com.br\/index.php\/wp-json\/wp\/v2\/types\/post"}],"author":[{"embeddable":true,"href":"https:\/\/novasdodia.com.br\/index.php\/wp-json\/wp\/v2\/users\/1"}],"replies":[{"embeddable":true,"href":"https:\/\/novasdodia.com.br\/index.php\/wp-json\/wp\/v2\/comments?post=23427"}],"version-history":[{"count":0,"href":"https:\/\/novasdodia.com.br\/index.php\/wp-json\/wp\/v2\/posts\/23427\/revisions"}],"wp:attachment":[{"href":"https:\/\/novasdodia.com.br\/index.php\/wp-json\/wp\/v2\/media?parent=23427"}],"wp:term":[{"taxonomy":"category","embeddable":true,"href":"https:\/\/novasdodia.com.br\/index.php\/wp-json\/wp\/v2\/categories?post=23427"},{"taxonomy":"post_tag","embeddable":true,"href":"https:\/\/novasdodia.com.br\/index.php\/wp-json\/wp\/v2\/tags?post=23427"}],"curies":[{"name":"wp","href":"https:\/\/api.w.org\/{rel}","templated":true}]}}