{"id":23480,"date":"2024-06-12T17:21:40","date_gmt":"2024-06-12T20:21:40","guid":{"rendered":"https:\/\/novasdodia.com.br\/index.php\/2024\/06\/12\/pessoas-idosas-devem-tomar-as-vacinas-que-protegem-contra-covid-19-e-influenza\/"},"modified":"2024-06-12T17:21:40","modified_gmt":"2024-06-12T20:21:40","slug":"pessoas-idosas-devem-tomar-as-vacinas-que-protegem-contra-covid-19-e-influenza","status":"publish","type":"post","link":"https:\/\/novasdodia.com.br\/index.php\/2024\/06\/12\/pessoas-idosas-devem-tomar-as-vacinas-que-protegem-contra-covid-19-e-influenza\/","title":{"rendered":"Pessoas idosas devem tomar as vacinas que protegem contra Covid-19 e Influenza"},"content":{"rendered":"<p><\/p>\n<div>\n<p>A vacina tem como principal fun\u00e7\u00e3o gerar imunidade, contribuindo diretamente para o controle e elimina\u00e7\u00e3o de doen\u00e7as provocadas por v\u00edrus ou bact\u00e9rias. Ela \u00e9 considerada essencial para a manuten\u00e7\u00e3o da sa\u00fade, desde o nascimento. Desta forma, a Prefeitura de Jo\u00e3o Pessoa segue fazendo o alerta e convocando a popula\u00e7\u00e3o para preven\u00e7\u00e3o, principalmente as pessoas idosas, que s\u00e3o mais vulner\u00e1veis ao adoecimento.<\/p>\n<figure class=\"wp-block-gallery has-nested-images columns-default is-cropped wp-block-gallery-1 is-layout-flex wp-block-gallery-is-layout-flex\">\n<figure class=\"wp-block-image size-large\"><\/figure>\n<figure class=\"wp-block-image size-large\"><\/figure>\n<\/figure>\n<p>Na rede municipal de sa\u00fade, a vacina contra Influenza (gripe) est\u00e1 dispon\u00edvel para todas as pessoas a partir dos seis meses de idade. A amplia\u00e7\u00e3o do p\u00fablico foi definida pelo Minist\u00e9rio da Sa\u00fade com intuito de aumentar a assist\u00eancia e evitar complica\u00e7\u00f5es causadas pelos v\u00edrus Influenza A H3N2 e H1N1 e B.<\/p>\n<p>J\u00e1 a vacina que protege contra Covid-19 entrou na programa\u00e7\u00e3o vacinal de rotina, de crian\u00e7as a partir de 6 meses at\u00e9 4 anos, 11 meses e 29 dias. Acima dos 5 anos, as doses s\u00e3o exclusivamente para quem faz parte dos grupos priorit\u00e1rios.<\/p>\n<p>\u201cPara as pessoas que integram os grupos priorit\u00e1rios, a vacina\u00e7\u00e3o contra Covid-19 passou a ser anual. J\u00e1 para indiv\u00edduos imunocomprometidos, gestantes, pu\u00e9rperas e idosos a partir de 60 anos, a recomenda\u00e7\u00e3o \u00e9 uma dose por semestre, com no m\u00ednimo seis meses da administra\u00e7\u00e3o da \u00faltima dose do imunizante. Portanto, alertamos que as pessoas procurem uma sala de vacina ou um ponto m\u00f3vel da Prefeitura e mantenham-se informadas sobre esta programa\u00e7\u00e3o vacinal\u201d, orientou Fernando Virgolino, chefe da Se\u00e7\u00e3o de Imuniza\u00e7\u00e3o da Prefeitura de Jo\u00e3o Pessoa.<\/p>\n<p><strong>Grupos priorit\u00e1rios contra Covid-19<\/strong> \u2013 Pessoas de 60 anos ou mais, pessoas vivendo em institui\u00e7\u00f5es de longa perman\u00eancia (ILPI e RI) e seus trabalhadores, pessoas imunocomprometidas, ind\u00edgenas, ribeirinhos, quilombolas, gestantes, pu\u00e9rperas, trabalhadores da sa\u00fade, pessoas com defici\u00eancia permanente, pessoas com comorbidades, pessoas privadas de liberdade, funcion\u00e1rios do sistema de priva\u00e7\u00e3o de liberdade, adolescentes e jovens cumprindo medidas socioeducativas e pessoas em situa\u00e7\u00e3o de rua.<\/p>\n<p><strong>Documenta\u00e7\u00e3o<\/strong> \u2013 Para vacina\u00e7\u00e3o, \u00e9 importante apresentar um documento oficial com foto ou registro da crian\u00e7a ou adolescente, o Cart\u00e3o do SUS e o cart\u00e3o ou caderneta de vacina.<\/p>\n<p><strong>Vacina\u00e7\u00e3o Domiciliar<\/strong> \u2013 Para pessoas acamadas e restritas ao leito, \u00e9 necess\u00e1rio fazer agendamento no whatsapp, por meio do n\u00famero (83) 98645-7727. As vacinas s\u00e3o disponibilizadas nos domic\u00edlios, de segunda a sexta-feira, no hor\u00e1rio das 8h \u00e0s 16h.<\/p>\n<p><strong>Locais de vacina\u00e7\u00e3o em Jo\u00e3o Pessoa nesta quinta-feira (13):<\/strong><\/p>\n<p><strong>Unidades de Sa\u00fade da Fam\u00edlia (USFs)<\/strong><\/p>\n<p>Vacinas de Campanha (Poliomielite, Dengue, Covid-19 e Influenza) e do Calend\u00e1rio de Rotina<\/p>\n<p>Hor\u00e1rio: 7h \u00e0s 11h e das 12h \u00e0s 16h (de segunda a sexta-feira)<\/p>\n<p><strong>*exce\u00e7\u00e3o:<\/strong> Alto do C\u00e9u II, Cidade Verde e Jardim Planalto.<\/p>\n<p><strong>Policl\u00ednicas Municipais<\/strong><\/p>\n<p>Vacinas de Campanha (Poliomielite, Dengue, Covid-19 e Influenza) e do Calend\u00e1rio de Rotina<\/p>\n<p>Hor\u00e1rio: 8h \u00e0s 16h (de segunda a sexta-feira)<\/p>\n<p><strong>Home Center Ferreira Costa<\/strong><\/p>\n<p>Apenas as vacinas de Campanha (Poliomielite, Dengue, Covid-19 e Influenza)<\/p>\n<p>Hor\u00e1rio: 12h \u00e0s 21h (de segunda a sexta-feira)<\/p>\n<p>8h \u00e0s 16h (s\u00e1bado)<\/p>\n<p><strong>Shopping Sul<\/strong><\/p>\n<p>Apenas as vacinas de Campanha (Poliomielite, Dengue, Covid-19 e Influenza)<\/p>\n<p>Hor\u00e1rio: 12h \u00e0s 21h (de segunda a sexta-feira)\u00a0\u00a0\u00a0\u00a0\u00a0\u00a0\u00a0\u00a0\u00a0\u00a0\u00a0\u00a0\u00a0\u00a0\u00a0\u00a0\u00a0\u00a0\u00a0\u00a0<\/p>\n<p>10h \u00e0s 16h (s\u00e1bado)<\/p>\n<p><strong>Shopping Tambi\u00e1<\/strong><\/p>\n<p>Apenas as vacinas de Campanha (Poliomielite, Dengue, Covid-19 e Influenza)<\/p>\n<p>Hor\u00e1rio: 12h \u00e0s 20h (de segunda a sexta-feira)<\/p>\n<p>9h \u00e0s 16h (s\u00e1bado)<\/p>\n<p><strong>Vacina\u00e7\u00e3o Domiciliar<\/strong><\/p>\n<p>Agendamento: (83) 98645-7727 \u2013 (<strong><u>Apenas whatsapp<\/u><\/strong>)<\/p>\n<p>Hor\u00e1rio: 8h \u00e0s 16h (de segunda a sexta-feira)<\/p>\n<\/p><\/div>\n","protected":false},"excerpt":{"rendered":"<p>A vacina tem como principal fun\u00e7\u00e3o gerar imunidade, contribuindo diretamente para o controle e elimina\u00e7\u00e3o de doen\u00e7as provocadas por v\u00edrus ou bact\u00e9rias. Ela \u00e9 considerada essencial para a manuten\u00e7\u00e3o da sa\u00fade, desde o nascimento. Desta forma, a Prefeitura de Jo\u00e3o Pessoa segue fazendo o alerta e convocando a popula\u00e7\u00e3o para preven\u00e7\u00e3o, principalmente as pessoas idosas, [&hellip;]<\/p>\n","protected":false},"author":1,"featured_media":0,"comment_status":"","ping_status":"","sticky":false,"template":"","format":"standard","meta":{"footnotes":""},"categories":[1],"tags":[],"class_list":["post-23480","post","type-post","status-publish","format-standard","hentry","category-noticias"],"amp_enabled":true,"_links":{"self":[{"href":"https:\/\/novasdodia.com.br\/index.php\/wp-json\/wp\/v2\/posts\/23480","targetHints":{"allow":["GET"]}}],"collection":[{"href":"https:\/\/novasdodia.com.br\/index.php\/wp-json\/wp\/v2\/posts"}],"about":[{"href":"https:\/\/novasdodia.com.br\/index.php\/wp-json\/wp\/v2\/types\/post"}],"author":[{"embeddable":true,"href":"https:\/\/novasdodia.com.br\/index.php\/wp-json\/wp\/v2\/users\/1"}],"replies":[{"embeddable":true,"href":"https:\/\/novasdodia.com.br\/index.php\/wp-json\/wp\/v2\/comments?post=23480"}],"version-history":[{"count":0,"href":"https:\/\/novasdodia.com.br\/index.php\/wp-json\/wp\/v2\/posts\/23480\/revisions"}],"wp:attachment":[{"href":"https:\/\/novasdodia.com.br\/index.php\/wp-json\/wp\/v2\/media?parent=23480"}],"wp:term":[{"taxonomy":"category","embeddable":true,"href":"https:\/\/novasdodia.com.br\/index.php\/wp-json\/wp\/v2\/categories?post=23480"},{"taxonomy":"post_tag","embeddable":true,"href":"https:\/\/novasdodia.com.br\/index.php\/wp-json\/wp\/v2\/tags?post=23480"}],"curies":[{"name":"wp","href":"https:\/\/api.w.org\/{rel}","templated":true}]}}