{"id":23497,"date":"2024-06-12T23:39:35","date_gmt":"2024-06-13T02:39:35","guid":{"rendered":"https:\/\/novasdodia.com.br\/index.php\/2024\/06\/12\/operacao-da-pm-com-agentes-de-mobilidade-captura-foragido\/"},"modified":"2024-06-12T23:39:35","modified_gmt":"2024-06-13T02:39:35","slug":"operacao-da-pm-com-agentes-de-mobilidade-captura-foragido","status":"publish","type":"post","link":"https:\/\/novasdodia.com.br\/index.php\/2024\/06\/12\/operacao-da-pm-com-agentes-de-mobilidade-captura-foragido\/","title":{"rendered":"Opera\u00e7\u00e3o da PM com agentes de mobilidade captura foragido"},"content":{"rendered":"<p><\/p>\n<div>\n<p><b>Celso Gomes<\/b><br \/>&#13;<br \/>\n&#13;<br \/>\n                <span style=\"font-weight: bold;\">Secretaria de Mobilidade Urbana<\/span><\/p>\n<p>Na manh\u00e3 desta quarta-feira (12) um homem de 24 anos foi capturado pela Pol\u00edcia Militar, durante opera\u00e7\u00e3o conjunta entre os agentes de mobilidade urbana e a PM para verificar situa\u00e7\u00f5es de transporte clandestino de passageiros em moto, na regi\u00e3o sul de S\u00e3o Jos\u00e9 dos Campos.\u00a0<\/p>\n<p>O homem era foragido da Justi\u00e7a por envolvimento com o tr\u00e1fico de drogas. Ao ser abordado, a PM verificou os documentos e constatou a pend\u00eancia na Justi\u00e7a. A moto que ele dirigia estava com o lacre da placa rompido e, al\u00e9m disso, a carteira de habilita\u00e7\u00e3o estava vencida.<\/p>\n<p>A PM fez a pris\u00e3o do foragido e o conduziu at\u00e9 a Central de Flagrantes da Pol\u00edcia Civil. A moto foi apreendida e recolhida ao p\u00e1tio.<\/p>\n<p>Ao longo do ano, j\u00e1 foram realizadas 60 opera\u00e7\u00f5es conjuntas para combater o transporte irregular de passageiros em moto, com mais de 470 abordagens e 4 apreens\u00f5es na cidade.<\/p>\n<p>&#13;<br \/>\n                        <strong>MAIS NOT\u00cdCIAS<\/strong><br \/>&#13;<br \/>\n                        Secretaria de Mobilidade Urbana&#13;\n                    <\/p>\n<\/p><\/div>\n","protected":false},"excerpt":{"rendered":"<p>Celso Gomes&#13; &#13; Secretaria de Mobilidade Urbana Na manh\u00e3 desta quarta-feira (12) um homem de 24 anos foi capturado pela Pol\u00edcia Militar, durante opera\u00e7\u00e3o conjunta entre os agentes de mobilidade urbana e a PM para verificar situa\u00e7\u00f5es de transporte clandestino de passageiros em moto, na regi\u00e3o sul de S\u00e3o Jos\u00e9 dos Campos.\u00a0 O homem era [&hellip;]<\/p>\n","protected":false},"author":1,"featured_media":0,"comment_status":"","ping_status":"","sticky":false,"template":"","format":"standard","meta":{"footnotes":""},"categories":[1],"tags":[],"class_list":["post-23497","post","type-post","status-publish","format-standard","hentry","category-noticias"],"amp_enabled":true,"_links":{"self":[{"href":"https:\/\/novasdodia.com.br\/index.php\/wp-json\/wp\/v2\/posts\/23497","targetHints":{"allow":["GET"]}}],"collection":[{"href":"https:\/\/novasdodia.com.br\/index.php\/wp-json\/wp\/v2\/posts"}],"about":[{"href":"https:\/\/novasdodia.com.br\/index.php\/wp-json\/wp\/v2\/types\/post"}],"author":[{"embeddable":true,"href":"https:\/\/novasdodia.com.br\/index.php\/wp-json\/wp\/v2\/users\/1"}],"replies":[{"embeddable":true,"href":"https:\/\/novasdodia.com.br\/index.php\/wp-json\/wp\/v2\/comments?post=23497"}],"version-history":[{"count":0,"href":"https:\/\/novasdodia.com.br\/index.php\/wp-json\/wp\/v2\/posts\/23497\/revisions"}],"wp:attachment":[{"href":"https:\/\/novasdodia.com.br\/index.php\/wp-json\/wp\/v2\/media?parent=23497"}],"wp:term":[{"taxonomy":"category","embeddable":true,"href":"https:\/\/novasdodia.com.br\/index.php\/wp-json\/wp\/v2\/categories?post=23497"},{"taxonomy":"post_tag","embeddable":true,"href":"https:\/\/novasdodia.com.br\/index.php\/wp-json\/wp\/v2\/tags?post=23497"}],"curies":[{"name":"wp","href":"https:\/\/api.w.org\/{rel}","templated":true}]}}