{"id":23524,"date":"2024-06-13T11:33:26","date_gmt":"2024-06-13T14:33:26","guid":{"rendered":"https:\/\/novasdodia.com.br\/index.php\/2024\/06\/13\/predio-de-seis-andares-e-demolido-na-muzema-e-prefeitura-chega-a-quatro-mil-demolicoes-de-construcoes-irregulares-prefeitura-da-cidade-do-rio-de-janeiro\/"},"modified":"2024-06-13T11:33:26","modified_gmt":"2024-06-13T14:33:26","slug":"predio-de-seis-andares-e-demolido-na-muzema-e-prefeitura-chega-a-quatro-mil-demolicoes-de-construcoes-irregulares-prefeitura-da-cidade-do-rio-de-janeiro","status":"publish","type":"post","link":"https:\/\/novasdodia.com.br\/index.php\/2024\/06\/13\/predio-de-seis-andares-e-demolido-na-muzema-e-prefeitura-chega-a-quatro-mil-demolicoes-de-construcoes-irregulares-prefeitura-da-cidade-do-rio-de-janeiro\/","title":{"rendered":"Pr\u00e9dio de seis andares \u00e9 demolido na Muzema, e Prefeitura chega a quatro mil demoli\u00e7\u00f5es de constru\u00e7\u00f5es\u00a0irregulares &#8211; Prefeitura da Cidade do Rio de Janeiro"},"content":{"rendered":"<p><\/p>\n<div id=\"main\">\n<div class=\"wrapper-breadcrumbs\" wp_automatic_readability=\"45.798496240602\">\n<div class=\"image-post\" wp_automatic_readability=\"33\">\n                     O pr\u00e9dio estava sendo constru\u00eddo numa regi\u00e3o que sofre influ\u00eancia do crime organizado &#8211; Marcos de Paula\/Prefeitura do Rio                  <\/div>\n<p>A Prefeitura do Rio, por meio da Secretaria de Ordem P\u00fablica (Seop), realizou nesta quinta-feira (13\/6) a demoli\u00e7\u00e3o de um pr\u00e9dio de seis andares \u2013 com estruturas e demarca\u00e7\u00f5es para dois apartamentos por pavimento, al\u00e9m da cobertura \u2013 constru\u00eddo irregularmente no condom\u00ednio Figueiras do Itanhang\u00e1, na Muzema, \u00e1rea que sofre influ\u00eancia do crime organizado. Com a opera\u00e7\u00e3o, a Prefeitura atinge a marca de quatro mil demoli\u00e7\u00f5es realizadas desde 2021, com um preju\u00edzo estimado de aproximadamente R$ 1 bilh\u00e3o aos respons\u00e1veis.<\/p>\n<p>As a\u00e7\u00f5es foram feitas 70% em \u00e1reas com atua\u00e7\u00e3o de criminosos (mil\u00edcia, tr\u00e1fico e narcomil\u00edcia), sendo 55% delas na Zona Oeste da cidade. Al\u00e9m das opera\u00e7\u00f5es nessas regi\u00f5es com crime organizado, a Prefeitura tamb\u00e9m j\u00e1 realizou centenas em \u00e1reas de prote\u00e7\u00e3o ambiental.<\/p>\n<p>O pr\u00e9dio possui aproximadamente 900 m\u00b2 de \u00e1rea constru\u00edda e \u00e9 ilegaliz\u00e1vel,\u00a0uma vez que n\u00e3o atende aos par\u00e2metros urban\u00edsticos do local, al\u00e9m de n\u00e3o possuir nenhuma autoriza\u00e7\u00e3o da Prefeitura para a obra. De acordo com engenheiros da Prefeitura, a demoli\u00e7\u00e3o causar\u00e1 um preju\u00edzo de cerca de R$ 3 milh\u00f5es aos respons\u00e1veis.<\/p>\n<p>A constru\u00e7\u00e3o est\u00e1 em uma \u00e1rea de encosta, com inclina\u00e7\u00e3o acentuada, com m\u00e9dia a alta possibilidade de deslizamento por n\u00e3o possuir obras de conten\u00e7\u00e3o. O pr\u00e9dio encontra-se desabitado. A obra j\u00e1 havia sido embargada, inclusive com diversas aplica\u00e7\u00f5es de multas ao respons\u00e1vel.<br \/>A Secretaria de Ordem P\u00fablica j\u00e1 demoliu outros 13 edif\u00edcios irregulares no mesmo condom\u00ednio, sendo dois pr\u00e9dios exatamente ao lado deste que ser\u00e1 alvo da opera\u00e7\u00e3o de quinta-feira. Os respons\u00e1veis tinham conseguido uma liminar impedindo a demoli\u00e7\u00e3o, mas que foi revogada, dando ao munic\u00edpio a condi\u00e7\u00e3o legal de realizar essa a\u00e7\u00e3o.<\/p>\n<blockquote wp_automatic_readability=\"14\">\n<p>\u2013 Essa demoli\u00e7\u00e3o quatro mil \u00e9 mais um grande marco no trabalho da Prefeitura do Rio de aux\u00edlio \u00e0 seguran\u00e7a p\u00fablica. Essas opera\u00e7\u00f5es possuem um trip\u00e9 de motiva\u00e7\u00e3o muito forte: a asfixia financeira do crime organizado, uma vez que atuamos em um dos bra\u00e7os mais lucrativos desses grupos criminosos, que \u00e9 a constru\u00e7\u00e3o civil; o ordenamento da cidade; e a preserva\u00e7\u00e3o de vidas, j\u00e1 que essas constru\u00e7\u00f5es, em sua maioria, n\u00e3o possuem um respons\u00e1vel t\u00e9cnico habilitado e coloca em risco a vida das pessoas \u2013 destacou o secret\u00e1rio de Ordem P\u00fablica, Brenno Carnevale.<\/p>\n<\/blockquote>\n<p>Em 2019, outros dois pr\u00e9dios constru\u00eddos irregularmente no mesmo condom\u00ednio desabaram e causaram a morte de 24 pessoas.<\/p>\n<p>             <!-- Compartilhe ---><\/p>\n<p>\t\t\t <!-- TAGS --><\/p>\n<section class=\"category-tags\">\n<div class=\"marcacao-category\">\n<article class=\"category-post\">\n<p>Categoria: <\/p>\n<\/article>\n<li>13 de junho de 2024<\/li><\/div>\n<article class=\"tags\">\n\t\t\t\t\tMarca\u00e7\u00f5es: Demoli\u00e7\u00e3o de constru\u00e7\u00e3o irregular Muzema Ordem P\u00fablica Prefeitura do Rio<br \/><\/article>\n<\/section>\n<p>            <!-- Mais Not&iacute;cias --><\/p>\n<p>\t\t<!-- Conte&uacute;do SIDEBAR --><\/p><\/div>\n<\/p><\/div>\n","protected":false},"excerpt":{"rendered":"<p>O pr\u00e9dio estava sendo constru\u00eddo numa regi\u00e3o que sofre influ\u00eancia do crime organizado &#8211; Marcos de Paula\/Prefeitura do Rio A Prefeitura do Rio, por meio da Secretaria de Ordem P\u00fablica (Seop), realizou nesta quinta-feira (13\/6) a demoli\u00e7\u00e3o de um pr\u00e9dio de seis andares \u2013 com estruturas e demarca\u00e7\u00f5es para dois apartamentos por pavimento, al\u00e9m da [&hellip;]<\/p>\n","protected":false},"author":1,"featured_media":0,"comment_status":"","ping_status":"","sticky":false,"template":"","format":"standard","meta":{"footnotes":""},"categories":[1],"tags":[],"class_list":["post-23524","post","type-post","status-publish","format-standard","hentry","category-noticias"],"amp_enabled":true,"_links":{"self":[{"href":"https:\/\/novasdodia.com.br\/index.php\/wp-json\/wp\/v2\/posts\/23524","targetHints":{"allow":["GET"]}}],"collection":[{"href":"https:\/\/novasdodia.com.br\/index.php\/wp-json\/wp\/v2\/posts"}],"about":[{"href":"https:\/\/novasdodia.com.br\/index.php\/wp-json\/wp\/v2\/types\/post"}],"author":[{"embeddable":true,"href":"https:\/\/novasdodia.com.br\/index.php\/wp-json\/wp\/v2\/users\/1"}],"replies":[{"embeddable":true,"href":"https:\/\/novasdodia.com.br\/index.php\/wp-json\/wp\/v2\/comments?post=23524"}],"version-history":[{"count":0,"href":"https:\/\/novasdodia.com.br\/index.php\/wp-json\/wp\/v2\/posts\/23524\/revisions"}],"wp:attachment":[{"href":"https:\/\/novasdodia.com.br\/index.php\/wp-json\/wp\/v2\/media?parent=23524"}],"wp:term":[{"taxonomy":"category","embeddable":true,"href":"https:\/\/novasdodia.com.br\/index.php\/wp-json\/wp\/v2\/categories?post=23524"},{"taxonomy":"post_tag","embeddable":true,"href":"https:\/\/novasdodia.com.br\/index.php\/wp-json\/wp\/v2\/tags?post=23524"}],"curies":[{"name":"wp","href":"https:\/\/api.w.org\/{rel}","templated":true}]}}