{"id":23632,"date":"2024-06-15T10:53:34","date_gmt":"2024-06-15T13:53:34","guid":{"rendered":"https:\/\/novasdodia.com.br\/index.php\/2024\/06\/15\/com-apoio-do-governo-expotres-apresenta-novas-tecnologias-do-agro-e-leva-entretenimento-ao-publico\/"},"modified":"2024-06-15T10:53:34","modified_gmt":"2024-06-15T13:53:34","slug":"com-apoio-do-governo-expotres-apresenta-novas-tecnologias-do-agro-e-leva-entretenimento-ao-publico","status":"publish","type":"post","link":"https:\/\/novasdodia.com.br\/index.php\/2024\/06\/15\/com-apoio-do-governo-expotres-apresenta-novas-tecnologias-do-agro-e-leva-entretenimento-ao-publico\/","title":{"rendered":"Com apoio do Governo, Expotr\u00eas apresenta novas tecnologias do agro e leva entretenimento ao p\u00fablico"},"content":{"rendered":"<p><\/p>\n<div>\n<p>Tradicional Feira Agropecu\u00e1ria de Tr\u00eas Lagoas, a Expotr\u00eas est\u00e1 na sua 46\u00b0 edi\u00e7\u00e3o, com grandes shows nacionais ao p\u00fablico, al\u00e9m de apresentar leil\u00f5es, palestras e novidades para o agroneg\u00f3cio. O evento come\u00e7ou no dia 12 de junho e segue at\u00e9 domingo (16).<\/p>\n<p>O governador Eduardo Riedel visitou a feira na sexta-feira (14) e destacou a import\u00e2ncia do evento para o agro, com inova\u00e7\u00f5es e equipamentos que v\u00e3o dar mais produtividade ao setor.<\/p>\n<p>&#8220;Uma alegria visitar est\u00e1 exposi\u00e7\u00e3o, sentir o clima positivo deste evento. Podem sempre contar comigo em iniciativas como esta. Parab\u00e9ns pela realiza\u00e7\u00e3o desta bel\u00edssima festa&#8221;, disse o governador.<\/p>\n<p>Riedel ressaltou que o Estado est\u00e1 predestinado a crescer, mas que para isto foi criado um ambiente positivo, com grandes investimentos para abrir novas oportunidades aos produtores rurais. &#8220;Estamos na fase das ind\u00fastrias de processamento de celulose, bioenergia, pecu\u00e1ria e gr\u00e3os. Ainda tem a chegada da produ\u00e7\u00e3o de laranja, que daqui cinco anos vai ter sua ind\u00fastria. Isto mostra a diversidade das cadeias produtivas&#8221;.<\/p>\n<p>Organizado pelo Sindicato Rural de Tr\u00eas Lagoas, o evento conta com o apoio do Governo do Estado. E entre as atra\u00e7\u00f5es nacionais est\u00e3o Luan Santana, as duplas Jorge e Mateus e Zez\u00e9 Di Camargo e Luciano e o cantor Luan Pereira. Ainda vai ter mais uma competi\u00e7\u00e3o do tradicional Rodeio.<\/p>\n<p>O presidente do Sindicato Rural de Tr\u00eas Lagoas, Bruno Ribeiro, destacou que o Governo do Estado abra\u00e7ou e acreditou neste projeto. &#8220;Temos que agradecer ainda a popula\u00e7\u00e3o por comparecer e lotar o evento. Nesta edi\u00e7\u00e3o ainda tem a uni\u00e3o do setor agropecu\u00e1rio e da floresta. Esta uni\u00e3o do agroneg\u00f3cio \u00e9 fundamental&#8221;.<\/p>\n<p>A Expotr\u00eas abre as portas todos os dias a partir das 14h, com espa\u00e7os voltados para pecu\u00e1ria de corte, silvicultura, apicultura, ovinocultura, horticultura e psicultura. Tamb\u00e9m contar\u00e1 com palestras informativas para orienta\u00e7\u00e3o aos produtores rurais.<\/p>\n<p><strong>Agenda<\/strong><\/p>\n<p>O governador tamb\u00e9m aproveitou a oportunidade para participar do Festival de Bandas e Fanfarras, que ocorreu na \u00e1rea central da cidade.<\/p>\n<p>&#8220;N\u00e3o poderia deixar de participar deste Festival, que faz parte do anivers\u00e1rio da cidade. Temos uma parceria com o munic\u00edpio, que tem como resultado obras e investimentos que transformam a vida das pessoas. Vamos continuar contribuindo com este desenvolvimento&#8221;.<\/p>\n<p><em>Leonardo Rocha, Comunica\u00e7\u00e3o do Governo de MS<\/em><\/p>\n<p><em>Fotos: Bruno Rezende<\/em><\/p>\n<\/div>\n","protected":false},"excerpt":{"rendered":"<p>Tradicional Feira Agropecu\u00e1ria de Tr\u00eas Lagoas, a Expotr\u00eas est\u00e1 na sua 46\u00b0 edi\u00e7\u00e3o, com grandes shows nacionais ao p\u00fablico, al\u00e9m de apresentar leil\u00f5es, palestras e novidades para o agroneg\u00f3cio. O evento come\u00e7ou no dia 12 de junho e segue at\u00e9 domingo (16). O governador Eduardo Riedel visitou a feira na sexta-feira (14) e destacou a [&hellip;]<\/p>\n","protected":false},"author":1,"featured_media":0,"comment_status":"","ping_status":"","sticky":false,"template":"","format":"standard","meta":{"footnotes":""},"categories":[],"tags":[],"class_list":["post-23632","post","type-post","status-publish","format-standard","hentry"],"amp_enabled":true,"_links":{"self":[{"href":"https:\/\/novasdodia.com.br\/index.php\/wp-json\/wp\/v2\/posts\/23632","targetHints":{"allow":["GET"]}}],"collection":[{"href":"https:\/\/novasdodia.com.br\/index.php\/wp-json\/wp\/v2\/posts"}],"about":[{"href":"https:\/\/novasdodia.com.br\/index.php\/wp-json\/wp\/v2\/types\/post"}],"author":[{"embeddable":true,"href":"https:\/\/novasdodia.com.br\/index.php\/wp-json\/wp\/v2\/users\/1"}],"replies":[{"embeddable":true,"href":"https:\/\/novasdodia.com.br\/index.php\/wp-json\/wp\/v2\/comments?post=23632"}],"version-history":[{"count":0,"href":"https:\/\/novasdodia.com.br\/index.php\/wp-json\/wp\/v2\/posts\/23632\/revisions"}],"wp:attachment":[{"href":"https:\/\/novasdodia.com.br\/index.php\/wp-json\/wp\/v2\/media?parent=23632"}],"wp:term":[{"taxonomy":"category","embeddable":true,"href":"https:\/\/novasdodia.com.br\/index.php\/wp-json\/wp\/v2\/categories?post=23632"},{"taxonomy":"post_tag","embeddable":true,"href":"https:\/\/novasdodia.com.br\/index.php\/wp-json\/wp\/v2\/tags?post=23632"}],"curies":[{"name":"wp","href":"https:\/\/api.w.org\/{rel}","templated":true}]}}