{"id":23995,"date":"2024-06-22T10:18:13","date_gmt":"2024-06-22T13:18:13","guid":{"rendered":"https:\/\/novasdodia.com.br\/index.php\/2024\/06\/22\/comitiva-do-amapa-vem-a-ms-conhecer-boas-praticas-no-enfrentamento-a-violencia-contra-mulher\/"},"modified":"2024-06-22T10:18:13","modified_gmt":"2024-06-22T13:18:13","slug":"comitiva-do-amapa-vem-a-ms-conhecer-boas-praticas-no-enfrentamento-a-violencia-contra-mulher","status":"publish","type":"post","link":"https:\/\/novasdodia.com.br\/index.php\/2024\/06\/22\/comitiva-do-amapa-vem-a-ms-conhecer-boas-praticas-no-enfrentamento-a-violencia-contra-mulher\/","title":{"rendered":"Comitiva do Amap\u00e1 vem a MS conhecer boas pr\u00e1ticas no enfrentamento \u00e0 viol\u00eancia contra mulher"},"content":{"rendered":"<p><\/p>\n<div>\n<p><span style=\"font-weight: 400;\">Refer\u00eancia em pol\u00edticas p\u00fablicas de preven\u00e7\u00e3o e enfrentamento \u00e0 viol\u00eancia contra a mulher, Mato Grosso do Sul recebe, nesta semana, a comitiva t\u00e9cnica do Amap\u00e1 para apresentar os equipamentos do Governo do Estado voltados a atender mulheres, adolescentes e crian\u00e7as inseridas no contexto de viol\u00eancia dom\u00e9stica.<\/span><\/p>\n<p><span style=\"font-weight: 400;\">Composta por representantes da Secretaria de Justi\u00e7a e Seguran\u00e7a P\u00fablica do Amap\u00e1, a comitiva foi at\u00e9 o Ceamca (Centro Especializado de Atendimento \u00e0 Mulher, \u00e0 Crian\u00e7a e ao Adolescente em Situa\u00e7\u00e3o de Viol\u00eancia), na quarta-feira (19).\u00a0<\/span><\/p>\n<figure id=\"attachment_480533\" aria-describedby=\"caption-attachment-480533\" style=\"width: 1024px\" class=\"wp-caption aligncenter\"><figcaption id=\"caption-attachment-480533\" class=\"wp-caption-text\">Comitiva foi recebida pela secret\u00e1ria de Estado da Cidadania, Viviane Luiza e pelo superintendente de Seguran\u00e7a P\u00fablica, Tiago Macedo dos Santos. (Foto: Matheus Carvalho)<\/figcaption><\/figure>\n<p><span style=\"font-weight: 400;\">Recebida pela secret\u00e1ria de Estado da Cidadania, Viviane Luiza e pelo superintendente de Seguran\u00e7a P\u00fablica da Sejusp (Secretaria de Estado de Justi\u00e7a e Seguran\u00e7a P\u00fablica), Tiago Macedo dos Santos, a equipe observou de perto como funciona desde o atendimento no Ceamca, ao site N\u00e3o se Cale e tamb\u00e9m o papel do Conselho Estadual dos Direitos da Mulher.<\/span><\/p>\n<p><span style=\"font-weight: 400;\">Assessora t\u00e9cnica da \u00e1rea do Fundo Estadual de Seguran\u00e7a P\u00fablica do Amap\u00e1,\u00a0 Sara Faria Souza explica que a gest\u00e3o chegou at\u00e9 MS enquanto implantava o programa de enfrentamento \u00e0 viol\u00eancia no Estado.\u00a0<\/span><\/p>\n<p><span style=\"font-weight: 400;\">\u201cPensamos em buscar exemplos de boas experi\u00eancias para a gente n\u00e3o partir do zero, e aprender com os acertos e tamb\u00e9m com os erros. Quando fizemos uma pesquisa, o Estado que mais apareceu para a gente e se destacou nas boas pr\u00e1ticas foi Mato Grosso do Sul\u201d, conta.<\/span><\/p>\n<figure id=\"attachment_480530\" aria-describedby=\"caption-attachment-480530\" style=\"width: 1024px\" class=\"wp-caption aligncenter\"><figcaption id=\"caption-attachment-480530\" class=\"wp-caption-text\">Assessora t\u00e9cnica do Amap\u00e1, Sara Souza conhecendo a sala que presta atendimento a crian\u00e7as e adolescentes em contexto de viol\u00eancia. (Foto: Paula Maciulevicius)<\/figcaption><\/figure>\n<p><span style=\"font-weight: 400;\">A equipe compartilha que tem aprendido com a rede tanto a n\u00edvel de seguran\u00e7a p\u00fablica como no \u00e2mbito da Cidadania. \u201cFicamos encantadas com o trabalho de voc\u00eas, com a experi\u00eancia da Sala Lil\u00e1s, aqui com o Ceamca, o N\u00e3o se Cale. Vamos levar o que de melhor a gente pode aprender aqui com voc\u00eas, nessa troca de experi\u00eancia \u00e9 legal ter a percep\u00e7\u00e3o de tudo aquilo que a gente conseguiu sentir atrav\u00e9s das nossas pesquisas, de fato, funciona\u201d, completa.\u00a0<\/span><\/p>\n<p><span style=\"font-weight: 400;\">Secret\u00e1ria de Estado da Cidadania, Viviane Luiza, parabenizou a iniciativa do Estado do Amap\u00e1 em percorrer Mato Grosso do Sul, distante cerca de 2,4 mil quil\u00f4metros para conhecer as pol\u00edticas p\u00fablicas que s\u00e3o refer\u00eancia para o Pa\u00eds.<\/span><\/p>\n<p><span style=\"font-weight: 400;\">\u201cNa antropologia se fala que se quiser conhecer a sua cultura, saia dela. S\u00f3 assim a gente vai aprender o que n\u00f3s temos, e voc\u00eas sa\u00edrem do ambiente e entrar em outro, que pode ser convergente ou n\u00e3o, traz sempre \u00e0 reflex\u00e3o\u201d, comentou.<\/span><\/p>\n<p><span style=\"font-weight: 400;\">Na apresenta\u00e7\u00e3o da estrutura das pol\u00edticas p\u00fablicas, Viviane Luiza come\u00e7ou dizendo que MS tem a primeira secretaria de dedica\u00e7\u00e3o exclusiva \u00e0 pauta da Cidadania, onde est\u00e1 a subsecretaria para as Mulheres e equipamentos de enfrentamento \u00e0 viol\u00eancia.<\/span><\/p>\n<p><span style=\"font-weight: 400;\">Para o superintendente de Seguran\u00e7a P\u00fablica, Tiago Macedo dos Santos, receber a delega\u00e7\u00e3o do Amap\u00e1 \u00e9 gratificante.\u00a0<\/span><\/p>\n<p><span style=\"font-weight: 400;\">\u201cAo mesmo tempo em que a equipe busca conhecer as boas pr\u00e1ticas, Mato Grosso do Sul pode compartilhar e trocar experi\u00eancias e fortalecer os la\u00e7os entre ambos estados, permitindo tamb\u00e9m uma integra\u00e7\u00e3o na seguran\u00e7a p\u00fablica regional.\u00a0 A visita t\u00e9cnica revelou que estamos dotados de equipamentos p\u00fablicos eficientes que ressaltam a capacidade e o compromisso que MS tem para com a defesa e prote\u00e7\u00e3o \u00e0 mulher sul-mato-grossense<\/span><span style=\"font-weight: 400;\">\u201d, frisou o superintendente.\u00a0<\/span><\/p>\n<figure id=\"attachment_480525\" aria-describedby=\"caption-attachment-480525\" style=\"width: 1024px\" class=\"wp-caption aligncenter\"><figcaption id=\"caption-attachment-480525\" class=\"wp-caption-text\">Secret\u00e1ria Viviane apresentando a estrutura da Cidadania de MS, com os recortes sociais, e as pol\u00edticas de refer\u00eancia no enfrentamento \u00e0 viol\u00eancia contra a mulher. (Foto: Paula Maciulevicius)<\/figcaption><\/figure>\n<h4><b>N\u00e3o se Cale<\/b><\/h4>\n<p><span style=\"font-weight: 400;\">Refer\u00eancia para o Pa\u00eds, o site N\u00e3o se Cale foi criado pelo Governo do Estado de MS em abril de 2020, quando a pandemia da covid-19 trazia as primeiras implica\u00e7\u00f5es: distanciamento social, isolamento de casos suspeitos, suspens\u00e3o de aulas e teletrabalho.<\/span><\/p>\n<p><span style=\"font-weight: 400;\">Com a presen\u00e7a do agressor, da mulher e dos filhos por mais tempo dentro de casa, o contexto de viol\u00eancia poderia se agravar. E foi pensando na prote\u00e7\u00e3o destas mulheres que o Governo criou a plataforma digital com um nome que j\u00e1 resume tudo: \u201cn\u00e3o se cale\u201d.<\/span><\/p>\n<p><span style=\"font-weight: 400;\">\u201cNaquele momento de lockdown, o Governo do Estado entendeu a necessidade de estar dentro das casas das mulheres, j\u00e1 que as escolas estavam fechando, os com\u00e9rcios, os trabalhos. Ent\u00e3o, se viu a necessidade de estar na prote\u00e7\u00e3o e na garantia de direitos dessas mulheres v\u00edtimas de viol\u00eancia, porque elas estavam ali junto com o seu poss\u00edvel agressor ou agressor\u201d, resume Viviane.<\/span><\/p>\n<p><span style=\"font-weight: 400;\">A ideia foi proporcionar um instrumento virtual para alcan\u00e7ar todas as mulheres em suas casas com informa\u00e7\u00f5es, orienta\u00e7\u00f5es e encaminhamentos. Para que de modo silencioso, de dentro de casa, pelo celular ou computador, nenhuma mulher se sentisse desamparada.\u00a0<\/span><\/p>\n<p><span style=\"font-weight: 400;\">Em constante atualiza\u00e7\u00e3o para oferecer assist\u00eancia humanizada e qualificada a todas as mulheres, hoje o N\u00e3o se Cale est\u00e1 passando por uma reformula\u00e7\u00e3o de layout e identidade, para seguir a reestrutura\u00e7\u00e3o proposta pelo atual governo, de modernizar, agilizar, e tornar mais simples todo o processo.<\/span><\/p>\n<h4><b>Ceamca\u00a0<\/b><\/h4>\n<figure id=\"attachment_480531\" aria-describedby=\"caption-attachment-480531\" style=\"width: 1024px\" class=\"wp-caption aligncenter\"><figcaption id=\"caption-attachment-480531\" class=\"wp-caption-text\">Equipe do Amap\u00e1 durante visita \u00e0s salas de atendimento do Ceamca. (Foto: Paula Maciulevicius)<\/figcaption><\/figure>\n<p><span style=\"font-weight: 400;\">Criado em 1999, o Ceamca passou por reestrutura\u00e7\u00f5es at\u00e9 chegar ao que oferece hoje: atendimento psicossocial \u00e0s mulheres que sofreram viol\u00eancia, incluindo psicoterapia, em local adequado para acolhimento, equipe capacitada e sensibilizada sobre a quest\u00e3o da viol\u00eancia de g\u00eanero, e agora ampliando para crian\u00e7as e adolescentes &#8211; filhos destas v\u00edtimas.\u00a0<\/span><\/p>\n<p><span style=\"font-weight: 400;\">Importante equipamento do Governo do Estado na preven\u00e7\u00e3o \u00e0 viol\u00eancia e na prote\u00e7\u00e3o \u00e0s mulheres cujos direitos foram violados. Para serem atendidas, as mulheres n\u00e3o precisam ter registrado boletim de ocorr\u00eancia. Tamb\u00e9m n\u00e3o h\u00e1 um recorte de renda, sendo aberto para todas.\u00a0<\/span><\/p>\n<p><span style=\"font-weight: 400;\">Coordenadora do Ceamca, Cristiane Duarte ressaltou a hist\u00f3ria que vem sendo constru\u00edda pelo Centro na vida das mulheres de Mato Grosso do Sul.\u00a0<\/span><\/p>\n<p><span style=\"font-weight: 400;\">\u201cTrabalhamos em 20 mulheres aqui neste lugar, pensando diariamente como a gente pode proporcionar mais dignidade, mais acolhimento a essas mulheres que chegam aqui com tantas dores, na alma, no corpo, com marcas em todos os lugares da vida delas, e aqui estamos para acolher, dizer que elas n\u00e3o est\u00e3o sozinhas, que com nossa equipe t\u00e9cnica multidisciplinar aqui, vamos conseguir juntas dizer que mesmo ap\u00f3s uma situa\u00e7\u00e3o t\u00e3o traum\u00e1tica, uma situa\u00e7\u00e3o de viol\u00eancia, h\u00e1 possibilidade de vida\u201d, descreve.\u00a0<\/span><\/p>\n<h4><b>Conselho Estadual dos Direitos da Mulher\u00a0<\/b><\/h4>\n<p><span style=\"font-weight: 400;\">Institu\u00eddo em janeiro de 1979, apenas 1 ano e tr\u00eas meses depois da cria\u00e7\u00e3o de MS, o Conselho \u00e9 vinculado \u00e0 Secretaria de Estado da Cidadania, e funciona como um \u00f3rg\u00e3o colegiado de delibera\u00e7\u00e3o coletiva, composto pelo Governo e a sociedade civil organizada, que tem a finalidade de propor e fiscalizar as pol\u00edticas para as mulheres em \u00e2mbito estadual.<\/span><\/p>\n<p><span style=\"font-weight: 400;\">Cabe ao Conselho colaborar e contribuir para a efetiva\u00e7\u00e3o de a\u00e7\u00f5es do Governo do Estado, fazendo a interlocu\u00e7\u00e3o com os movimentos sociais.<\/span><\/p>\n<p><span style=\"font-weight: 400;\">Subsecret\u00e1ria de Pol\u00edticas P\u00fablicas para Mulheres, Manuela Nicodemos Bailosa pontuou as a\u00e7\u00f5es que a pasta vem desenvolvendo, sobretudo nos territ\u00f3rios.<\/span><\/p>\n<figure id=\"attachment_480529\" aria-describedby=\"caption-attachment-480529\" style=\"width: 1024px\" class=\"wp-caption aligncenter\"><figcaption id=\"caption-attachment-480529\" class=\"wp-caption-text\">Subsecret\u00e1ria Manuela Nicodemos ao lado da tenente Valdenice, comandante da Patrulha Maria da Penha do Amap\u00e1. (Foto: Paula Maciulevicius)<\/figcaption><\/figure>\n<p><span style=\"font-weight: 400;\">\u201cEstamos indo at\u00e9 os grupos de mulheres mais distantes, aquelas que t\u00eam mais dificuldade de acessar as pol\u00edticas p\u00fablicas, como ind\u00edgenas, ribeirinhas. A gente vai para o territ\u00f3rio, faz a escuta, e atualiza a nossa pol\u00edtica. Esta \u00e9 uma estrat\u00e9gia para ter capilaridade, para impactar e garantir a cidadania de todas as mulheres sul-mato-grossenses\u201d.\u00a0<\/span><\/p>\n<p><span style=\"font-weight: 400;\">Manuela tamb\u00e9m descreveu os principais eixos trabalhados como a preven\u00e7\u00e3o e o enfrentamento \u00e0 viol\u00eancia, e que as a\u00e7\u00f5es envolvem a intersetorialidade por meio de parcerias com outras \u00e1reas, principalmente da seguran\u00e7a p\u00fablica, e o fortalecimento da rede de atendimento nos munic\u00edpios.\u00a0<\/span><\/p>\n<h4><b>Experi\u00eancias<\/b><\/h4>\n<p><span style=\"font-weight: 400;\">Para a coordenadora da patrulha da Maria da Penha no Estado do Amap\u00e1, tenente Valdenice Nogueira dos Santos, o que vai na mala de volta para o Norte do Pa\u00eds s\u00e3o as experi\u00eancias exitosas de Mato Grosso do Sul.\u00a0<\/span><\/p>\n<p><span style=\"font-weight: 400;\">\u201cQueremos trabalhar em cima dos acertos do Estado de MS, dos trabalhos j\u00e1 executados e com bons resultados aqui para que a gente possa consiga, realmente, proteger e fortalecer essa mulher atrav\u00e9s do empoderamento do conhecimento, da capacita\u00e7\u00e3o. Para que ela quebre o ciclo da viol\u00eancia, e o Amap\u00e1 consiga reduzir os \u00edndices de viol\u00eancia que ocorrem em nosso Estado\u201d.<\/span><\/p>\n<p><em>Paula Maciulevicius, da Comunica\u00e7\u00e3o da Cidadania.<\/em><\/p>\n<\/div>\n","protected":false},"excerpt":{"rendered":"<p>Refer\u00eancia em pol\u00edticas p\u00fablicas de preven\u00e7\u00e3o e enfrentamento \u00e0 viol\u00eancia contra a mulher, Mato Grosso do Sul recebe, nesta semana, a comitiva t\u00e9cnica do Amap\u00e1 para apresentar os equipamentos do Governo do Estado voltados a atender mulheres, adolescentes e crian\u00e7as inseridas no contexto de viol\u00eancia dom\u00e9stica. Composta por representantes da Secretaria de Justi\u00e7a e Seguran\u00e7a [&hellip;]<\/p>\n","protected":false},"author":1,"featured_media":0,"comment_status":"","ping_status":"","sticky":false,"template":"","format":"standard","meta":{"footnotes":""},"categories":[1],"tags":[],"class_list":["post-23995","post","type-post","status-publish","format-standard","hentry","category-noticias"],"amp_enabled":true,"_links":{"self":[{"href":"https:\/\/novasdodia.com.br\/index.php\/wp-json\/wp\/v2\/posts\/23995","targetHints":{"allow":["GET"]}}],"collection":[{"href":"https:\/\/novasdodia.com.br\/index.php\/wp-json\/wp\/v2\/posts"}],"about":[{"href":"https:\/\/novasdodia.com.br\/index.php\/wp-json\/wp\/v2\/types\/post"}],"author":[{"embeddable":true,"href":"https:\/\/novasdodia.com.br\/index.php\/wp-json\/wp\/v2\/users\/1"}],"replies":[{"embeddable":true,"href":"https:\/\/novasdodia.com.br\/index.php\/wp-json\/wp\/v2\/comments?post=23995"}],"version-history":[{"count":0,"href":"https:\/\/novasdodia.com.br\/index.php\/wp-json\/wp\/v2\/posts\/23995\/revisions"}],"wp:attachment":[{"href":"https:\/\/novasdodia.com.br\/index.php\/wp-json\/wp\/v2\/media?parent=23995"}],"wp:term":[{"taxonomy":"category","embeddable":true,"href":"https:\/\/novasdodia.com.br\/index.php\/wp-json\/wp\/v2\/categories?post=23995"},{"taxonomy":"post_tag","embeddable":true,"href":"https:\/\/novasdodia.com.br\/index.php\/wp-json\/wp\/v2\/tags?post=23995"}],"curies":[{"name":"wp","href":"https:\/\/api.w.org\/{rel}","templated":true}]}}