{"id":24103,"date":"2024-06-24T15:17:37","date_gmt":"2024-06-24T18:17:37","guid":{"rendered":"https:\/\/novasdodia.com.br\/index.php\/2024\/06\/24\/estrategias-diplomaticas-e-agendas-economicas-pautaram-discussoes-do-5o-forum-do-corredor-bioceanico-cgnoticias\/"},"modified":"2024-06-24T15:17:37","modified_gmt":"2024-06-24T18:17:37","slug":"estrategias-diplomaticas-e-agendas-economicas-pautaram-discussoes-do-5o-forum-do-corredor-bioceanico-cgnoticias","status":"publish","type":"post","link":"https:\/\/novasdodia.com.br\/index.php\/2024\/06\/24\/estrategias-diplomaticas-e-agendas-economicas-pautaram-discussoes-do-5o-forum-do-corredor-bioceanico-cgnoticias\/","title":{"rendered":"Estrat\u00e9gias diplom\u00e1ticas e agendas econ\u00f4micas pautaram discuss\u00f5es do 5\u00ba F\u00f3rum do Corredor Bioce\u00e2nico \u2013 CGNot\u00edcias"},"content":{"rendered":"<p><\/p>\n<div>\n<p style=\"font-weight: 400\">Campo Grande participou na \u00faltima semana do 5\u00ba F\u00f3rum de Entes Subnacionais do Corredor Bioce\u00e2nico de Capric\u00f3rnio. O evento aconteceu entre os dias 19, 20 e 21, em Loma Plata, no Paraguai. Estrat\u00e9gias diplom\u00e1ticas subnacionais e agendas comerciais e econ\u00f4micas para a Rota Bioce\u00e2nica foram as principais pautas discutidas, trazendo temas como log\u00edstica, turismo, desenvolvimento sustent\u00e1vel, al\u00e9m de outros assuntos em torno do futuro produtivo de toda a regi\u00e3o que comp\u00f5em a Rota.<\/p>\n<p style=\"font-weight: 400\">A equipe da Secretaria Municipal de Inova\u00e7\u00e3o, Desenvolvimento Econ\u00f4mico e Agroneg\u00f3cio (Sidagro) representou a PrefCG com a miss\u00e3o de potencializar o desenvolvimento econ\u00f4mico local, beneficiando diretamente a popula\u00e7\u00e3o e promovendo a colabora\u00e7\u00e3o entre os setores p\u00fablico e privado.<\/p>\n<\/p>\n<p style=\"font-weight: 400\">O secret\u00e1rio da Sidagro, Ademar Silva J\u00fanior, frisou a import\u00e2ncia da participa\u00e7\u00e3o da Capital nas discuss\u00f5es. \u201cCampo Grande continuar\u00e1 presidindo o Comit\u00ea Gestor dos Munic\u00edpios, uma inst\u00e2ncia de governan\u00e7a que lida com as quest\u00f5es locais relacionadas ao Corredor Bioce\u00e2nico. O compromisso assumido pela Prefeitura \u00e9 de apoiar o 6\u00ba F\u00f3rum que ser\u00e1 em Mato Grosso do Sul e a comiss\u00e3o de munic\u00edpios definir\u00e1 uma agenda com objetivos claros para superar os desafios e aproveitar as oportunidades para construir um futuro mais pr\u00f3spero e integrado para cada regi\u00e3o participante\u201d.<\/p>\n<p style=\"font-weight: 400\">Os anfitri\u00f5es do evento, os governos do Chaco, departamentos de Boquer\u00f3n e Alto Paraguay, em conjunto das cooperativas menonitas, promoveram uma integra\u00e7\u00e3o mais estreita entre os pa\u00edses envolvidos e ofereceu novas oportunidades para o desenvolvimento econ\u00f4mico e social. Bol\u00edvia e Peru enviaram representantes dos governos locais com a finalidade de conhecer melhor a din\u00e2mica do projeto e servir de rota alternativa, integrando-se ao Corredor Bioce\u00e2nico.<\/p>\n<p style=\"font-weight: 400\">\n<p style=\"font-weight: 400\">Para o Gerente de Fomento ao Com\u00e9rcio Exterior, Paulo C\u00e9sar Fialho, o evento promoveu a colabora\u00e7\u00e3o e o desenvolvimento entre regi\u00f5es: \u201cTivemos a oportunidade de compartilhar ideias, participar de rodadas de neg\u00f3cios e reuni\u00f5es para discutir as potencialidades locais e os desafios da implanta\u00e7\u00e3o do Corredor. Compartilhamos o compromisso de um futuro de desenvolvimento sustent\u00e1vel e coopera\u00e7\u00e3o internacional com os demais atores da regi\u00e3o\u201d.<\/p>\n<p style=\"font-weight: 400\">Mais de 750 inscritos participaram do encontro, incluindo autoridades internacionais e empres\u00e1rios dos pa\u00edses que comp\u00f5em a Rota. Estiveram presentes na comiss\u00e3o de munic\u00edpios, al\u00e9m de Campo Grande, cidades como Porto Murtinho (MS), Filad\u00e9lfia (Paraguai), Iquique, Antofagasta e Tocopilla (Chile), entre outras localidades dos pa\u00edses pertencentes ao Corredor,\u00a0buscando solu\u00e7\u00f5es integradas para\u00a0log\u00edstica, turismo e com\u00e9rcio. Al\u00e9m de discutir e acompanhar\u00a0os desafios enfrentados ao longo da Rota, como quest\u00f5es aduaneiras e de infraestrutura \u2013\u00a0constru\u00e7\u00e3o da ponte sobre o rio Paraguai e pavimenta\u00e7\u00e3o de rodovias na regi\u00e3o do Chaco paraguaio, al\u00e9m do acesso \u00e0 energia el\u00e9trica, saneamento b\u00e1sico e dos sinais de telefonia e internet. Tamb\u00e9m integraram a mesa de trabalhos autoridades de munic\u00edpios bolivianos.<\/p>\n<\/div>\n<p><script async defer async defer src=\"https:\/\/connect.facebook.net\/en_US\/sdk.js?ver=1#xfbml=1&amp;version=v3.2\" id=\"prefeitura-campogrande-script-facebook-sdk-js\"><\/script><\/p>\n","protected":false},"excerpt":{"rendered":"<p>Campo Grande participou na \u00faltima semana do 5\u00ba F\u00f3rum de Entes Subnacionais do Corredor Bioce\u00e2nico de Capric\u00f3rnio. O evento aconteceu entre os dias 19, 20 e 21, em Loma Plata, no Paraguai. Estrat\u00e9gias diplom\u00e1ticas subnacionais e agendas comerciais e econ\u00f4micas para a Rota Bioce\u00e2nica foram as principais pautas discutidas, trazendo temas como log\u00edstica, turismo, desenvolvimento [&hellip;]<\/p>\n","protected":false},"author":1,"featured_media":0,"comment_status":"","ping_status":"","sticky":false,"template":"","format":"standard","meta":{"footnotes":""},"categories":[],"tags":[],"class_list":["post-24103","post","type-post","status-publish","format-standard","hentry"],"amp_enabled":true,"_links":{"self":[{"href":"https:\/\/novasdodia.com.br\/index.php\/wp-json\/wp\/v2\/posts\/24103","targetHints":{"allow":["GET"]}}],"collection":[{"href":"https:\/\/novasdodia.com.br\/index.php\/wp-json\/wp\/v2\/posts"}],"about":[{"href":"https:\/\/novasdodia.com.br\/index.php\/wp-json\/wp\/v2\/types\/post"}],"author":[{"embeddable":true,"href":"https:\/\/novasdodia.com.br\/index.php\/wp-json\/wp\/v2\/users\/1"}],"replies":[{"embeddable":true,"href":"https:\/\/novasdodia.com.br\/index.php\/wp-json\/wp\/v2\/comments?post=24103"}],"version-history":[{"count":0,"href":"https:\/\/novasdodia.com.br\/index.php\/wp-json\/wp\/v2\/posts\/24103\/revisions"}],"wp:attachment":[{"href":"https:\/\/novasdodia.com.br\/index.php\/wp-json\/wp\/v2\/media?parent=24103"}],"wp:term":[{"taxonomy":"category","embeddable":true,"href":"https:\/\/novasdodia.com.br\/index.php\/wp-json\/wp\/v2\/categories?post=24103"},{"taxonomy":"post_tag","embeddable":true,"href":"https:\/\/novasdodia.com.br\/index.php\/wp-json\/wp\/v2\/tags?post=24103"}],"curies":[{"name":"wp","href":"https:\/\/api.w.org\/{rel}","templated":true}]}}