{"id":24148,"date":"2024-06-25T09:30:53","date_gmt":"2024-06-25T12:30:53","guid":{"rendered":"https:\/\/novasdodia.com.br\/index.php\/2024\/06\/25\/iv-encontro-estadual-sobre-prevencao-e-erradicacao-do-trabalho-infantil-em-ms-acontece-na-quarta-feira\/"},"modified":"2024-06-25T09:30:53","modified_gmt":"2024-06-25T12:30:53","slug":"iv-encontro-estadual-sobre-prevencao-e-erradicacao-do-trabalho-infantil-em-ms-acontece-na-quarta-feira","status":"publish","type":"post","link":"https:\/\/novasdodia.com.br\/index.php\/2024\/06\/25\/iv-encontro-estadual-sobre-prevencao-e-erradicacao-do-trabalho-infantil-em-ms-acontece-na-quarta-feira\/","title":{"rendered":"IV Encontro Estadual sobre preven\u00e7\u00e3o e erradica\u00e7\u00e3o do trabalho infantil em MS acontece na quarta-feira"},"content":{"rendered":"<p><\/p>\n<div>\n<p>O IV Encontro Estadual Sobre Preven\u00e7\u00e3o e Erradica\u00e7\u00e3o do Trabalho Infantil em Mato Grosso do Sul (MS) &#8211; Desafios e Possibilidades tem como objetivo fortalecer o PETI (Programa de Erradica\u00e7\u00e3o do Trabalho Infantil), enfatizando a preven\u00e7\u00e3o e erradica\u00e7\u00e3o do trabalho precoce, em conson\u00e2ncia com as normativas do SUAS (Sistema \u00danico de Assist\u00eancia Social). Organizado pela Sead (Secretaria de Estado de Assist\u00eancia Social e dos Direitos Humanos) , o encontro acontece na quarta-feira (26), a partir das 8h, no audit\u00f3rio do Sebrae na Capital.<\/p>\n<p>Conforme a Secretaria Executiva de Assist\u00eancia Social da Sead, o evento<strong>\u00a0<\/strong>reunir\u00e1 gestores e t\u00e9cnicos das AEPETI (A\u00e7\u00f5es Estrat\u00e9gicas do Programa de Erradica\u00e7\u00e3o do Trabalho Infantil), parceiros comprometidos com a preven\u00e7\u00e3o e erradica\u00e7\u00e3o do trabalho infantil, gestores das secretarias de Assist\u00eancia Social, t\u00e9cnicos de refer\u00eancia do PETI, coordenadores e t\u00e9cnicos dos Centros de Refer\u00eancia em Assist\u00eancia Social (CRAS), al\u00e9m de representantes de outros servi\u00e7os, projetos e programas socioassistenciais.<\/p>\n<p>Tamb\u00e9m participar\u00e3o representantes do protagonismo infanto-juvenil.<\/p>\n<p>A dissemina\u00e7\u00e3o de informa\u00e7\u00f5es, promovendo a troca de experi\u00eancias entre t\u00e9cnicos e gestores dos 79 munic\u00edpios de MS, com \u00eanfase especial naqueles que apresentam alta incid\u00eancia de trabalho infantil, tamb\u00e9m \u00e9 pauta do encontro, buscando fortalecer e sensibilizar as pol\u00edticas setoriais e os \u00f3rg\u00e3os de responsabiliza\u00e7\u00e3o para a\u00e7\u00f5es em rede quanto \u00e0 preven\u00e7\u00e3o e erradica\u00e7\u00e3o do trabalho infantil.<\/p>\n<p>Na sua quarta edi\u00e7\u00e3o, o encontro refor\u00e7a o chamamento da OIT (Organiza\u00e7\u00e3o Internacional do Trabalho), que desde 2002 convoca a sociedade, os trabalhadores, os empregadores e os governos do mundo todo a se mobilizarem contra o trabalho infantil.<\/p>\n<p>Anualmente, para marcar a data, \u00e9 proposto um tema sobre uma das formas de trabalho infantil e realiza-se uma campanha de sensibiliza\u00e7\u00e3o e mobiliza\u00e7\u00e3o da popula\u00e7\u00e3o em geral.<\/p>\n<p>Conforme a OIT, o trabalho infantil \u00e9 ilegal e priva crian\u00e7as e adolescentes de uma inf\u00e2ncia normal, impedindo-as n\u00e3o s\u00f3 de frequentar a escola e estudar normalmente, mas tamb\u00e9m de desenvolver de maneira saud\u00e1vel todas as suas capacidades e habilidades, sendo, antes de tudo, uma grave viola\u00e7\u00e3o dos direitos humanos e dos direitos e princ\u00edpios fundamentais no trabalho.<\/p>\n<p><strong>Servi\u00e7o<\/strong><\/p>\n<ul>\n<li>Evento: IV Encontro Estadual sobre o Trabalho Infantil<\/li>\n<li>Data: 26 de junho, a partir das 8h<\/li>\n<li>Local: Audit\u00f3rio do Sebrae, centro de Campo Grande<\/li>\n<\/ul>\n<p><em>Leomar Alves Rosa, Comunica\u00e7\u00e3o Sead<\/em><\/p>\n<\/div>\n","protected":false},"excerpt":{"rendered":"<p>O IV Encontro Estadual Sobre Preven\u00e7\u00e3o e Erradica\u00e7\u00e3o do Trabalho Infantil em Mato Grosso do Sul (MS) &#8211; Desafios e Possibilidades tem como objetivo fortalecer o PETI (Programa de Erradica\u00e7\u00e3o do Trabalho Infantil), enfatizando a preven\u00e7\u00e3o e erradica\u00e7\u00e3o do trabalho precoce, em conson\u00e2ncia com as normativas do SUAS (Sistema \u00danico de Assist\u00eancia Social). Organizado pela [&hellip;]<\/p>\n","protected":false},"author":1,"featured_media":0,"comment_status":"","ping_status":"","sticky":false,"template":"","format":"standard","meta":{"footnotes":""},"categories":[],"tags":[],"class_list":["post-24148","post","type-post","status-publish","format-standard","hentry"],"amp_enabled":true,"_links":{"self":[{"href":"https:\/\/novasdodia.com.br\/index.php\/wp-json\/wp\/v2\/posts\/24148","targetHints":{"allow":["GET"]}}],"collection":[{"href":"https:\/\/novasdodia.com.br\/index.php\/wp-json\/wp\/v2\/posts"}],"about":[{"href":"https:\/\/novasdodia.com.br\/index.php\/wp-json\/wp\/v2\/types\/post"}],"author":[{"embeddable":true,"href":"https:\/\/novasdodia.com.br\/index.php\/wp-json\/wp\/v2\/users\/1"}],"replies":[{"embeddable":true,"href":"https:\/\/novasdodia.com.br\/index.php\/wp-json\/wp\/v2\/comments?post=24148"}],"version-history":[{"count":0,"href":"https:\/\/novasdodia.com.br\/index.php\/wp-json\/wp\/v2\/posts\/24148\/revisions"}],"wp:attachment":[{"href":"https:\/\/novasdodia.com.br\/index.php\/wp-json\/wp\/v2\/media?parent=24148"}],"wp:term":[{"taxonomy":"category","embeddable":true,"href":"https:\/\/novasdodia.com.br\/index.php\/wp-json\/wp\/v2\/categories?post=24148"},{"taxonomy":"post_tag","embeddable":true,"href":"https:\/\/novasdodia.com.br\/index.php\/wp-json\/wp\/v2\/tags?post=24148"}],"curies":[{"name":"wp","href":"https:\/\/api.w.org\/{rel}","templated":true}]}}