{"id":24162,"date":"2024-06-25T16:28:41","date_gmt":"2024-06-25T19:28:41","guid":{"rendered":"https:\/\/novasdodia.com.br\/index.php\/2024\/06\/25\/workshop-de-avaliacao-final-do-programa-reviva-campo-grande-destaca-avancos-na-requalificacao-urbana-e-impactos-para-a-comunidade-cgnoticias\/"},"modified":"2024-06-25T16:28:41","modified_gmt":"2024-06-25T19:28:41","slug":"workshop-de-avaliacao-final-do-programa-reviva-campo-grande-destaca-avancos-na-requalificacao-urbana-e-impactos-para-a-comunidade-cgnoticias","status":"publish","type":"post","link":"https:\/\/novasdodia.com.br\/index.php\/2024\/06\/25\/workshop-de-avaliacao-final-do-programa-reviva-campo-grande-destaca-avancos-na-requalificacao-urbana-e-impactos-para-a-comunidade-cgnoticias\/","title":{"rendered":"Workshop de avalia\u00e7\u00e3o final do Programa Reviva Campo Grande destaca avan\u00e7os na requalifica\u00e7\u00e3o urbana e impactos para a comunidade \u2013 CGNot\u00edcias"},"content":{"rendered":"<p><\/p>\n<div>\n<p>Acontece nesta quarta-feira, 26 de junho, o Workshop de avalia\u00e7\u00e3o final do Programa Reviva Campo Grande. O evento, realizado pelo Banco Interamericano de Desenvolvimento (BID), em colabora\u00e7\u00e3o com a Prefeitura de Campo Grande, atrav\u00e9s da Subsecretaria de Gest\u00e3o e Projetos Estrat\u00e9gicos (Sugepe), come\u00e7a a partir das 7h30, no audit\u00f3rio do Bloco M da Universidade Cat\u00f3lica Dom Bosco (UCDB).<\/p>\n<p>O Programa Reviva Campo Grande, iniciativa que requalificou a regi\u00e3o central da cidade, tem sido um marco significativo para o desenvolvimento urbano da Capital de Mato Grosso do Sul.<\/p>\n<p>Durante o workshop, ser\u00e3o apresentados os resultados recentes alcan\u00e7ados pela iniciativa, incluindo os impactos na infraestrutura urbana e a percep\u00e7\u00e3o da comunidade local sobre as transforma\u00e7\u00f5es ocorridas. Al\u00e9m disso, ser\u00e3o discutidas as li\u00e7\u00f5es aprendidas ao longo do processo, recomenda\u00e7\u00f5es para futuras pol\u00edticas p\u00fablicas e a avalia\u00e7\u00e3o externa do programa.<\/p>\n<p>O evento \u00e9 aberto e autoridades municipais, representantes do BID, acad\u00eamicos, especialistas em urbanismo, empres\u00e1rios locais e membros da comunidade interessados est\u00e3o convidados a participar e contribuir com ideias para a continuidade do desenvolvimento sustent\u00e1vel da cidade.<\/p>\n<\/div>\n<p><script async defer async defer src=\"https:\/\/connect.facebook.net\/en_US\/sdk.js?ver=1#xfbml=1&amp;version=v3.2\" id=\"prefeitura-campogrande-script-facebook-sdk-js\"><\/script><\/p>\n","protected":false},"excerpt":{"rendered":"<p>Acontece nesta quarta-feira, 26 de junho, o Workshop de avalia\u00e7\u00e3o final do Programa Reviva Campo Grande. O evento, realizado pelo Banco Interamericano de Desenvolvimento (BID), em colabora\u00e7\u00e3o com a Prefeitura de Campo Grande, atrav\u00e9s da Subsecretaria de Gest\u00e3o e Projetos Estrat\u00e9gicos (Sugepe), come\u00e7a a partir das 7h30, no audit\u00f3rio do Bloco M da Universidade Cat\u00f3lica [&hellip;]<\/p>\n","protected":false},"author":1,"featured_media":0,"comment_status":"","ping_status":"","sticky":false,"template":"","format":"standard","meta":{"footnotes":""},"categories":[],"tags":[],"class_list":["post-24162","post","type-post","status-publish","format-standard","hentry"],"amp_enabled":true,"_links":{"self":[{"href":"https:\/\/novasdodia.com.br\/index.php\/wp-json\/wp\/v2\/posts\/24162","targetHints":{"allow":["GET"]}}],"collection":[{"href":"https:\/\/novasdodia.com.br\/index.php\/wp-json\/wp\/v2\/posts"}],"about":[{"href":"https:\/\/novasdodia.com.br\/index.php\/wp-json\/wp\/v2\/types\/post"}],"author":[{"embeddable":true,"href":"https:\/\/novasdodia.com.br\/index.php\/wp-json\/wp\/v2\/users\/1"}],"replies":[{"embeddable":true,"href":"https:\/\/novasdodia.com.br\/index.php\/wp-json\/wp\/v2\/comments?post=24162"}],"version-history":[{"count":0,"href":"https:\/\/novasdodia.com.br\/index.php\/wp-json\/wp\/v2\/posts\/24162\/revisions"}],"wp:attachment":[{"href":"https:\/\/novasdodia.com.br\/index.php\/wp-json\/wp\/v2\/media?parent=24162"}],"wp:term":[{"taxonomy":"category","embeddable":true,"href":"https:\/\/novasdodia.com.br\/index.php\/wp-json\/wp\/v2\/categories?post=24162"},{"taxonomy":"post_tag","embeddable":true,"href":"https:\/\/novasdodia.com.br\/index.php\/wp-json\/wp\/v2\/tags?post=24162"}],"curies":[{"name":"wp","href":"https:\/\/api.w.org\/{rel}","templated":true}]}}